{"id":9960,"date":"2022-03-03T15:43:39","date_gmt":"2022-03-03T14:43:39","guid":{"rendered":"http:\/\/www.ars-pohlheim.net\/?p=9960"},"modified":"2025-02-05T19:14:33","modified_gmt":"2025-02-05T18:14:33","slug":"ars-ski-team-on-tour","status":"publish","type":"post","link":"https:\/\/www.ars-pohlheim.net\/?p=9960","title":{"rendered":"ARS Ski-Team on tour"},"content":{"rendered":"\n<p>Nach einer coronabedingten Pause im letzten Jahr konnten wir unsere traditionelle Wintersportwoche in 2022 nicht wieder nur anbieten, sondern auch wirklich durchf\u00fchren. Nach einigen Wochen der Ungewissheit und des Bangens stand Ende Januar schlie\u00dflich fest, dass wir unsere Exkursion des Fachbereichs Sport unter 2-G Bedingungen antreten k\u00f6nnen. Umso gr\u00f6\u00dfer war die Vorfreude, als wir am fr\u00fchen Morgen des 30.01. mit 35 Sch\u00fclerinnen und Sch\u00fclern der Jahrg\u00e4nge 7\u201310 sowie insgesamt 6 Skilehrerinnen und -lehrer sowie Begleitpersonen in Richtung Achental aufbrachen. <\/p>\n\n\n\n<script type=\"text\/javascript\">jQuery(function() { _initLayerSlider( '#layerslider_23_1ncjpxazlqcms', {createdWith: '6.11.8', sliderVersion: '6.11.8', pauseOnHover: 'enabled', skin: 'v6', navPrevNext: false, navStartStop: false, navButtons: false, showCircleTimer: false, useSrcset: true, skinsPath: 'https:\/\/www.ars-pohlheim.net\/wp-content\/plugins\/LayerSlider\/assets\/static\/layerslider\/skins\/'}); });<\/script><div id=\"layerslider_23_1ncjpxazlqcms\" class=\"ls-wp-container fitvidsignore\" style=\"width:1280px;height:720px;margin:0 auto;margin-bottom: 0px;\"><div class=\"ls-slide\" data-ls=\"duration:7000;kenburnszoom:in;kenburnsscale:1.4;\"><img width=\"1605\" height=\"1204\" src=\"https:\/\/www.ars-pohlheim.net\/wp-content\/uploads\/2022\/03\/Copy-of-Copy-of-Copy-of-Copy-of-PNG-Bild.png\" class=\"ls-bg\" alt=\"\" srcset=\"https:\/\/www.ars-pohlheim.net\/wp-content\/uploads\/2022\/03\/Copy-of-Copy-of-Copy-of-Copy-of-PNG-Bild.png 1605w, https:\/\/www.ars-pohlheim.net\/wp-content\/uploads\/2022\/03\/Copy-of-Copy-of-Copy-of-Copy-of-PNG-Bild-300x225.png 300w, https:\/\/www.ars-pohlheim.net\/wp-content\/uploads\/2022\/03\/Copy-of-Copy-of-Copy-of-Copy-of-PNG-Bild-1024x768.png 1024w, https:\/\/www.ars-pohlheim.net\/wp-content\/uploads\/2022\/03\/Copy-of-Copy-of-Copy-of-Copy-of-PNG-Bild-768x576.png 768w, https:\/\/www.ars-pohlheim.net\/wp-content\/uploads\/2022\/03\/Copy-of-Copy-of-Copy-of-Copy-of-PNG-Bild-1536x1152.png 1536w\" sizes=\"(max-width: 1605px) 100vw, 1605px\" \/><\/div><div class=\"ls-slide\" data-ls=\"duration:7000;kenburnszoom:out;kenburnsscale:1.2;\"><img width=\"1753\" height=\"1308\" src=\"https:\/\/www.ars-pohlheim.net\/wp-content\/uploads\/2022\/03\/PNG-Bild.png\" class=\"ls-bg\" alt=\"\" srcset=\"https:\/\/www.ars-pohlheim.net\/wp-content\/uploads\/2022\/03\/PNG-Bild.png 1753w, https:\/\/www.ars-pohlheim.net\/wp-content\/uploads\/2022\/03\/PNG-Bild-300x224.png 300w, https:\/\/www.ars-pohlheim.net\/wp-content\/uploads\/2022\/03\/PNG-Bild-1024x764.png 1024w, https:\/\/www.ars-pohlheim.net\/wp-content\/uploads\/2022\/03\/PNG-Bild-768x573.png 768w, https:\/\/www.ars-pohlheim.net\/wp-content\/uploads\/2022\/03\/PNG-Bild-1536x1146.png 1536w\" sizes=\"(max-width: 1753px) 100vw, 1753px\" \/><\/div><div class=\"ls-slide\" data-ls=\"duration:7000;kenburnszoom:in;kenburnsscale:0.8;\"><img width=\"972\" height=\"1322\" src=\"https:\/\/www.ars-pohlheim.net\/wp-content\/uploads\/2022\/03\/Copy-of-PNG-Bild-3.png\" class=\"ls-bg\" alt=\"\" srcset=\"https:\/\/www.ars-pohlheim.net\/wp-content\/uploads\/2022\/03\/Copy-of-PNG-Bild-3.png 972w, https:\/\/www.ars-pohlheim.net\/wp-content\/uploads\/2022\/03\/Copy-of-PNG-Bild-3-221x300.png 221w, https:\/\/www.ars-pohlheim.net\/wp-content\/uploads\/2022\/03\/Copy-of-PNG-Bild-3-753x1024.png 753w, https:\/\/www.ars-pohlheim.net\/wp-content\/uploads\/2022\/03\/Copy-of-PNG-Bild-3-768x1045.png 768w\" sizes=\"(max-width: 972px) 100vw, 972px\" \/><\/div><div class=\"ls-slide\" data-ls=\"duration:7000;kenburnszoom:out;kenburnsscale:1.2;\"><img width=\"1756\" height=\"1322\" src=\"https:\/\/www.ars-pohlheim.net\/wp-content\/uploads\/2022\/03\/Copy-of-Copy-of-Copy-of-PNG-Bild.png\" class=\"ls-bg\" alt=\"\" srcset=\"https:\/\/www.ars-pohlheim.net\/wp-content\/uploads\/2022\/03\/Copy-of-Copy-of-Copy-of-PNG-Bild.png 1756w, https:\/\/www.ars-pohlheim.net\/wp-content\/uploads\/2022\/03\/Copy-of-Copy-of-Copy-of-PNG-Bild-300x226.png 300w, https:\/\/www.ars-pohlheim.net\/wp-content\/uploads\/2022\/03\/Copy-of-Copy-of-Copy-of-PNG-Bild-1024x771.png 1024w, https:\/\/www.ars-pohlheim.net\/wp-content\/uploads\/2022\/03\/Copy-of-Copy-of-Copy-of-PNG-Bild-768x578.png 768w, https:\/\/www.ars-pohlheim.net\/wp-content\/uploads\/2022\/03\/Copy-of-Copy-of-Copy-of-PNG-Bild-1536x1156.png 1536w\" sizes=\"(max-width: 1756px) 100vw, 1756px\" \/><\/div><div class=\"ls-slide\" data-ls=\"duration:7000;kenburnszoom:in;kenburnsscale:1.2;\"><img width=\"1758\" height=\"1322\" src=\"https:\/\/www.ars-pohlheim.net\/wp-content\/uploads\/2022\/03\/Copy-of-Copy-of-PNG-Bild.png\" class=\"ls-bg\" alt=\"\" srcset=\"https:\/\/www.ars-pohlheim.net\/wp-content\/uploads\/2022\/03\/Copy-of-Copy-of-PNG-Bild.png 1758w, https:\/\/www.ars-pohlheim.net\/wp-content\/uploads\/2022\/03\/Copy-of-Copy-of-PNG-Bild-300x226.png 300w, https:\/\/www.ars-pohlheim.net\/wp-content\/uploads\/2022\/03\/Copy-of-Copy-of-PNG-Bild-1024x770.png 1024w, https:\/\/www.ars-pohlheim.net\/wp-content\/uploads\/2022\/03\/Copy-of-Copy-of-PNG-Bild-768x578.png 768w, https:\/\/www.ars-pohlheim.net\/wp-content\/uploads\/2022\/03\/Copy-of-Copy-of-PNG-Bild-1536x1155.png 1536w\" sizes=\"(max-width: 1758px) 100vw, 1758px\" \/><\/div><\/div>\n\n\n\n<p><\/p>\n\n\n\n<p>Unterw\u00f6ssen in den Chiemgauer Alpen sollte unser neues und erstmals bezogenes Domizil f\u00fcr eine ereignisreiche und aktive Woche werden. Mit einem sch\u00f6nen Hotel ganz allein f\u00fcr unsere Gruppe und einem eigenen XXL-Reisebus als privater Skibus lie\u00dfen sich die \u00e4u\u00dferen Bedingungen wohl nur als optimal bezeichnen.<\/p>\n\n\n\n<p>\u00dcber 20 Sch\u00fclerinnen und Sch\u00fcler hatten sich im Vorfeld als \u201eAnf\u00e4nger\u201c angemeldet, standen vorher noch nie auf Skiern und somit konnte man die positive Anspannung und Aufregung vor dem ersten Skitag f\u00f6rmlich sp\u00fcren. Bereits sehr fr\u00fch am Montagmorgen herrschte reges Treiben in den Hotelzimmern \u2013 was zieht man alles an und was nimmt man alles mit auf die Piste? Nach einem ersten Fr\u00fchst\u00fcck im Hotel und nach erfolgreich gemeisterter Materialausleihe (Skischuhe, Ski, St\u00f6cke und Helm) ging es f\u00fcr viele Teilnehmerinnen und Teilnehmer mit noch ungewohnter Ausr\u00fcstung mit der Gondel hinauf zur <em>Winkelmoosalm<\/em> ins Skigebiet.<\/p>\n\n\n\n<figure class=\"wp-block-image size-large is-resized is-style-rounded\"><img loading=\"lazy\" src=\"http:\/\/www.ars-pohlheim.net\/wp-content\/uploads\/2022\/03\/Winter-22-1-1024x371.jpg\" alt=\"\" class=\"wp-image-9962\" width=\"797\" height=\"288\" srcset=\"https:\/\/www.ars-pohlheim.net\/wp-content\/uploads\/2022\/03\/Winter-22-1-1024x371.jpg 1024w, https:\/\/www.ars-pohlheim.net\/wp-content\/uploads\/2022\/03\/Winter-22-1-300x109.jpg 300w, https:\/\/www.ars-pohlheim.net\/wp-content\/uploads\/2022\/03\/Winter-22-1-768x278.jpg 768w, https:\/\/www.ars-pohlheim.net\/wp-content\/uploads\/2022\/03\/Winter-22-1.jpg 1401w\" sizes=\"(max-width: 797px) 100vw, 797px\" \/><\/figure>\n\n\n\n<p>Es sollte nicht lange dauern und man konnte beobachten, wie anf\u00e4ngliche Zweifel und Bedenken gegen\u00fcber den alpinen Sportger\u00e4ten einem breiten Grinsen und jeder Menge Spa\u00df wichen. Ungewohnte sportliche Bewegungen, Druckstellen aufgrund der Skischuhe, Muskelkater und nicht mal der starke Schneefall der ersten 2 Tage konnten die Stimmung negativ beeinflussen. In k\u00fcrzester Zeit waren die Pisten der <em>Winkelmoosalm<\/em> fest in der Hand der gelben \u201eARS Ski-Team\u201c Warnwesten, die mit viel Motivation und Freude flei\u00dfig ihre Kurvenfahrten \u00fcbten und schnell an Sicherheit gewannen. Und so war es auch nur eine Frage der Zeit, dass unsere Gruppe zur \u201e<em>Steinplatte<\/em>\u201c weiterzog. <\/p>\n\n\n\n<!--more-->\n\n\n\n<p>Das gr\u00f6\u00dfere, vielseitige Skigebiet auf \u00f6sterreichischer Seite brachte nicht nur den strahlenden Sonnenschein, sondern auch Pisten jeglicher Anforderungsniveaus mit sich und so machte sich im Laufe der 5 gemeinsamen Skitage mit abschlie\u00dfenden Ski-Challenges um Gold \u2013 Silber und Bronze Medaillen bei dem Gro\u00dfteil der Teilnehmenden v\u00f6llig zurecht das sch\u00f6ne und freudige Gef\u00fchl breit, \u00fcber sich selbst hinausgewachsen zu sein.<\/p>\n\n\n\n<div class=\"wp-block-columns\">\n<div class=\"wp-block-column\" style=\"flex-basis:100%\">\n<div class=\"wp-block-image\"><figure class=\"aligncenter size-large is-resized\"><img loading=\"lazy\" src=\"http:\/\/www.ars-pohlheim.net\/wp-content\/uploads\/2022\/03\/Copy-of-PNG-Bild-2-753x1024.png\" alt=\"\" class=\"wp-image-9965\" width=\"230\" height=\"313\" srcset=\"https:\/\/www.ars-pohlheim.net\/wp-content\/uploads\/2022\/03\/Copy-of-PNG-Bild-2-753x1024.png 753w, https:\/\/www.ars-pohlheim.net\/wp-content\/uploads\/2022\/03\/Copy-of-PNG-Bild-2-221x300.png 221w, https:\/\/www.ars-pohlheim.net\/wp-content\/uploads\/2022\/03\/Copy-of-PNG-Bild-2-768x1045.png 768w, https:\/\/www.ars-pohlheim.net\/wp-content\/uploads\/2022\/03\/Copy-of-PNG-Bild-2.png 972w\" sizes=\"(max-width: 230px) 100vw, 230px\" \/><\/figure><\/div>\n\n\n\n<p>Doch auch abseits der Piste konnte unser neu formiertes \u201eSki-Team\u201c in diesem Jahr gl\u00e4nzen. Deutlich \u00fcber die H\u00e4lfte der Sch\u00fclerinnen und Sch\u00fcler waren in diesem Jahr zum ersten Mal mit dabei in der Wintersportwoche, viele kannten sich im Voraus kaum oder auch gar nicht und dennoch entstand in den wenigen gemeinsamen Tagen ein ganz einzigartiger Zusammenhalt innerhalb unserer Reisegruppe, der durch gemeinsame Spieleabende, spontanes Kochen in den Zimmern und die beliebten \u201ePistensau\u201c Verleihungen sogar noch vertieft werden konnte. Mit viel Spa\u00df, Hilfsbereitschaft, R\u00fccksicht und gegenseitigen Unterst\u00fctzungen wussten unsere Teilnehmerinnen und Teilnehmer sowohl das Personal unseres Hotels als auch die begleitenden Lehrkr\u00e4fte zu \u00fcberzeugen.<\/p>\n<\/div>\n<\/div>\n\n\n\n<figure class=\"wp-block-image size-large is-style-rounded\"><img loading=\"lazy\" width=\"1024\" height=\"345\" src=\"http:\/\/www.ars-pohlheim.net\/wp-content\/uploads\/2022\/03\/Winter-22-2-1024x345.jpg\" alt=\"\" class=\"wp-image-9966\" srcset=\"https:\/\/www.ars-pohlheim.net\/wp-content\/uploads\/2022\/03\/Winter-22-2-1024x345.jpg 1024w, https:\/\/www.ars-pohlheim.net\/wp-content\/uploads\/2022\/03\/Winter-22-2-300x101.jpg 300w, https:\/\/www.ars-pohlheim.net\/wp-content\/uploads\/2022\/03\/Winter-22-2-768x259.jpg 768w, https:\/\/www.ars-pohlheim.net\/wp-content\/uploads\/2022\/03\/Winter-22-2.jpg 1411w\" sizes=\"(max-width: 1024px) 100vw, 1024px\" \/><\/figure>\n\n\n\n<p>Gesund, m\u00fcde aber gl\u00fccklich und zufrieden traten wir im Anschluss an unseren letzten Skitag die gemeinsame Heimreise an. Im Gep\u00e4ck der meisten befanden sich jede Menge sch\u00f6ne Erlebnisse und eine gute Portion Wehmut, dass diese tolle Woche doch viel zu schnell zu Ende ging. Wir freuen uns schon auf das n\u00e4chste Jahr! \ud83d\ude42<\/p>\n\n\n\n<p>Sven D\u00f6ring, Fachleitung Sport<\/p>\n","protected":false},"excerpt":{"rendered":"<p>Nach einer coronabedingten Pause im letzten Jahr konnten wir unsere traditionelle Wintersportwoche in 2022 nicht wieder nur anbieten, sondern auch wirklich durchf\u00fchren. Nach einigen Wochen der Ungewissheit und des Bangens stand Ende Januar schlie\u00dflich fest, dass wir unsere Exkursion des Fachbereichs Sport unter 2-G Bedingungen antreten k\u00f6nnen. Umso gr\u00f6\u00dfer war die Vorfreude, als wir am &hellip; <a href=\"https:\/\/www.ars-pohlheim.net\/?p=9960\" class=\"more-link\"><span class=\"screen-reader-text\">ARS Ski-Team on tour<\/span> weiterlesen <span class=\"meta-nav\">&rarr;<\/span><\/a><\/p>\n","protected":false},"author":15,"featured_media":0,"comment_status":"closed","ping_status":"closed","sticky":false,"template":"","format":"standard","meta":{"ngg_post_thumbnail":0},"categories":[1],"tags":[],"_links":{"self":[{"href":"https:\/\/www.ars-pohlheim.net\/index.php?rest_route=\/wp\/v2\/posts\/9960"}],"collection":[{"href":"https:\/\/www.ars-pohlheim.net\/index.php?rest_route=\/wp\/v2\/posts"}],"about":[{"href":"https:\/\/www.ars-pohlheim.net\/index.php?rest_route=\/wp\/v2\/types\/post"}],"author":[{"embeddable":true,"href":"https:\/\/www.ars-pohlheim.net\/index.php?rest_route=\/wp\/v2\/users\/15"}],"replies":[{"embeddable":true,"href":"https:\/\/www.ars-pohlheim.net\/index.php?rest_route=%2Fwp%2Fv2%2Fcomments&post=9960"}],"version-history":[{"count":6,"href":"https:\/\/www.ars-pohlheim.net\/index.php?rest_route=\/wp\/v2\/posts\/9960\/revisions"}],"predecessor-version":[{"id":11813,"href":"https:\/\/www.ars-pohlheim.net\/index.php?rest_route=\/wp\/v2\/posts\/9960\/revisions\/11813"}],"wp:attachment":[{"href":"https:\/\/www.ars-pohlheim.net\/index.php?rest_route=%2Fwp%2Fv2%2Fmedia&parent=9960"}],"wp:term":[{"taxonomy":"category","embeddable":true,"href":"https:\/\/www.ars-pohlheim.net\/index.php?rest_route=%2Fwp%2Fv2%2Fcategories&post=9960"},{"taxonomy":"post_tag","embeddable":true,"href":"https:\/\/www.ars-pohlheim.net\/index.php?rest_route=%2Fwp%2Fv2%2Ftags&post=9960"}],"curies":[{"name":"wp","href":"https:\/\/api.w.org\/{rel}","templated":true}]}}