{"id":9924,"date":"2022-02-23T17:11:32","date_gmt":"2022-02-23T16:11:32","guid":{"rendered":"http:\/\/www.ars-pohlheim.net\/?p=9924"},"modified":"2022-02-24T09:12:12","modified_gmt":"2022-02-24T08:12:12","slug":"jung-und-alt-eine-generationenbruecke","status":"publish","type":"post","link":"https:\/\/www.ars-pohlheim.net\/?p=9924","title":{"rendered":"Jung und alt &#8211; eine Generationenbr\u00fccke"},"content":{"rendered":"\n<p>Am 23. Februar konnten die drei Aktivit\u00e4tenboards an Frau Susanne M\u00e4rke, Leitung soziale Dienste im Alloheim, und Frau Daniela Raimann, stellvertretende Leitung der sozialen Dienste, \u00fcbergeben werden. Die Boards waren als Auftragsarbeit durch Sch\u00fcler des Jahrgangs 9 im Rahmen ihrer Projektpr\u00fcfungen hergestellt worden. Dazu hatten die Sch\u00fcler zun\u00e4chst im Alloheim die W\u00fcnsche und Anforderungen bez\u00fcglich der Boards im Gespr\u00e4ch ermittelt und dann in Gruppen jeweils eigene L\u00f6sungen erarbeitet. Entstanden sind drei unterschiedliche Boards, die \u00e4lteren Menschen im Alloheim als Hilfe f\u00fcr die zeitliche Orientierung dienen werden: Die Jahreszeit und das aktuelle Datum k\u00f6nnen so t\u00e4glich neu eingestellt werden und sind f\u00fcr alle gut erkennbar. <\/p>\n\n\n\n<p><\/p>\n\n\n\n<div class=\"wp-block-image is-style-rounded\"><figure class=\"aligncenter size-full\"><a href=\"http:\/\/www.ars-pohlheim.net\/wp-content\/uploads\/2022\/02\/20220223_114747-scaled.jpg\" target=\"_blank\" rel=\"noopener\"><img loading=\"lazy\" width=\"2560\" height=\"1154\" src=\"http:\/\/www.ars-pohlheim.net\/wp-content\/uploads\/2022\/02\/20220223_114747-scaled.jpg\" alt=\"\" class=\"wp-image-9925\" srcset=\"https:\/\/www.ars-pohlheim.net\/wp-content\/uploads\/2022\/02\/20220223_114747-scaled.jpg 2560w, https:\/\/www.ars-pohlheim.net\/wp-content\/uploads\/2022\/02\/20220223_114747-300x135.jpg 300w, https:\/\/www.ars-pohlheim.net\/wp-content\/uploads\/2022\/02\/20220223_114747-1024x462.jpg 1024w, https:\/\/www.ars-pohlheim.net\/wp-content\/uploads\/2022\/02\/20220223_114747-768x346.jpg 768w, https:\/\/www.ars-pohlheim.net\/wp-content\/uploads\/2022\/02\/20220223_114747-1536x692.jpg 1536w, https:\/\/www.ars-pohlheim.net\/wp-content\/uploads\/2022\/02\/20220223_114747-2048x923.jpg 2048w\" sizes=\"(max-width: 2560px) 100vw, 2560px\" \/><\/a><figcaption>Bild: Hintere Reihe: Andreas Pieh, Simone Handrick, Petra Br\u00fcll (alle drei von der ARS), <br>Daniela Raimann und Susanne M\u00e4rke (Alloheim Neue Mitte Pohlheim) <br>Vorn: Sch\u00fcler der ARS, Jg. 9<\/figcaption><\/figure><\/div>\n\n\n\n<p>Die Freude der Auftraggeber \u00fcber die gelungenen Arbeiten war bei der \u00dcbergabe deutlich zu sp\u00fcren, ebenso bei den jungen Leuten, die erkannten, dass sie etwas Sinnvolles erstellt haben, das anderen Menschen helfen wird. Ebenso freuten sich die Lehrkr\u00e4fte und Herr Pieh, der den Kontakt vermittelt hatte. Weitere Kooperationen sollen in der Zukunft folgen.<\/p>\n\n\n\n<p>Petra Br\u00fcll, Schulleiterin<\/p>\n\n\n\n<p><\/p>\n","protected":false},"excerpt":{"rendered":"<p>Am 23. Februar konnten die drei Aktivit\u00e4tenboards an Frau Susanne M\u00e4rke, Leitung soziale Dienste im Alloheim, und Frau Daniela Raimann, stellvertretende Leitung der sozialen Dienste, \u00fcbergeben werden. Die Boards waren als Auftragsarbeit durch Sch\u00fcler des Jahrgangs 9 im Rahmen ihrer Projektpr\u00fcfungen hergestellt worden. Dazu hatten die Sch\u00fcler zun\u00e4chst im Alloheim die W\u00fcnsche und Anforderungen bez\u00fcglich &hellip; <a href=\"https:\/\/www.ars-pohlheim.net\/?p=9924\" class=\"more-link\"><span class=\"screen-reader-text\">Jung und alt &#8211; eine Generationenbr\u00fccke<\/span> weiterlesen <span class=\"meta-nav\">&rarr;<\/span><\/a><\/p>\n","protected":false},"author":15,"featured_media":0,"comment_status":"closed","ping_status":"closed","sticky":false,"template":"","format":"image","meta":{"ngg_post_thumbnail":0},"categories":[1],"tags":[],"_links":{"self":[{"href":"https:\/\/www.ars-pohlheim.net\/index.php?rest_route=\/wp\/v2\/posts\/9924"}],"collection":[{"href":"https:\/\/www.ars-pohlheim.net\/index.php?rest_route=\/wp\/v2\/posts"}],"about":[{"href":"https:\/\/www.ars-pohlheim.net\/index.php?rest_route=\/wp\/v2\/types\/post"}],"author":[{"embeddable":true,"href":"https:\/\/www.ars-pohlheim.net\/index.php?rest_route=\/wp\/v2\/users\/15"}],"replies":[{"embeddable":true,"href":"https:\/\/www.ars-pohlheim.net\/index.php?rest_route=%2Fwp%2Fv2%2Fcomments&post=9924"}],"version-history":[{"count":15,"href":"https:\/\/www.ars-pohlheim.net\/index.php?rest_route=\/wp\/v2\/posts\/9924\/revisions"}],"predecessor-version":[{"id":9942,"href":"https:\/\/www.ars-pohlheim.net\/index.php?rest_route=\/wp\/v2\/posts\/9924\/revisions\/9942"}],"wp:attachment":[{"href":"https:\/\/www.ars-pohlheim.net\/index.php?rest_route=%2Fwp%2Fv2%2Fmedia&parent=9924"}],"wp:term":[{"taxonomy":"category","embeddable":true,"href":"https:\/\/www.ars-pohlheim.net\/index.php?rest_route=%2Fwp%2Fv2%2Fcategories&post=9924"},{"taxonomy":"post_tag","embeddable":true,"href":"https:\/\/www.ars-pohlheim.net\/index.php?rest_route=%2Fwp%2Fv2%2Ftags&post=9924"}],"curies":[{"name":"wp","href":"https:\/\/api.w.org\/{rel}","templated":true}]}}