{"id":9859,"date":"2022-02-10T23:29:22","date_gmt":"2022-02-10T22:29:22","guid":{"rendered":"http:\/\/www.ars-pohlheim.net\/?p=9859"},"modified":"2022-02-11T06:53:48","modified_gmt":"2022-02-11T05:53:48","slug":"elternsprechtag-am-11-februar","status":"publish","type":"post","link":"https:\/\/www.ars-pohlheim.net\/?p=9859","title":{"rendered":"Elternsprechtag am 11. Februar"},"content":{"rendered":"\n<p>Liebe Eltern,<br> <br>auch in diesen schwierigen Zeiten m\u00f6chten die Lehrkr\u00e4fte der Adolf-Reichwein-Schule im Rahmen von Elternsprechtagen mit Ihnen in Kontakt treten und sich \u00fcber Ihre Kinder und deren schulische Leistungen austauschen.<\/p>\n\n\n\n<p>Aufgrund der derzeitigen Infektionsentwicklung werden wir keinen Pr\u00e4senzelternsprechtag in der Schule durchf\u00fchren. Ihre Kinder erhalten zurzeit von ihren Lehrkr\u00e4ften eine R\u00fcckmeldung zu ihrem aktuellen Leistungsstand, die Halbjahreszeugnisse stehen nun unmittelbar bevor.<\/p>\n\n\n\n<p>Um mit den Fachlehrerinnen und -lehrern noch vertiefend \u00fcber den Leistungsstand Ihrer Kinder sprechen zu k\u00f6nnen, wird ein<\/p>\n\n\n\n<p><strong>Elternsprechtag am 11. Februar von 15 bis 18 Uhr telefonisch oder per Videokonferenz<\/strong> durchgef\u00fchrt. (&#8230;)<\/p>\n\n\n\n<p><a rel=\"noreferrer noopener\" href=\"http:\/\/www.ars-pohlheim.net\/wp-content\/uploads\/2022\/02\/Alternativer-Elternsprechtag-5-8-Februar-2022.pdf\" target=\"_blank\">&#8211;&gt; Vollst\u00e4ndiges Anschreiben <\/a><\/p>\n\n\n\n<p>Petra Br\u00fcll,<br>Schulleiterin<\/p>\n","protected":false},"excerpt":{"rendered":"<p>Liebe Eltern, auch in diesen schwierigen Zeiten m\u00f6chten die Lehrkr\u00e4fte der Adolf-Reichwein-Schule im Rahmen von Elternsprechtagen mit Ihnen in Kontakt treten und sich \u00fcber Ihre Kinder und deren schulische Leistungen austauschen. Aufgrund der derzeitigen Infektionsentwicklung werden wir keinen Pr\u00e4senzelternsprechtag in der Schule durchf\u00fchren. Ihre Kinder erhalten zurzeit von ihren Lehrkr\u00e4ften eine R\u00fcckmeldung zu ihrem aktuellen &hellip; <a href=\"https:\/\/www.ars-pohlheim.net\/?p=9859\" class=\"more-link\"><span class=\"screen-reader-text\">Elternsprechtag am 11. Februar<\/span> weiterlesen <span class=\"meta-nav\">&rarr;<\/span><\/a><\/p>\n","protected":false},"author":15,"featured_media":0,"comment_status":"closed","ping_status":"closed","sticky":false,"template":"","format":"standard","meta":{"ngg_post_thumbnail":0},"categories":[1],"tags":[],"_links":{"self":[{"href":"https:\/\/www.ars-pohlheim.net\/index.php?rest_route=\/wp\/v2\/posts\/9859"}],"collection":[{"href":"https:\/\/www.ars-pohlheim.net\/index.php?rest_route=\/wp\/v2\/posts"}],"about":[{"href":"https:\/\/www.ars-pohlheim.net\/index.php?rest_route=\/wp\/v2\/types\/post"}],"author":[{"embeddable":true,"href":"https:\/\/www.ars-pohlheim.net\/index.php?rest_route=\/wp\/v2\/users\/15"}],"replies":[{"embeddable":true,"href":"https:\/\/www.ars-pohlheim.net\/index.php?rest_route=%2Fwp%2Fv2%2Fcomments&post=9859"}],"version-history":[{"count":8,"href":"https:\/\/www.ars-pohlheim.net\/index.php?rest_route=\/wp\/v2\/posts\/9859\/revisions"}],"predecessor-version":[{"id":9872,"href":"https:\/\/www.ars-pohlheim.net\/index.php?rest_route=\/wp\/v2\/posts\/9859\/revisions\/9872"}],"wp:attachment":[{"href":"https:\/\/www.ars-pohlheim.net\/index.php?rest_route=%2Fwp%2Fv2%2Fmedia&parent=9859"}],"wp:term":[{"taxonomy":"category","embeddable":true,"href":"https:\/\/www.ars-pohlheim.net\/index.php?rest_route=%2Fwp%2Fv2%2Fcategories&post=9859"},{"taxonomy":"post_tag","embeddable":true,"href":"https:\/\/www.ars-pohlheim.net\/index.php?rest_route=%2Fwp%2Fv2%2Ftags&post=9859"}],"curies":[{"name":"wp","href":"https:\/\/api.w.org\/{rel}","templated":true}]}}