{"id":9843,"date":"2022-02-02T18:08:37","date_gmt":"2022-02-02T17:08:37","guid":{"rendered":"http:\/\/www.ars-pohlheim.net\/?p=9843"},"modified":"2022-02-02T18:14:38","modified_gmt":"2022-02-02T17:14:38","slug":"stolpersteine","status":"publish","type":"post","link":"https:\/\/www.ars-pohlheim.net\/?p=9843","title":{"rendered":"Stolpersteine"},"content":{"rendered":"\n<p><strong>\u201eJeder Name z\u00e4hlt\u201c am Holocaust-Gedenktag!<\/strong><\/p>\n\n\n\n<p>Am Donnerstag, dem <strong>27. Januar 2022, <\/strong>haben die Sch\u00fclerinnen und Sch\u00fcler der Klassen 9d und 9e an dem Crowdsourcing-Projekt \u201eJeder Name z\u00e4hlt\u201c der Arolsen Archives teilgenehmen. Die Arolsen Archives geh\u00f6ren zum UNESCO-Weltdokumentenerbe. Sie haben das Ziel, so bald wie m\u00f6glich alle Namen aus den Deportations- und Transportlisten der Arolsen Archives von deportierten Juden in einem Online-Archiv zu digitalisieren. Hierbei handelte es sich diesmal um Transportlisten aus dem KZ Buchenwald.<\/p>\n\n\n\n<script type=\"text\/javascript\">jQuery(function() { _initLayerSlider( '#layerslider_22_18gbkxqyvpi8e', {createdWith: '6.11.8', sliderVersion: '6.11.8', pauseOnHover: 'enabled', keybNav: false, touchNav: false, skin: 'v6', globalBGColor: '#807c7c', useSrcset: true, skinsPath: 'https:\/\/www.ars-pohlheim.net\/wp-content\/plugins\/LayerSlider\/assets\/static\/layerslider\/skins\/'}); });<\/script><div id=\"layerslider_22_18gbkxqyvpi8e\" class=\"ls-wp-container fitvidsignore\" style=\"width:1280px;height:720px;margin:0 auto;margin-bottom: 0px;\"><div class=\"ls-slide\" data-ls=\"bgsize:contain;bgposition:50% 50%;duration:5000;transition2d:15;kenburnszoom:in;kenburnsscale:1.3;\"><img width=\"1200\" height=\"1600\" src=\"https:\/\/www.ars-pohlheim.net\/wp-content\/uploads\/2022\/02\/20220127_101823-rotated.jpg\" class=\"ls-bg\" alt=\"\" srcset=\"https:\/\/www.ars-pohlheim.net\/wp-content\/uploads\/2022\/02\/20220127_101823-rotated.jpg 1200w, https:\/\/www.ars-pohlheim.net\/wp-content\/uploads\/2022\/02\/20220127_101823-225x300.jpg 225w, https:\/\/www.ars-pohlheim.net\/wp-content\/uploads\/2022\/02\/20220127_101823-768x1024.jpg 768w, https:\/\/www.ars-pohlheim.net\/wp-content\/uploads\/2022\/02\/20220127_101823-1152x1536.jpg 1152w\" sizes=\"(max-width: 1200px) 100vw, 1200px\" \/><\/div><div class=\"ls-slide\" data-ls=\"bgsize:cover;duration:5000;transition2d:15;kenburnsscale:1.2;\"><img width=\"1200\" height=\"1600\" src=\"https:\/\/www.ars-pohlheim.net\/wp-content\/uploads\/2022\/02\/20220127_101831-rotated.jpg\" class=\"ls-bg\" alt=\"\" srcset=\"https:\/\/www.ars-pohlheim.net\/wp-content\/uploads\/2022\/02\/20220127_101831-rotated.jpg 1200w, https:\/\/www.ars-pohlheim.net\/wp-content\/uploads\/2022\/02\/20220127_101831-225x300.jpg 225w, https:\/\/www.ars-pohlheim.net\/wp-content\/uploads\/2022\/02\/20220127_101831-768x1024.jpg 768w, https:\/\/www.ars-pohlheim.net\/wp-content\/uploads\/2022\/02\/20220127_101831-1152x1536.jpg 1152w\" sizes=\"(max-width: 1200px) 100vw, 1200px\" \/><\/div><div class=\"ls-slide\" data-ls=\"bgsize:cover;duration:5000;transition2d:15;kenburnsscale:1.2;\"><img width=\"1600\" height=\"1200\" src=\"https:\/\/www.ars-pohlheim.net\/wp-content\/uploads\/2022\/02\/20220127_120239.jpg\" class=\"ls-bg\" alt=\"\" srcset=\"https:\/\/www.ars-pohlheim.net\/wp-content\/uploads\/2022\/02\/20220127_120239.jpg 1600w, https:\/\/www.ars-pohlheim.net\/wp-content\/uploads\/2022\/02\/20220127_120239-300x225.jpg 300w, https:\/\/www.ars-pohlheim.net\/wp-content\/uploads\/2022\/02\/20220127_120239-1024x768.jpg 1024w, https:\/\/www.ars-pohlheim.net\/wp-content\/uploads\/2022\/02\/20220127_120239-768x576.jpg 768w, https:\/\/www.ars-pohlheim.net\/wp-content\/uploads\/2022\/02\/20220127_120239-1536x1152.jpg 1536w\" sizes=\"(max-width: 1600px) 100vw, 1600px\" \/><\/div><div class=\"ls-slide\" data-ls=\"bgsize:cover;duration:5000;transition2d:15;kenburnsscale:1.2;\"><img width=\"1600\" height=\"1200\" src=\"https:\/\/www.ars-pohlheim.net\/wp-content\/uploads\/2022\/02\/20220127_120251.jpg\" class=\"ls-bg\" alt=\"\" srcset=\"https:\/\/www.ars-pohlheim.net\/wp-content\/uploads\/2022\/02\/20220127_120251.jpg 1600w, https:\/\/www.ars-pohlheim.net\/wp-content\/uploads\/2022\/02\/20220127_120251-300x225.jpg 300w, https:\/\/www.ars-pohlheim.net\/wp-content\/uploads\/2022\/02\/20220127_120251-1024x768.jpg 1024w, https:\/\/www.ars-pohlheim.net\/wp-content\/uploads\/2022\/02\/20220127_120251-768x576.jpg 768w, https:\/\/www.ars-pohlheim.net\/wp-content\/uploads\/2022\/02\/20220127_120251-1536x1152.jpg 1536w\" sizes=\"(max-width: 1600px) 100vw, 1600px\" \/><\/div><div class=\"ls-slide\" data-ls=\"bgsize:auto;duration:5555;transition2d:15;kenburnsscale:1.2;\"><img width=\"1200\" height=\"675\" src=\"https:\/\/www.ars-pohlheim.net\/wp-content\/uploads\/2022\/02\/Bild-Stolpersteine.jpg\" class=\"ls-bg\" alt=\"\" srcset=\"https:\/\/www.ars-pohlheim.net\/wp-content\/uploads\/2022\/02\/Bild-Stolpersteine.jpg 1200w, https:\/\/www.ars-pohlheim.net\/wp-content\/uploads\/2022\/02\/Bild-Stolpersteine-300x169.jpg 300w, https:\/\/www.ars-pohlheim.net\/wp-content\/uploads\/2022\/02\/Bild-Stolpersteine-1024x576.jpg 1024w, https:\/\/www.ars-pohlheim.net\/wp-content\/uploads\/2022\/02\/Bild-Stolpersteine-768x432.jpg 768w\" sizes=\"(max-width: 1200px) 100vw, 1200px\" \/><\/div><div class=\"ls-slide\" data-ls=\"duration:5555;transition2d:15;kenburnsscale:1.2;\"><img width=\"1600\" height=\"1200\" src=\"https:\/\/www.ars-pohlheim.net\/wp-content\/uploads\/2022\/02\/20220127_120258.jpg\" class=\"ls-bg\" alt=\"\" srcset=\"https:\/\/www.ars-pohlheim.net\/wp-content\/uploads\/2022\/02\/20220127_120258.jpg 1600w, https:\/\/www.ars-pohlheim.net\/wp-content\/uploads\/2022\/02\/20220127_120258-300x225.jpg 300w, https:\/\/www.ars-pohlheim.net\/wp-content\/uploads\/2022\/02\/20220127_120258-1024x768.jpg 1024w, https:\/\/www.ars-pohlheim.net\/wp-content\/uploads\/2022\/02\/20220127_120258-768x576.jpg 768w, https:\/\/www.ars-pohlheim.net\/wp-content\/uploads\/2022\/02\/20220127_120258-1536x1152.jpg 1536w\" sizes=\"(max-width: 1600px) 100vw, 1600px\" \/><\/div><div class=\"ls-slide\" data-ls=\"bgsize:cover;duration:5555;transition2d:15;kenburnsscale:1.2;\"><img width=\"768\" height=\"432\" src=\"https:\/\/www.ars-pohlheim.net\/wp-content\/uploads\/2022\/02\/Jeder.jpg\" class=\"ls-bg\" alt=\"\" srcset=\"https:\/\/www.ars-pohlheim.net\/wp-content\/uploads\/2022\/02\/Jeder.jpg 768w, https:\/\/www.ars-pohlheim.net\/wp-content\/uploads\/2022\/02\/Jeder-300x169.jpg 300w\" sizes=\"(max-width: 768px) 100vw, 768px\" \/><\/div><div class=\"ls-slide\" data-ls=\"duration:5555;transition2d:15;kenburnsscale:1.2;\"><img width=\"1600\" height=\"1200\" src=\"https:\/\/www.ars-pohlheim.net\/wp-content\/uploads\/2022\/02\/20220127_101845-rotated-e1643821076354.jpg\" class=\"ls-bg\" alt=\"\" srcset=\"https:\/\/www.ars-pohlheim.net\/wp-content\/uploads\/2022\/02\/20220127_101845-rotated-e1643821076354.jpg 1600w, https:\/\/www.ars-pohlheim.net\/wp-content\/uploads\/2022\/02\/20220127_101845-rotated-e1643821076354-300x225.jpg 300w, https:\/\/www.ars-pohlheim.net\/wp-content\/uploads\/2022\/02\/20220127_101845-rotated-e1643821076354-1024x768.jpg 1024w, https:\/\/www.ars-pohlheim.net\/wp-content\/uploads\/2022\/02\/20220127_101845-rotated-e1643821076354-768x576.jpg 768w, https:\/\/www.ars-pohlheim.net\/wp-content\/uploads\/2022\/02\/20220127_101845-rotated-e1643821076354-1536x1152.jpg 1536w\" sizes=\"(max-width: 1600px) 100vw, 1600px\" \/><\/div><\/div>\n\n\n\n<p><\/p>\n\n\n\n<p>Die Sch\u00fclerinnen und Sch\u00fcler haben dabei geholfen, die Informationen auf den Dokumenten zu erfassen, und die Bedeutung dieser Arbeit kennenzulernen. Oft ist der Name auf einer Liste die letzte Spur eines Menschen vor seiner Ermordung durch die Nationalsozialisten. Daher ist es besonders f\u00fcr Familienangeh\u00f6rige enorm wichtig, die Namen einfach und von \u00fcberall auf der Welt aus finden zu k\u00f6nnen.<\/p>\n\n\n\n<p>Am 27. Januar 2020, dem 75. Jahrestag der Befreiung des Konzentrationslagers Auschwitz und internationalen Holocaust-Gedenktages, begannen hunderte Sch\u00fclerinnen und Sch\u00fcler aus ganz Hessen dieses Projekt zu starten.<\/p>\n\n\n\n<p>Nach einer gemeinsamen Einf\u00fchrung in die Thematik haben sich dann die Sch\u00fclerinnen und Sch\u00fcler an die Digitalisierung der Listen aus dem Archiv gemacht. Parallel dazu haben die Sch\u00fclerinnen und Sch\u00fcler auch Juden und ihre Geschichte aus dem Ort Pohlheim kennengelernt. Hierzu wurden sie zum Stolperstein der Familie Katz in kleinen Gruppen gef\u00fchrt, welcher sich am Kreuzplatz befindet und in unmittelbarer N\u00e4he der Schule ist. Hier haben sie durch Frau van Slobbe, Mitglied der Initiative Stolpersteine Pohlheim e.V., exemplarisch anhand dieser Familiengeschichte erfahren, wie es vielen anderen Juden in Oberhessen ergangen ist.<\/p>\n\n\n\n<p>Filiz Bulut<br>Fachleitung GL<\/p>\n\n\n\n<p><a href=\"https:\/\/www.giessener-allgemeine.de\/kreis-giessen\/glaubt-ihr-dass-das-passiert-ist-91265368.html\" target=\"_blank\" rel=\"noreferrer noopener\">&#8222;Glaubt ihr, dass das passiert ist?&#8220;<br>Artikel in der Gie\u00dfener Allgemeinen vom 27.01.2022<\/a><\/p>\n\n\n\n<p><\/p>\n","protected":false},"excerpt":{"rendered":"<p>\u201eJeder Name z\u00e4hlt\u201c am Holocaust-Gedenktag! Am Donnerstag, dem 27. Januar 2022, haben die Sch\u00fclerinnen und Sch\u00fcler der Klassen 9d und 9e an dem Crowdsourcing-Projekt \u201eJeder Name z\u00e4hlt\u201c der Arolsen Archives teilgenehmen. Die Arolsen Archives geh\u00f6ren zum UNESCO-Weltdokumentenerbe. Sie haben das Ziel, so bald wie m\u00f6glich alle Namen aus den Deportations- und Transportlisten der Arolsen Archives &hellip; <a href=\"https:\/\/www.ars-pohlheim.net\/?p=9843\" class=\"more-link\"><span class=\"screen-reader-text\">Stolpersteine<\/span> weiterlesen <span class=\"meta-nav\">&rarr;<\/span><\/a><\/p>\n","protected":false},"author":15,"featured_media":0,"comment_status":"closed","ping_status":"closed","sticky":false,"template":"","format":"standard","meta":{"ngg_post_thumbnail":0},"categories":[1],"tags":[],"_links":{"self":[{"href":"https:\/\/www.ars-pohlheim.net\/index.php?rest_route=\/wp\/v2\/posts\/9843"}],"collection":[{"href":"https:\/\/www.ars-pohlheim.net\/index.php?rest_route=\/wp\/v2\/posts"}],"about":[{"href":"https:\/\/www.ars-pohlheim.net\/index.php?rest_route=\/wp\/v2\/types\/post"}],"author":[{"embeddable":true,"href":"https:\/\/www.ars-pohlheim.net\/index.php?rest_route=\/wp\/v2\/users\/15"}],"replies":[{"embeddable":true,"href":"https:\/\/www.ars-pohlheim.net\/index.php?rest_route=%2Fwp%2Fv2%2Fcomments&post=9843"}],"version-history":[{"count":5,"href":"https:\/\/www.ars-pohlheim.net\/index.php?rest_route=\/wp\/v2\/posts\/9843\/revisions"}],"predecessor-version":[{"id":9857,"href":"https:\/\/www.ars-pohlheim.net\/index.php?rest_route=\/wp\/v2\/posts\/9843\/revisions\/9857"}],"wp:attachment":[{"href":"https:\/\/www.ars-pohlheim.net\/index.php?rest_route=%2Fwp%2Fv2%2Fmedia&parent=9843"}],"wp:term":[{"taxonomy":"category","embeddable":true,"href":"https:\/\/www.ars-pohlheim.net\/index.php?rest_route=%2Fwp%2Fv2%2Fcategories&post=9843"},{"taxonomy":"post_tag","embeddable":true,"href":"https:\/\/www.ars-pohlheim.net\/index.php?rest_route=%2Fwp%2Fv2%2Ftags&post=9843"}],"curies":[{"name":"wp","href":"https:\/\/api.w.org\/{rel}","templated":true}]}}