{"id":9382,"date":"2021-06-19T06:59:59","date_gmt":"2021-06-19T04:59:59","guid":{"rendered":"http:\/\/www.ars-pohlheim.net\/?p=9382"},"modified":"2025-01-31T12:00:02","modified_gmt":"2025-01-31T11:00:02","slug":"schulhoftraeume-werden-an-der-adolf-reichwein-schule-wahr-2","status":"publish","type":"post","link":"https:\/\/www.ars-pohlheim.net\/?p=9382","title":{"rendered":"Schulhoftr\u00e4ume werden an der Adolf-Reichwein-Schule wahr\u2026"},"content":{"rendered":"<p><a href=\"http:\/\/www.ars-pohlheim.net\/wp-content\/uploads\/2021\/06\/schulhoftr\u00e4ume2021-01.jpg\"><img loading=\"lazy\" class=\" wp-image-9383 alignright\" src=\"http:\/\/www.ars-pohlheim.net\/wp-content\/uploads\/2021\/06\/schulhoftr\u00e4ume2021-01-254x300.jpg\" alt=\"\" width=\"232\" height=\"274\" srcset=\"https:\/\/www.ars-pohlheim.net\/wp-content\/uploads\/2021\/06\/schulhoftr\u00e4ume2021-01-254x300.jpg 254w, https:\/\/www.ars-pohlheim.net\/wp-content\/uploads\/2021\/06\/schulhoftr\u00e4ume2021-01.jpg 397w\" sizes=\"(max-width: 232px) 100vw, 232px\" \/><\/a>Die Adolf-Reichwein-Schule in Pohlheim hat sich im Schuljahr 2019\/20 f\u00fcr den Wettbewerb<br \/>\n\u201eSchulhoftr\u00e4ume\u201c des Deutschen Kinderhilfswerkes beworben.<\/p>\n<p>Der eingereichte Vorschlag konnte nicht nur in der Schule und deren Umfeld \u00fcberzeugen, sondern wurde auch als eines der Projekte ausgew\u00e4hlt, welches vom Deutschen Kinderhilfswerk unterst\u00fctzt wird.<\/p>\n<p><!--more-->Durch die Corona-Pandemie bedingt, gab es immer wieder Unterbrechungen in der Entwicklung und Umsetzung der Schulhoftr\u00e4ume an der Adolf-Reichwein-Schule, nun aber konnte der Traum fertiggestellt werden.<\/p>\n<p>Das Projekt war von der ersten Idee im Herbst 2019, bis zum letzten Handschlag im Mai 2021 ein Gemeinschaftsprojekt, das von einer Arbeitsgruppe, bestehend aus Sch\u00fclerinnen und Sch\u00fclern der Sch\u00fclervertretung, Vertreterinnen und Vertretern des Elternbeirates, der Schulleiterin Petra Br\u00fcll und dem Stufenleiter Ralf Kuczera initiiert wurde. In dieser Arbeitsgruppe wurde gemeinsam \u00fcberlegt, was die Sch\u00fclerinnen und Sch\u00fcler im Au\u00dfenbereich f\u00fcr die Pausen w\u00fcnschen. Die Bed\u00fcrfnisse der Sch\u00fclerinnen und Sch\u00fcler sollten hier im Mittelpunkt stehen. Schnell wurde klar, dass gerade die \u00e4lteren Sch\u00fclerinnen und Sch\u00fcler einen Ort vermissen, an dem sie sich in den Pausen unterhalten und erholen k\u00f6nnen.<\/p>\n<p>Zum Planungszeitpunkt war eine lange Phase der am Hauptgeb\u00e4ude der Adolf-Reichwein-Schule zu Ende gegangen. Allerdings war die Gestaltung des Au\u00dfenbereichs nicht vorgesehen, so dass hier alles so geblieben war, wie es jahrzehntelang schon bestand: Viel Asphalt, Pflaster, wenige Tischtennisplatten und Basketballk\u00f6rbe. Die gew\u00fcnschten Kommunikationsbereiche und Zonen zur Entspannung, gerade f\u00fcr die \u00e4lteren Sch\u00fclerinnen und Sch\u00fcler, fehlten.<\/p>\n<p>Im Verlauf der Ideenfindung haben die M\u00e4dchen und Jungen f\u00fcr sich den Wunsch definiert, dass es R\u00fcckzugsbereiche im Au\u00dfengel\u00e4nde der Schule geben sollte. Die Sch\u00fclerinnen und Sch\u00fcler ben\u00f6tigen Treffpunkte und Sitzgelegenheiten, die sie sowohl in den Pausen, aber auch in Unterrichtsstunden mit offenen Angeboten nutzen k\u00f6nnen.<\/p>\n<p><a href=\"http:\/\/www.ars-pohlheim.net\/wp-content\/uploads\/2021\/06\/schulhoftr\u00e4ume2021-02.jpg\"><img loading=\"lazy\" class=\"alignleft wp-image-9384\" src=\"http:\/\/www.ars-pohlheim.net\/wp-content\/uploads\/2021\/06\/schulhoftr\u00e4ume2021-02-221x300.jpg\" alt=\"\" width=\"163\" height=\"221\" srcset=\"https:\/\/www.ars-pohlheim.net\/wp-content\/uploads\/2021\/06\/schulhoftr\u00e4ume2021-02-221x300.jpg 221w, https:\/\/www.ars-pohlheim.net\/wp-content\/uploads\/2021\/06\/schulhoftr\u00e4ume2021-02.jpg 375w\" sizes=\"(max-width: 163px) 100vw, 163px\" \/><\/a>Es war den Sch\u00fclerinnen und Sch\u00fclern obendrein wichtig, diese Orte naturnah, mit zus\u00e4tzlichen Bepflanzungen zu versehen. Solche Bereiche k\u00f6nnen dann gleicherma\u00dfen der Erholung dienen, zur Kommunikation genutzt werden oder sogar in den Unterricht eingebunden werden. Gerade die vergangenen hei\u00dfen Sommer haben gezeigt, dass Unterricht im Freien mit entsprechenden Voraussetzungen f\u00fcr alle Beteiligten ein sehr gro\u00dfer Gewinn ist.<\/p>\n<p>Im weiteren Verlauf hat sich die Arbeitsgruppe intensiv \u00fcber die Nutzung von bisher nicht genutzten Ecken rund um die Schule ausgetauscht.&nbsp;<\/p>\n<p>Die Sch\u00fclerinnen und Sch\u00fcler wollten gerne, dass sie M\u00f6glichkeiten erhalten, sich in Kleingruppen auch au\u00dferhalb des Schulgeb\u00e4udes zur\u00fcckziehen zu k\u00f6nnen. Weiterhin sollte es eine M\u00f6glichkeit geben, sich mit einer gr\u00f6\u00dferen Gruppe zusammen zu treffen. Sei es, um einfach nur Zeit gemeinsam zu verbringen oder aber um gegebenenfalls auch Unterricht im Freien durchzuf\u00fchren.<\/p>\n<p>Es wurde besprochen, dass diese W\u00fcnsche auch \u00fcber mehrere Teilprojekte m\u00f6glich sind. Der Begriff der Nachhaltigkeit wurde ebenfalls in die Planungen einbezogen. Es sollte etwas Langlebiges entstehen, dass am Ende ein Plus an \u00d6komasse bedeutet. Die Sch\u00fclerinnen und Sch\u00fcler sammelten viele kreative Ideen.<\/p>\n<p>Die Adolf-Reichwein-Schule ist seit Jahren immer wieder mit dem G\u00fctesiegel \u201eUmweltschule\u201c des Hessischen Kultusministeriums ausgezeichnet worden. Aufgrund dessen war auch schnell klar, dass die Gestaltung des gesamten Projektes naturnah erfolgen sollte. Neben den gew\u00fcnschten Sitzm\u00f6glichkeiten sollten auch standortgerechte und vor allem heimische Pflanzen angepflanzt werden. Bei den schlie\u00dflich gepflanzten Apfelb\u00e4umen hat man sich bewusst f\u00fcr alte Apfelsorten entschieden. Diese k\u00f6nnen von der Schulgarten-AG in Zukunft weitergepflegt werden.<\/p>\n<p>Projektablauf:<\/p>\n<p>Als erstes wurde eine Skizze entworfen. Mit der Entwicklung der Skizze haben sich die W\u00fcnsche der Sch\u00fclerinnen und Sch\u00fcler immer weiter konkretisiert. Am Ende haben eine Mutter und ihre Tochter gemeinsam ein Modell erstellt. Dieses Modell wurde dann eine erste Konkretisierung des Traumes zum Anfassen f\u00fcr die Sch\u00fclerinnen und Sch\u00fcler und die weiteren Beteiligten.<\/p>\n<p><a href=\"http:\/\/www.ars-pohlheim.net\/wp-content\/uploads\/2021\/06\/schulhoftr\u00e4ume2021-03.jpg\"><img loading=\"lazy\" class=\"aligncenter wp-image-9385\" src=\"http:\/\/www.ars-pohlheim.net\/wp-content\/uploads\/2021\/06\/schulhoftr\u00e4ume2021-03-300x131.jpg\" alt=\"\" width=\"488\" height=\"213\" srcset=\"https:\/\/www.ars-pohlheim.net\/wp-content\/uploads\/2021\/06\/schulhoftr\u00e4ume2021-03-300x131.jpg 300w, https:\/\/www.ars-pohlheim.net\/wp-content\/uploads\/2021\/06\/schulhoftr\u00e4ume2021-03-768x336.jpg 768w, https:\/\/www.ars-pohlheim.net\/wp-content\/uploads\/2021\/06\/schulhoftr\u00e4ume2021-03.jpg 858w\" sizes=\"(max-width: 488px) 100vw, 488px\" \/><\/a><a href=\"http:\/\/www.ars-pohlheim.net\/wp-content\/uploads\/2021\/06\/schulhoftr\u00e4ume2021-04.jpg\"><img loading=\"lazy\" class=\"alignright size-medium wp-image-9386\" src=\"http:\/\/www.ars-pohlheim.net\/wp-content\/uploads\/2021\/06\/schulhoftr\u00e4ume2021-04-247x300.jpg\" alt=\"\" width=\"247\" height=\"300\" srcset=\"https:\/\/www.ars-pohlheim.net\/wp-content\/uploads\/2021\/06\/schulhoftr\u00e4ume2021-04-247x300.jpg 247w, https:\/\/www.ars-pohlheim.net\/wp-content\/uploads\/2021\/06\/schulhoftr\u00e4ume2021-04.jpg 550w\" sizes=\"(max-width: 247px) 100vw, 247px\" \/><\/a>Als die Schulen im Mai 2020 f\u00fcr die Sch\u00fclerinnen und Sch\u00fcler wieder ge\u00f6ffnet wurden, konnte an dem Traum-Projekt endlich weitergearbeitet werden. Es wurden Angebote eingeholt, was nicht immer ganz einfach war, da das Corona-Virus in vielen Firmen einen \u201enormalen\u201c Arbeitsablauf verhinderte. Die von den Sch\u00fclerinnen und Sch\u00fclern gew\u00fcnschten Waldsofas wurden nun bestellt und im Sp\u00e4tsommer aufgebaut.<\/p>\n<p>Im August und September wurden wir dann im Freigel\u00e4nde der Schule aktiv und der erste Teil des Projektes konnte beginnen.<\/p>\n<p><a href=\"http:\/\/www.ars-pohlheim.net\/wp-content\/uploads\/2021\/06\/schulhoftr\u00e4ume2021-05.jpg\"><img loading=\"lazy\" class=\"alignright size-medium wp-image-9387\" src=\"http:\/\/www.ars-pohlheim.net\/wp-content\/uploads\/2021\/06\/schulhoftr\u00e4ume2021-05-225x300.jpg\" alt=\"\" width=\"225\" height=\"300\" srcset=\"https:\/\/www.ars-pohlheim.net\/wp-content\/uploads\/2021\/06\/schulhoftr\u00e4ume2021-05-225x300.jpg 225w, https:\/\/www.ars-pohlheim.net\/wp-content\/uploads\/2021\/06\/schulhoftr\u00e4ume2021-05.jpg 375w\" sizes=\"(max-width: 225px) 100vw, 225px\" \/><\/a>Die Standorte f\u00fcr die f\u00fcnf Waldsofas wurden festgelegt. Danach wurden diese von Sch\u00fclerinnen und Sch\u00fclern des Jahrganges 9 zusammengebaut. Der handwerkliche Umgang mit Ratsche und Maulschl\u00fcssel konnte so ge\u00fcbt werden.<\/p>\n<p>Ferner wurden die Fundamente f\u00fcr die Waldsofas von Sch\u00fclerinnen und Sch\u00fclern der Jahrg\u00e4nge 8 und 9 tatkr\u00e4ftig ausgehoben. Auch einige Lehrkr\u00e4fte und der Hausmeister brachten sich hier in ihren freien Stunden mit ein.<\/p>\n<p>Einige M\u00e4dchen und Jungen hatten dabei nicht zum ersten Mal einen Spaten oder eine Hacke in der Hand und konnten so direkt in der Schule ihren Arbeitseinsatz beginnen. Manche kamen sehr ins Schwitzen, da diese Art von k\u00f6rperlichem Einsatz in der Schule nicht allt\u00e4glich ist. Nach dem Motto \u201eOhne Schwei\u00df, keinen Preis\u201c haben sich die Sch\u00fclerinnen, Sch\u00fcler und Lehrkr\u00e4fte ins Zeug gelegt und konnten dann auch relativ schnell von ihrer Arbeit profitieren: Sie konnten noch in den letzten sonnigen Tagen ein kleines Sonnenbad auf den Sofas genie\u00dfen.<\/p>\n<p><a href=\"http:\/\/www.ars-pohlheim.net\/wp-content\/uploads\/2021\/06\/schulhoftr\u00e4ume2021-06.jpg\"><img loading=\"lazy\" class=\"alignright size-medium wp-image-9388\" src=\"http:\/\/www.ars-pohlheim.net\/wp-content\/uploads\/2021\/06\/schulhoftr\u00e4ume2021-06-220x300.jpg\" alt=\"\" width=\"220\" height=\"300\" srcset=\"https:\/\/www.ars-pohlheim.net\/wp-content\/uploads\/2021\/06\/schulhoftr\u00e4ume2021-06-220x300.jpg 220w, https:\/\/www.ars-pohlheim.net\/wp-content\/uploads\/2021\/06\/schulhoftr\u00e4ume2021-06.jpg 550w\" sizes=\"(max-width: 220px) 100vw, 220px\" \/><\/a>Im Laufe des Projekts haben sich eine Vielzahl von Sch\u00fclerinnen und Sch\u00fclern der Jahrgangsstufen 8 und 9 eingebracht.<\/p>\n<p>Das Au\u00dfengel\u00e4nde der Adolf-Reichwein-Schule verwandelte sich nun in einen Ort, an dem man sich gerne aufh\u00e4lt und auch einmal abschalten kann. Die Natur kann hier im Liegen auf dem Hangsofa erlebt werden.<\/p>\n<p>&nbsp;<br \/>\nIm zweiten Teil des Projektes wurde die \u201eGr\u00fcne Ecke\u201c erstellt. Die Ecke wurde so aufgebaut, dass sich auch mehrere Personen in einem Halbkreis hinsetzen und miteinander in den Austausch gehen k\u00f6nnen.<\/p>\n<p>Ganz ohne Maschinen und Hilfe von au\u00dfen war die Umsetzung dann doch nicht m\u00f6glich. Die Sitzsteine konnten nur mit schwerem Ger\u00e4t an Ort und Stelle gebracht werden. Hierbei halfen auch Arbeiter des Landkreises Gie\u00dfen tatkr\u00e4ftig mit und die Gemeinde Pohlheim unterst\u00fctzte das Projekt ebenfalls durch das Anliefern von Material, wie bspw. Rindenmulch.<\/p>\n<p><a href=\"http:\/\/www.ars-pohlheim.net\/wp-content\/uploads\/2021\/06\/schulhoftr\u00e4ume2021-07.jpg\"><img loading=\"lazy\" class=\"alignleft wp-image-9389\" src=\"http:\/\/www.ars-pohlheim.net\/wp-content\/uploads\/2021\/06\/schulhoftr\u00e4ume2021-07-300x280.jpg\" alt=\"\" width=\"199\" height=\"186\" srcset=\"https:\/\/www.ars-pohlheim.net\/wp-content\/uploads\/2021\/06\/schulhoftr\u00e4ume2021-07-300x280.jpg 300w, https:\/\/www.ars-pohlheim.net\/wp-content\/uploads\/2021\/06\/schulhoftr\u00e4ume2021-07.jpg 614w\" sizes=\"(max-width: 199px) 100vw, 199px\" \/><\/a>Danach haben sich die Sch\u00fclerinnen jedoch wieder bei Erdarbeiten und der Bepflanzung tatkr\u00e4ftig miteinbringen k\u00f6nnen.<\/p>\n<p>Im Fr\u00fchjahr 2021 wurden dann die ersten Pflanzen gesetzt und Rasen ges\u00e4t.<\/p>\n<p>An dem Projekt haben neben der Arbeitsgruppe und den Lernenden der Jahrgangsstufen acht und neun auch zahlreiche weitere Personen aus der Schule und dem Umfeld das Projekt unterst\u00fctzt. An dieser Stelle gilt unser Dank den Hausmeistern der Schule, J\u00f6rg Gontrum und Andreas Pleyer, sowie dem Hausmeisterteam des Landkreises Gie\u00dfen.<\/p>\n<p>Bei der Abwicklung der Finanzierung hat sich der F\u00f6rderverein der Adolf-Reichwein-Schule, hier namentlich die Kassenwartin Monika Kissel, eingebracht und war jederzeit ansprechbar f\u00fcr die Unterst\u00fctzung des Projektes.<\/p>\n<p>Nicht zu vergessen ist der Bauhof der Stadt Pohlheim, der die Schule mit weiteren Materialien zur Umsetzung des Projektes unterst\u00fctzt hat.<\/p>\n<p>Herr Kuczera stellt als Koordinator f\u00fcr das Projekt fest: Es ist sch\u00f6n, wenn man sieht, was in einem gemeinsamen Projekt an einer Schule ver\u00e4ndert werden kann. Alle Beteiligten freuen sich \u00fcber das Ergebnis.<\/p>\n<p>Der Schulhof der Adolf-Reichwein-Schule ist um ein Vielfaches attraktiver geworden. Einmal durch die allgemeine gestalterische Aufwertung des Schulhofgel\u00e4ndes. Weiterhin werden jetzt Ecken genutzt, die vorher gar nicht im Blickpunkt standen. Die zus\u00e4tzlichen Sitzm\u00f6glichkeiten werden nun t\u00e4glich von vielen M\u00e4dchen und Jungen gerade der h\u00f6heren Jahrgangsstufen gerne genutzt.<\/p>\n<p><a href=\"http:\/\/www.ars-pohlheim.net\/wp-content\/uploads\/2021\/06\/schulhoftr\u00e4ume2021-08.jpg\"><img loading=\"lazy\" class=\"alignleft wp-image-9390\" src=\"http:\/\/www.ars-pohlheim.net\/wp-content\/uploads\/2021\/06\/schulhoftr\u00e4ume2021-08-300x118.jpg\" alt=\"\" width=\"468\" height=\"184\" srcset=\"https:\/\/www.ars-pohlheim.net\/wp-content\/uploads\/2021\/06\/schulhoftr\u00e4ume2021-08-300x118.jpg 300w, https:\/\/www.ars-pohlheim.net\/wp-content\/uploads\/2021\/06\/schulhoftr\u00e4ume2021-08-768x303.jpg 768w, https:\/\/www.ars-pohlheim.net\/wp-content\/uploads\/2021\/06\/schulhoftr\u00e4ume2021-08-1024x404.jpg 1024w, https:\/\/www.ars-pohlheim.net\/wp-content\/uploads\/2021\/06\/schulhoftr\u00e4ume2021-08.jpg 1426w\" sizes=\"(max-width: 468px) 100vw, 468px\" \/><\/a><\/p>\n","protected":false},"excerpt":{"rendered":"<p>Die Adolf-Reichwein-Schule in Pohlheim hat sich im Schuljahr 2019\/20 f\u00fcr den Wettbewerb \u201eSchulhoftr\u00e4ume\u201c des Deutschen Kinderhilfswerkes beworben. Der eingereichte Vorschlag konnte nicht nur in der Schule und deren Umfeld \u00fcberzeugen, sondern wurde auch als eines der Projekte ausgew\u00e4hlt, welches vom Deutschen Kinderhilfswerk unterst\u00fctzt wird.<\/p>\n","protected":false},"author":1,"featured_media":0,"comment_status":"closed","ping_status":"closed","sticky":false,"template":"","format":"standard","meta":{"ngg_post_thumbnail":0},"categories":[1],"tags":[],"_links":{"self":[{"href":"https:\/\/www.ars-pohlheim.net\/index.php?rest_route=\/wp\/v2\/posts\/9382"}],"collection":[{"href":"https:\/\/www.ars-pohlheim.net\/index.php?rest_route=\/wp\/v2\/posts"}],"about":[{"href":"https:\/\/www.ars-pohlheim.net\/index.php?rest_route=\/wp\/v2\/types\/post"}],"author":[{"embeddable":true,"href":"https:\/\/www.ars-pohlheim.net\/index.php?rest_route=\/wp\/v2\/users\/1"}],"replies":[{"embeddable":true,"href":"https:\/\/www.ars-pohlheim.net\/index.php?rest_route=%2Fwp%2Fv2%2Fcomments&post=9382"}],"version-history":[{"count":10,"href":"https:\/\/www.ars-pohlheim.net\/index.php?rest_route=\/wp\/v2\/posts\/9382\/revisions"}],"predecessor-version":[{"id":11748,"href":"https:\/\/www.ars-pohlheim.net\/index.php?rest_route=\/wp\/v2\/posts\/9382\/revisions\/11748"}],"wp:attachment":[{"href":"https:\/\/www.ars-pohlheim.net\/index.php?rest_route=%2Fwp%2Fv2%2Fmedia&parent=9382"}],"wp:term":[{"taxonomy":"category","embeddable":true,"href":"https:\/\/www.ars-pohlheim.net\/index.php?rest_route=%2Fwp%2Fv2%2Fcategories&post=9382"},{"taxonomy":"post_tag","embeddable":true,"href":"https:\/\/www.ars-pohlheim.net\/index.php?rest_route=%2Fwp%2Fv2%2Ftags&post=9382"}],"curies":[{"name":"wp","href":"https:\/\/api.w.org\/{rel}","templated":true}]}}