{"id":9369,"date":"2021-05-30T20:35:36","date_gmt":"2021-05-30T18:35:36","guid":{"rendered":"http:\/\/www.ars-pohlheim.net\/?p=9369"},"modified":"2021-05-30T20:37:51","modified_gmt":"2021-05-30T18:37:51","slug":"lucia-gabriela-bugan-radu-im-finale-des-hessenweiten-spanischen-vorlesewettbewerbs","status":"publish","type":"post","link":"https:\/\/www.ars-pohlheim.net\/?p=9369","title":{"rendered":"LUC\u00cdA GABRIELA BUGAN RADU IM FINALE DES HESSENWEITEN SPANISCHEN VORLESEWETTBEWERBS!"},"content":{"rendered":"<p style=\"text-align: left;\"><strong>\u201eLEO, LEO, \u2026 \u00bfQU\u00c9 LEES?\u201c<br \/>\nSTATT LIVE VOR ORT,<br \/>\nDIESES JAHR LIVE AUS DER GANZEN WELT<\/strong><\/p>\n<p style=\"text-align: center;\"><strong><img loading=\"lazy\" class=\"wp-image-9370 alignleft\" src=\"http:\/\/www.ars-pohlheim.net\/wp-content\/uploads\/2021\/05\/20210518_100422-300x135.jpg\" alt=\"\" width=\"367\" height=\"165\" srcset=\"https:\/\/www.ars-pohlheim.net\/wp-content\/uploads\/2021\/05\/20210518_100422-300x135.jpg 300w, https:\/\/www.ars-pohlheim.net\/wp-content\/uploads\/2021\/05\/20210518_100422-768x346.jpg 768w, https:\/\/www.ars-pohlheim.net\/wp-content\/uploads\/2021\/05\/20210518_100422-1024x462.jpg 1024w\" sizes=\"(max-width: 367px) 100vw, 367px\" \/><\/strong><\/p>\n<p>&nbsp;<\/p>\n<p>&nbsp;<\/p>\n<p>&nbsp;<\/p>\n<p>&nbsp;<\/p>\n<p>Foto: Lucia Gabriela beim Lesen<\/p>\n<p>Im dritten Jahr infolge hat es die Adolf-Reichwein-Schule ins Finale des spanischen Vorlesewettbewerbs \u201eLeo, leo, \u2026 \u00bfQu\u00e9 lees?\u201c geschafft, in dem seit dem Jahr 2011 j\u00e4hrlich hessische Schulen gegeneinander antreten.<\/p>\n<p>Am 23. April 2021 organisierte die ARS unter der Leitung von Spanischlehrkraft Frau Alicia Feregrino-Langer eines der insgesamt sechs Halbfinals des Vorlesewettbewerbs. Aufgrund des Fernunterrichts fand diese Veranstaltung in diesem Jahr in digitaler Form statt.<\/p>\n<p>Der Beitrag von Luc\u00eda Gabriela Bugan Radu, einer Sch\u00fclerin des 8. Jahrgangs, konnte die Jurymitglieder Frau Liliana Aguilar Lagos, live zugeschaltet aus Mexiko-Stadt, und Frau Lorrayne Martins Balbino de Miranda, live zugeschaltet aus Valencia, sowie Frau Julia Gr\u00fctzmacher, Spanischlehrkraft an der ARS, im Niveau B2 \u00fcberzeugen. Der Sch\u00fcler Plamen Lazarinov Peychev (Jahrgang 9) im Niveau A1 und die Sch\u00fclerin Elham Fagihi (Jahrgang 8) in der Niveaustufe A2 erreichten jeweils den 3. Platz beim Halbfinale.<\/p>\n<p>Insgesamt nahmen 37 hessische Schulen am Vorlesewettbewerb teil. Nach den sechs Halbfinals traten schlie\u00dflich die jeweils Erstplatzierten am 18. Mai in der Endausscheidung des hessenweiten spanischen Vorlesewettbewerbs gegeneinander an, um den bzw. die Hessen-Sieger\/-in 2021 zu ermitteln. Auch das Finale musste aufgrund der Pandemiesituation leider in digitaler Form stattfinden. Dennoch war es nicht weniger feierlich als die Jahre zuvor.<\/p>\n<p>So begann die Veranstaltung mit einer Videogru\u00dfbotschaft von Dr. Manuel L\u00f6sel, Staatssekret\u00e4r des Hessischen Kultusministeriums. F\u00fcr alle Jurymitglieder, zu denen auch Herr Francisco Mackenney Palamara, Generalkonsul Chiles in Frankfurt, sowie Frau Kristian Bickenbach Gil, Generalkonsulin Kolumbiens in Frankfurt, z\u00e4hlten, war es keine einfache Aufgabe, das hervorragende Vorlesen der Finalistinnen und Finalisten zu bewerten.<\/p>\n<p><img loading=\"lazy\" class=\"alignnone wp-image-9371 alignleft\" src=\"http:\/\/www.ars-pohlheim.net\/wp-content\/uploads\/2021\/05\/Vorlesewettbewerb-2021-e1622399027328-225x300.jpg\" alt=\"\" width=\"203\" height=\"271\" srcset=\"https:\/\/www.ars-pohlheim.net\/wp-content\/uploads\/2021\/05\/Vorlesewettbewerb-2021-e1622399027328-225x300.jpg 225w, https:\/\/www.ars-pohlheim.net\/wp-content\/uploads\/2021\/05\/Vorlesewettbewerb-2021-e1622399027328-768x1024.jpg 768w\" sizes=\"(max-width: 203px) 100vw, 203px\" \/><\/p>\n<p>Mit beim Finale dabei war unsere Sch\u00fclerin Luc\u00eda Gabriela. Von der Adolf-Reichwein-Schule aus verfolgten Sie und Frau Alicia Feregrino-Langer die Online-Veranstaltung mit gro\u00dfem Interesse.<\/p>\n<p>Die gesamte Schulgemeinde gratuliert Luc\u00eda Gabriela zu ihrem fehlerfreien Vorlesen und ihrer Teilnahme am Finale.<\/p>\n<p>Die ARS freut sich \u00fcber diesen tollen Erfolg und hofft, auch im n\u00e4chsten Jahr wieder bei \u201eLeo, leo, \u2026 \u00bfQu\u00e9 lees?\u201c mit dabei zu sein.<\/p>\n<p>Alicia Feregrino-Langer<\/p>\n","protected":false},"excerpt":{"rendered":"<p>\u201eLEO, LEO, \u2026 \u00bfQU\u00c9 LEES?\u201c STATT LIVE VOR ORT, DIESES JAHR LIVE AUS DER GANZEN WELT &nbsp; &nbsp; &nbsp; &nbsp; Foto: Lucia Gabriela beim Lesen Im dritten Jahr infolge hat es die Adolf-Reichwein-Schule ins Finale des spanischen Vorlesewettbewerbs \u201eLeo, leo, \u2026 \u00bfQu\u00e9 lees?\u201c geschafft, in dem seit dem Jahr 2011 j\u00e4hrlich hessische Schulen gegeneinander antreten. &hellip; <a href=\"https:\/\/www.ars-pohlheim.net\/?p=9369\" class=\"more-link\"><span class=\"screen-reader-text\">LUC\u00cdA GABRIELA BUGAN RADU IM FINALE DES HESSENWEITEN SPANISCHEN VORLESEWETTBEWERBS!<\/span> weiterlesen <span class=\"meta-nav\">&rarr;<\/span><\/a><\/p>\n","protected":false},"author":15,"featured_media":0,"comment_status":"closed","ping_status":"closed","sticky":false,"template":"","format":"standard","meta":{"ngg_post_thumbnail":0},"categories":[1],"tags":[],"_links":{"self":[{"href":"https:\/\/www.ars-pohlheim.net\/index.php?rest_route=\/wp\/v2\/posts\/9369"}],"collection":[{"href":"https:\/\/www.ars-pohlheim.net\/index.php?rest_route=\/wp\/v2\/posts"}],"about":[{"href":"https:\/\/www.ars-pohlheim.net\/index.php?rest_route=\/wp\/v2\/types\/post"}],"author":[{"embeddable":true,"href":"https:\/\/www.ars-pohlheim.net\/index.php?rest_route=\/wp\/v2\/users\/15"}],"replies":[{"embeddable":true,"href":"https:\/\/www.ars-pohlheim.net\/index.php?rest_route=%2Fwp%2Fv2%2Fcomments&post=9369"}],"version-history":[{"count":3,"href":"https:\/\/www.ars-pohlheim.net\/index.php?rest_route=\/wp\/v2\/posts\/9369\/revisions"}],"predecessor-version":[{"id":9374,"href":"https:\/\/www.ars-pohlheim.net\/index.php?rest_route=\/wp\/v2\/posts\/9369\/revisions\/9374"}],"wp:attachment":[{"href":"https:\/\/www.ars-pohlheim.net\/index.php?rest_route=%2Fwp%2Fv2%2Fmedia&parent=9369"}],"wp:term":[{"taxonomy":"category","embeddable":true,"href":"https:\/\/www.ars-pohlheim.net\/index.php?rest_route=%2Fwp%2Fv2%2Fcategories&post=9369"},{"taxonomy":"post_tag","embeddable":true,"href":"https:\/\/www.ars-pohlheim.net\/index.php?rest_route=%2Fwp%2Fv2%2Ftags&post=9369"}],"curies":[{"name":"wp","href":"https:\/\/api.w.org\/{rel}","templated":true}]}}