{"id":9305,"date":"2021-05-07T16:05:46","date_gmt":"2021-05-07T14:05:46","guid":{"rendered":"http:\/\/www.ars-pohlheim.net\/?p=9305"},"modified":"2021-05-07T16:23:11","modified_gmt":"2021-05-07T14:23:11","slug":"moeglicher-wechselbetrieb-ab-mittwoch","status":"publish","type":"post","link":"https:\/\/www.ars-pohlheim.net\/?p=9305","title":{"rendered":"M\u00f6glicher Wechselbetrieb ab Mittwoch"},"content":{"rendered":"<p>Liebe&nbsp;Schulgemeinde,<\/p>\n<p>heute Morgen haben wir vom Schulamt folgende Informationen erhalten:<\/p>\n<p>&#8222;Unterrichtsbetrieb in der kommenden Woche<br \/>\nAuf der Grundlage der t\u00e4glichen \u00dcbersicht zu den Fallzahlen COVID-19 in Hessen und den geltenden Rechtsverordnungen sowie dem Schreiben des Hessischen Kultusministers vom 23. April 2021 kann f\u00fcr den Schulbetrieb im Zust\u00e4ndigkeitsbereich des Staatlichen Schulamts Gie\u00dfen\/Vogelsberg folgende Prognose abgegeben werden:<\/p>\n<p>Seit vergangenem Mittwoch, dem 05. Mai 2021, liegt die Inzidenz im Landkreis Gie\u00dfen unter 165. Das hei\u00dft f\u00fcr die Schulen: Wenn die Inzidenz bis einschlie\u00dflich kommenden Montag (das w\u00e4ren dann 5 Werktage) unter 165 bleibt, werden die Schulen \u201eautomatisch\u201c am kommenden Mittwoch, den 12. Mai 2021 in Stufe I gehen<br \/>\n(= Wechselunterricht f\u00fcr alle Jahrgangsstufen inklusive der Abschlussklassen).&nbsp;W\u00e4re am kommenden Montag die Inzidenz wieder \u00fcber 165 (was wir nicht hoffen wollen), dann verblieben die Schulen in Stufe II.&#8220;<\/p>\n<p>Somit gehe ich im Moment davon aus, dass wir Ihre Kinder ab dem kommenden Mittwoch im Wechselbetrieb begr\u00fc\u00dfen k\u00f6nnen. Das w\u00fcrde bedeuten, dass die Gruppe A am 12.05.21 in die Schule kommt, dann folgt das lange Himmelfahrtwochenende und am 17.05. geht es dann mit Gruppe B weiter. Wenn Sie nicht mehr sicher sind, ob Ihr Kind zur Gruppe A oder B geh\u00f6rt, wenden Sie sich bitte an die Klassenlehrkraft. Der Unterricht beginnt mit zun\u00e4chst 2 Stunden bei der Klassenlehrkraft und setzt sich dann mit dem normalen Stundenplan fort.<\/p>\n<p><strong>Die Sch\u00fclerinnen und Sch\u00fcler des Jahrgangs 9, die an den Hauptschulabschlusspr\u00fcfungen teilnehmen, kommen bereits am Montag und Dienstag (10.\/11. Mai) zu ihrem Unterricht in die Schule. <span style=\"color: #ff0000;\">Alle \u00fcbrigen 9er und 10er bleiben Montag und Dienstag im Distanzunterricht.<\/span><\/strong><\/p>\n<p>Bitte beachten Sie au\u00dferdem, dass in der Schule eine Corona-Testpflicht herrscht. Entweder bringt Ihr Kind einen Nachweis \u00fcber ein negatives Testergebnis (nicht \u00e4lter als 72 Stunden) mit oder den nochmals <a href=\"http:\/\/www.ars-pohlheim.net\/wp-content\/uploads\/2021\/05\/31.03.Einwilligungs-und-Datenschutzerkl\u00e4rung.pdf\" target=\"_blank\" rel=\"noopener noreferrer\">angeh\u00e4ngten Bogen<\/a> (S. 6 gen\u00fcgt) zur Teilnahme am Selbsttest unter Aufsicht hier in der Schule. Nat\u00fcrlich nur, wenn Sie den Bogen nicht ohnehin schon in der Schule eingereicht haben bzw. per E-Mail geschickt haben. Viele von Ihnen haben das bereits getan, an dieser Stelle herzlichen Dank daf\u00fcr!<br \/>\nIch kann Sie nur dringend ermuntern, diesen Tests zuzustimmen, denn wir m\u00fcssen ungetestete Kinder ohne negatives Testergebnis wieder von Ihnen abholen lassen! Bereits seit dem 19.04. f\u00fchren wir hier in der Schule Corona-Tests durch und es ist wirklich unkompliziert, hygienisch und ungef\u00e4hrlich.<\/p>\n<p>Der Landkreis weist noch darauf hin, dass ab kommendem Montag die Benutzung der Busse nur noch mit FFP 2-Maske m\u00f6glich ist.<\/p>\n<p>Selbstverst\u00e4ndlich bieten wir auch weiterhin f\u00fcr berufst\u00e4tige Eltern die M\u00f6glichkeit der Notbetreuung an. Bitte teilen Sie mir umgehend mit, falls sich da ein Bedarf ver\u00e4ndert haben sollte.<\/p>\n<p>Ich w\u00fcnsche allen ein sch\u00f6nes Wochenende.<\/p>\n<p>Herzliche Gr\u00fc\u00dfe<br \/>\nPetra Br\u00fcll, Schulleiterin<\/p>\n<p>\u21d2&nbsp;<a href=\"http:\/\/www.ars-pohlheim.net\/wp-content\/uploads\/2021\/05\/31.03.Einwilligungs-und-Datenschutzerkl\u00e4rung.pdf\">Einwilligungs- und Datenschutzerkl\u00e4rung<\/a><\/p>\n","protected":false},"excerpt":{"rendered":"<p>Liebe&nbsp;Schulgemeinde, heute Morgen haben wir vom Schulamt folgende Informationen erhalten: &#8222;Unterrichtsbetrieb in der kommenden Woche Auf der Grundlage der t\u00e4glichen \u00dcbersicht zu den Fallzahlen COVID-19 in Hessen und den geltenden Rechtsverordnungen sowie dem Schreiben des Hessischen Kultusministers vom 23. April 2021 kann f\u00fcr den Schulbetrieb im Zust\u00e4ndigkeitsbereich des Staatlichen Schulamts Gie\u00dfen\/Vogelsberg folgende Prognose abgegeben werden: &hellip; <a href=\"https:\/\/www.ars-pohlheim.net\/?p=9305\" class=\"more-link\"><span class=\"screen-reader-text\">M\u00f6glicher Wechselbetrieb ab Mittwoch<\/span> weiterlesen <span class=\"meta-nav\">&rarr;<\/span><\/a><\/p>\n","protected":false},"author":15,"featured_media":0,"comment_status":"closed","ping_status":"closed","sticky":false,"template":"","format":"standard","meta":{"ngg_post_thumbnail":0},"categories":[1],"tags":[],"_links":{"self":[{"href":"https:\/\/www.ars-pohlheim.net\/index.php?rest_route=\/wp\/v2\/posts\/9305"}],"collection":[{"href":"https:\/\/www.ars-pohlheim.net\/index.php?rest_route=\/wp\/v2\/posts"}],"about":[{"href":"https:\/\/www.ars-pohlheim.net\/index.php?rest_route=\/wp\/v2\/types\/post"}],"author":[{"embeddable":true,"href":"https:\/\/www.ars-pohlheim.net\/index.php?rest_route=\/wp\/v2\/users\/15"}],"replies":[{"embeddable":true,"href":"https:\/\/www.ars-pohlheim.net\/index.php?rest_route=%2Fwp%2Fv2%2Fcomments&post=9305"}],"version-history":[{"count":8,"href":"https:\/\/www.ars-pohlheim.net\/index.php?rest_route=\/wp\/v2\/posts\/9305\/revisions"}],"predecessor-version":[{"id":9314,"href":"https:\/\/www.ars-pohlheim.net\/index.php?rest_route=\/wp\/v2\/posts\/9305\/revisions\/9314"}],"wp:attachment":[{"href":"https:\/\/www.ars-pohlheim.net\/index.php?rest_route=%2Fwp%2Fv2%2Fmedia&parent=9305"}],"wp:term":[{"taxonomy":"category","embeddable":true,"href":"https:\/\/www.ars-pohlheim.net\/index.php?rest_route=%2Fwp%2Fv2%2Fcategories&post=9305"},{"taxonomy":"post_tag","embeddable":true,"href":"https:\/\/www.ars-pohlheim.net\/index.php?rest_route=%2Fwp%2Fv2%2Ftags&post=9305"}],"curies":[{"name":"wp","href":"https:\/\/api.w.org\/{rel}","templated":true}]}}