{"id":9297,"date":"2021-04-23T16:45:00","date_gmt":"2021-04-23T14:45:00","guid":{"rendered":"http:\/\/www.ars-pohlheim.net\/?p=9297"},"modified":"2021-04-23T16:46:05","modified_gmt":"2021-04-23T14:46:05","slug":"corona-kunstprojekt","status":"publish","type":"post","link":"https:\/\/www.ars-pohlheim.net\/?p=9297","title":{"rendered":"CORONA-Kunstprojekt"},"content":{"rendered":"<p><strong>Digitale Kunstausstellung<\/strong><\/p>\n<p>Seit Monaten besch\u00e4ftigt uns das neuartige Corona-Virus &#8222;SARS-CoV-2&#8220; im Alltag und in den Medien.<\/p>\n<p>Dieses hat sich auf allen Kontinenten verbreitet und zwingt Menschen auf der ganzen Welt dazu, Abstand voneinander zu halten. In&nbsp;dem Kunstprojekt &#8222;Distancing in der SARS-CoV-2-\u00c4ra&#8220; erkundeten die Sch\u00fclerinnen und Sch\u00fcler der Klasse 8e und des WPU-II-Kurses 10 dieses Thema in k\u00fcnstlerischer Hinsicht.<\/p>\n<script type=\"text\/javascript\">jQuery(function() { _initLayerSlider( '#layerslider_10_1iai6xtuwzn0i', {createdWith: '6.11.2', sliderVersion: '6.11.2', pauseOnHover: 'enabled', skin: 'v6', navStartStop: false, navButtons: false, showCircleTimer: false, useSrcset: true, skinsPath: 'https:\/\/www.ars-pohlheim.net\/wp-content\/plugins\/LayerSlider\/assets\/static\/layerslider\/skins\/', plugins: [\"origami\"]}); });<\/script><div id=\"layerslider_10_1iai6xtuwzn0i\" class=\"ls-wp-container fitvidsignore\" style=\"width:1280px;height:720px;margin:0 auto;margin-bottom: 0px;\"><div class=\"ls-slide\" data-ls=\"duration:8000;transitionorigami:true;kenburnszoom:in;kenburnsscale:1.1;\"><img width=\"600\" height=\"450\" src=\"https:\/\/www.ars-pohlheim.net\/wp-content\/uploads\/2021\/04\/Anita-Neh-e1619039838156.jpg\" class=\"ls-bg\" alt=\"\" srcset=\"https:\/\/www.ars-pohlheim.net\/wp-content\/uploads\/2021\/04\/Anita-Neh-e1619039838156.jpg 600w, https:\/\/www.ars-pohlheim.net\/wp-content\/uploads\/2021\/04\/Anita-Neh-e1619039838156-300x225.jpg 300w\" sizes=\"(max-width: 600px) 100vw, 600px\" \/><\/div><div class=\"ls-slide\" data-ls=\"duration:8000;transitionorigami:true;kenburnszoom:out;kenburnsscale:1.1;\"><img width=\"432\" height=\"600\" src=\"https:\/\/www.ars-pohlheim.net\/wp-content\/uploads\/2021\/04\/Danial-8e.jpg\" class=\"ls-bg\" alt=\"\" srcset=\"https:\/\/www.ars-pohlheim.net\/wp-content\/uploads\/2021\/04\/Danial-8e.jpg 432w, https:\/\/www.ars-pohlheim.net\/wp-content\/uploads\/2021\/04\/Danial-8e-216x300.jpg 216w\" sizes=\"(max-width: 432px) 100vw, 432px\" \/><\/div><div class=\"ls-slide\" data-ls=\"duration:8000;transitionorigami:true;kenburnszoom:out;kenburnsscale:1.1;\"><img width=\"600\" height=\"435\" src=\"https:\/\/www.ars-pohlheim.net\/wp-content\/uploads\/2021\/04\/Jay-8e-e1619039879583.jpg\" class=\"ls-bg\" alt=\"\" srcset=\"https:\/\/www.ars-pohlheim.net\/wp-content\/uploads\/2021\/04\/Jay-8e-e1619039879583.jpg 600w, https:\/\/www.ars-pohlheim.net\/wp-content\/uploads\/2021\/04\/Jay-8e-e1619039879583-300x218.jpg 300w\" sizes=\"(max-width: 600px) 100vw, 600px\" \/><\/div><div class=\"ls-slide\" data-ls=\"duration:8000;transitionorigami:true;kenburnszoom:out;kenburnsscale:1.1;\"><img width=\"3024\" height=\"4032\" src=\"https:\/\/www.ars-pohlheim.net\/wp-content\/uploads\/2021\/04\/Jasmin-Neufeld.png\" class=\"ls-bg\" alt=\"\" srcset=\"https:\/\/www.ars-pohlheim.net\/wp-content\/uploads\/2021\/04\/Jasmin-Neufeld.png 3024w, https:\/\/www.ars-pohlheim.net\/wp-content\/uploads\/2021\/04\/Jasmin-Neufeld-225x300.png 225w, https:\/\/www.ars-pohlheim.net\/wp-content\/uploads\/2021\/04\/Jasmin-Neufeld-768x1024.png 768w\" sizes=\"(max-width: 3024px) 100vw, 3024px\" \/><\/div><div class=\"ls-slide\" data-ls=\"duration:8000;transitionorigami:true;kenburnszoom:in;kenburnsscale:1.1;\"><img width=\"450\" height=\"600\" src=\"https:\/\/www.ars-pohlheim.net\/wp-content\/uploads\/2021\/04\/Marina-Tadars.jpg\" class=\"ls-bg\" alt=\"\" srcset=\"https:\/\/www.ars-pohlheim.net\/wp-content\/uploads\/2021\/04\/Marina-Tadars.jpg 450w, https:\/\/www.ars-pohlheim.net\/wp-content\/uploads\/2021\/04\/Marina-Tadars-225x300.jpg 225w\" sizes=\"(max-width: 450px) 100vw, 450px\" \/><\/div><div class=\"ls-slide\" data-ls=\"duration:8000;transitionorigami:true;kenburnszoom:out;kenburnsscale:1.1;\"><img width=\"450\" height=\"600\" src=\"https:\/\/www.ars-pohlheim.net\/wp-content\/uploads\/2021\/04\/Maya-Ruckstuhl.jpg\" class=\"ls-bg\" alt=\"\" srcset=\"https:\/\/www.ars-pohlheim.net\/wp-content\/uploads\/2021\/04\/Maya-Ruckstuhl.jpg 450w, https:\/\/www.ars-pohlheim.net\/wp-content\/uploads\/2021\/04\/Maya-Ruckstuhl-225x300.jpg 225w\" sizes=\"(max-width: 450px) 100vw, 450px\" \/><\/div><div class=\"ls-slide\" data-ls=\"duration:8000;transitionorigami:true;kenburnszoom:in;kenburnsscale:1.1;\"><img width=\"750\" height=\"1624\" src=\"https:\/\/www.ars-pohlheim.net\/wp-content\/uploads\/2021\/04\/Rana-Mahbubi.png\" class=\"ls-bg\" alt=\"\" srcset=\"https:\/\/www.ars-pohlheim.net\/wp-content\/uploads\/2021\/04\/Rana-Mahbubi.png 750w, https:\/\/www.ars-pohlheim.net\/wp-content\/uploads\/2021\/04\/Rana-Mahbubi-139x300.png 139w, https:\/\/www.ars-pohlheim.net\/wp-content\/uploads\/2021\/04\/Rana-Mahbubi-473x1024.png 473w\" sizes=\"(max-width: 750px) 100vw, 750px\" \/><\/div><div class=\"ls-slide\" data-ls=\"duration:8000;transitionorigami:true;kenburnszoom:out;kenburnsscale:1.1;\"><img width=\"450\" height=\"600\" src=\"https:\/\/www.ars-pohlheim.net\/wp-content\/uploads\/2021\/04\/Samuel-Sabani.jpg\" class=\"ls-bg\" alt=\"\" srcset=\"https:\/\/www.ars-pohlheim.net\/wp-content\/uploads\/2021\/04\/Samuel-Sabani.jpg 450w, https:\/\/www.ars-pohlheim.net\/wp-content\/uploads\/2021\/04\/Samuel-Sabani-225x300.jpg 225w\" sizes=\"(max-width: 450px) 100vw, 450px\" \/><\/div><div class=\"ls-slide\" data-ls=\"duration:8000;transitionorigami:true;kenburnszoom:in;kenburnsscale:1.1;\"><img width=\"3968\" height=\"2976\" src=\"https:\/\/www.ars-pohlheim.net\/wp-content\/uploads\/2021\/04\/Lara-M\u00fcller-e1619039938690.png\" class=\"ls-bg\" alt=\"\" srcset=\"https:\/\/www.ars-pohlheim.net\/wp-content\/uploads\/2021\/04\/Lara-M\u00fcller-e1619039938690.png 3968w, https:\/\/www.ars-pohlheim.net\/wp-content\/uploads\/2021\/04\/Lara-M\u00fcller-e1619039938690-300x225.png 300w, https:\/\/www.ars-pohlheim.net\/wp-content\/uploads\/2021\/04\/Lara-M\u00fcller-e1619039938690-768x576.png 768w, https:\/\/www.ars-pohlheim.net\/wp-content\/uploads\/2021\/04\/Lara-M\u00fcller-e1619039938690-1024x768.png 1024w\" sizes=\"(max-width: 3968px) 100vw, 3968px\" \/><\/div><div class=\"ls-slide\" data-ls=\"bgsize:contain;bgcolor:#0d0c0c;duration:12000;kenburnszoom:out;kenburnsrotate:-10;kenburnsscale:1.2;\"><img width=\"521\" height=\"723\" src=\"https:\/\/www.ars-pohlheim.net\/wp-content\/uploads\/2021\/04\/Maline.jpg\" class=\"ls-bg\" alt=\"\" srcset=\"https:\/\/www.ars-pohlheim.net\/wp-content\/uploads\/2021\/04\/Maline.jpg 521w, https:\/\/www.ars-pohlheim.net\/wp-content\/uploads\/2021\/04\/Maline-216x300.jpg 216w\" sizes=\"(max-width: 521px) 100vw, 521px\" \/><\/div><\/div>\n<p>&nbsp;<\/p>\n<p>Kunst als menschliche Praxis reflektiert aktuelle Themen aus der Medizin, Politik und Sozialwissenschaft. Kreative Ideen, Materialien, Kunstpraxis und Kulturwissenschaft vermitteln ein neues Verst\u00e4ndnis \u00fcber die Pandemie.<\/p>\n<p>In der Auseinandersetzung mit der Thematik entwickelten die Sch\u00fclerinnen und Sch\u00fcler Ideen, die sie k\u00fcnstlerisch umgesetzt haben. Ziel sollte die kritische Beobachtung und Sensibilisierung f\u00fcr den \u00e4sthetisch-sozialen Umgang miteinander und der Pandemie sein.<\/p>\n<p>Die Diashow&nbsp;vermittelt einen sch\u00f6nen Eindruck von&nbsp;einigen kreativen Werken&nbsp; der Sch\u00fclerinnen und Sch\u00fcler!<\/p>\n<p>Filiz Bulut<\/p>\n<p>&nbsp;<\/p>\n<p>&nbsp;<\/p>\n","protected":false},"excerpt":{"rendered":"<p>Digitale Kunstausstellung Seit Monaten besch\u00e4ftigt uns das neuartige Corona-Virus &#8222;SARS-CoV-2&#8220; im Alltag und in den Medien. Dieses hat sich auf allen Kontinenten verbreitet und zwingt Menschen auf der ganzen Welt dazu, Abstand voneinander zu halten. In&nbsp;dem Kunstprojekt &#8222;Distancing in der SARS-CoV-2-\u00c4ra&#8220; erkundeten die Sch\u00fclerinnen und Sch\u00fcler der Klasse 8e und des WPU-II-Kurses 10 dieses Thema &hellip; <a href=\"https:\/\/www.ars-pohlheim.net\/?p=9297\" class=\"more-link\"><span class=\"screen-reader-text\">CORONA-Kunstprojekt<\/span> weiterlesen <span class=\"meta-nav\">&rarr;<\/span><\/a><\/p>\n","protected":false},"author":15,"featured_media":0,"comment_status":"closed","ping_status":"closed","sticky":false,"template":"","format":"standard","meta":{"ngg_post_thumbnail":0},"categories":[1],"tags":[],"_links":{"self":[{"href":"https:\/\/www.ars-pohlheim.net\/index.php?rest_route=\/wp\/v2\/posts\/9297"}],"collection":[{"href":"https:\/\/www.ars-pohlheim.net\/index.php?rest_route=\/wp\/v2\/posts"}],"about":[{"href":"https:\/\/www.ars-pohlheim.net\/index.php?rest_route=\/wp\/v2\/types\/post"}],"author":[{"embeddable":true,"href":"https:\/\/www.ars-pohlheim.net\/index.php?rest_route=\/wp\/v2\/users\/15"}],"replies":[{"embeddable":true,"href":"https:\/\/www.ars-pohlheim.net\/index.php?rest_route=%2Fwp%2Fv2%2Fcomments&post=9297"}],"version-history":[{"count":6,"href":"https:\/\/www.ars-pohlheim.net\/index.php?rest_route=\/wp\/v2\/posts\/9297\/revisions"}],"predecessor-version":[{"id":9304,"href":"https:\/\/www.ars-pohlheim.net\/index.php?rest_route=\/wp\/v2\/posts\/9297\/revisions\/9304"}],"wp:attachment":[{"href":"https:\/\/www.ars-pohlheim.net\/index.php?rest_route=%2Fwp%2Fv2%2Fmedia&parent=9297"}],"wp:term":[{"taxonomy":"category","embeddable":true,"href":"https:\/\/www.ars-pohlheim.net\/index.php?rest_route=%2Fwp%2Fv2%2Fcategories&post=9297"},{"taxonomy":"post_tag","embeddable":true,"href":"https:\/\/www.ars-pohlheim.net\/index.php?rest_route=%2Fwp%2Fv2%2Ftags&post=9297"}],"curies":[{"name":"wp","href":"https:\/\/api.w.org\/{rel}","templated":true}]}}