{"id":9205,"date":"2021-01-10T12:46:59","date_gmt":"2021-01-10T11:46:59","guid":{"rendered":"http:\/\/www.ars-pohlheim.net\/?p=9205"},"modified":"2021-01-10T13:12:28","modified_gmt":"2021-01-10T12:12:28","slug":"schulbetrieb-ab-11-01-2021","status":"publish","type":"post","link":"https:\/\/www.ars-pohlheim.net\/?p=9205","title":{"rendered":"Schulbetrieb ab 11.01.2021"},"content":{"rendered":"<p><strong>Liebe Sch\u00fclerinnen und Sch\u00fcler,&nbsp;<\/strong><br \/>\n<strong>liebe Eltern,&nbsp;<\/strong><\/p>\n<p>wir m\u00f6chten hier noch ein paar erkl\u00e4rende Hinweise f\u00fcr den Unterricht ab Montag geben:<\/p>\n<p>Abgesehen von der Beschulung der Abschlussklassen wird der <strong>Pr\u00e4senzunterricht<\/strong> nicht einfach als Alternative zum Distanzunterricht angeboten, sondern er ist ein Angebot nur f\u00fcr die Sch\u00fclerinnen und Sch\u00fcler, die aus <strong>wichtigen Gr\u00fcnden <\/strong>nicht zu Hause bleiben k\u00f6nnen.&nbsp;<strong>Der Distanzunterricht ist derzeit die Regel<\/strong>, der Pr\u00e4senzunterricht ist die Ausnahme. Bis Ende Januar wird sich der Pr\u00e4senzunterricht am Distanzunterricht orientieren, nicht umgekehrt.<\/p>\n<p>Das bedeutet: Die Kinder der <strong>Jahrg\u00e4nge 5 und 6<\/strong>, die f\u00fcr den Pr\u00e4senzunterricht angemeldet sind, nehmen von der Schule aus am Distanzunterricht teil. Dabei werden sie von Kolleginnen und Kollegen der ARS unterst\u00fctzt.<\/p>\n<p>Sch\u00fclerinnen und Sch\u00fcler des Jg. 5 arbeiten in der Mediathek, die des Jahrgangs 6 im Raum 213.<\/p>\n<p><span style=\"color: #000000;\">Es finden generell <strong>keine AGs<\/strong> statt, auch nicht digital.<\/span><br \/>\n<span style=\"color: #000000;\"> Ebenso<strong> entfallen <\/strong>bis zum 31.01.21 auch die <strong>Lerninseln.<\/strong><\/span><br \/>\n<span style=\"color: #000000;\"> Die <strong>Vorbereitungen auf die Pr\u00fcfungen finden digital<\/strong> statt.<\/span><br \/>\n<span style=\"color: #000000;\"> <strong>NaWi 5\/6 <\/strong>findet nicht statt.<\/span><br \/>\n<span style=\"color: #000000;\"> Auch <strong>HEB entf\u00e4llt<\/strong>, es wird jedoch eine Notbetreuung bis um 15:15 Uhr angeboten.<\/span><\/p>\n<p><strong>Leistungsnachweise<\/strong>: Mit Ausnahme der Abschlussklassen werden im Januar auch keine Klassenarbeiten\/Klausuren nachgeholt, die vor den Ferien verpasst wurden.<\/p>\n<p><strong>Zeugnisausgabe:<\/strong> \u00a7 62 VOGSV in der aktuell geltenden Fassung erlaubt den Schulleitungen einen oder mehrere Termine zur Zeugnisausgabe festzulegen. Dies ist in der letzten Schulwoche des 1. Halbjahres als auch noch im zweiten Halbjahr m\u00f6glich.<br \/>\nWir werden noch rechtzeitig informieren, wann die einzelnen Gruppen ihre Zeugnisse erhalten.<br \/>\nDie Zeugnisnoten lassen sich anhand der Leistungen bis zum 16.12.20 ermitteln.<\/p>\n<p>Die <strong>Jahrg\u00e4nge 7 und 8 <\/strong>bleiben zu Hause und werden per <strong>Distanzunterricht<\/strong> beschult. Die Lernenden werden durch die Lehrk\u00e4fte rechtzeitig informiert, auf welche Weise der Distanzunterricht erfolgen soll und wie die Lehrkr\u00e4fte zu erreichen sein werden (vgl. Leitfaden Distanzunterricht).<\/p>\n<p>Im <strong>Jahrgang 9<\/strong> kommen nur die bereits informierten Sch\u00fclerinnen und Sch\u00fcler, die entweder einen HSA anstreben oder aber einen gef\u00e4hrdeten RSA in Aussicht haben. Diese Sch\u00fcler werden von Montag bis Mittwoch nach Plan in der Schule unterrichtet (ohne 2. Fremdsprache). Ab Donnerstag werden jeweils von der 1. bis zur 4. Stunde bzw. von der 5. bis zur 8. Stunde nur die entsprechenden Sch\u00fclerinnen und Sch\u00fcler aus 9a und 9c bzw. 9b und d anwesend sein. Es findet dann die <strong>Durchf\u00fchrungsphase der Projektpr\u00fcfung<\/strong> statt. Nach Abschluss der Pr\u00fcfungen, also ab 22.01.21, l\u00e4uft dann f\u00fcr diese Sch\u00fclergruppe wieder der Unterricht nach Plan, ohne 2. Fremdsprache. Alle <strong>\u00fcbrigen Sch\u00fclerinnen und Sch\u00fcler des Jg. 9 haben Distanzunterricht.<\/strong><\/p>\n<p>Der <strong>Jahrgang 10 wird komplett im Pr\u00e4senzunterricht<\/strong> anwesend sein. Allerdings stehen hier <strong>jeder Lerngruppe zwei R\u00e4ume <\/strong>zur Verf\u00fcgung!<\/p>\n<p>Aus den <strong>Intensivklassen<\/strong> kommen insgesamt 6 Lernende zum Pr\u00e4senzunterricht.<\/p>\n<p>F\u00fcr die Jg. 9 und 10 findet der <strong>Sportunterricht auch weiterhin nur im Freien<\/strong>&nbsp;(oder im Raum in Form von Theorieunterricht) statt.<\/p>\n<p>Wir bitten alle in der Schule anwesenden Personen um strikte <strong>Beachtung der Hygieneregeln<\/strong>. Besonders das Tragen einer Maske, Halten von Abstand und regelm\u00e4\u00dfiges Sto\u00dfl\u00fcften sollten uns allen eine Selbstverst\u00e4ndlichkeit sein.<br \/>\nKinder, die bereits am Morgen vor der Schule Krankheitszeichen zeigen, bleiben bitte ebenso zu Hause wie Kinder, bei denen im Haushalt lebende Personen an Covid erkrankt sind.<\/p>\n<p>So sollten wir alle mit der schwierigen Situation gut umgehen k\u00f6nnen. Wir w\u00fcnschen allen Gesundheit, guten Unterricht und Lernerfolge.<\/p>\n<p>Petra Br\u00fcll, Schulleiterin und Thomas Krumbiegel, Stellvertreter<\/p>\n","protected":false},"excerpt":{"rendered":"<p>Liebe Sch\u00fclerinnen und Sch\u00fcler,&nbsp; liebe Eltern,&nbsp; wir m\u00f6chten hier noch ein paar erkl\u00e4rende Hinweise f\u00fcr den Unterricht ab Montag geben: Abgesehen von der Beschulung der Abschlussklassen wird der Pr\u00e4senzunterricht nicht einfach als Alternative zum Distanzunterricht angeboten, sondern er ist ein Angebot nur f\u00fcr die Sch\u00fclerinnen und Sch\u00fcler, die aus wichtigen Gr\u00fcnden nicht zu Hause bleiben &hellip; <a href=\"https:\/\/www.ars-pohlheim.net\/?p=9205\" class=\"more-link\"><span class=\"screen-reader-text\">Schulbetrieb ab 11.01.2021<\/span> weiterlesen <span class=\"meta-nav\">&rarr;<\/span><\/a><\/p>\n","protected":false},"author":10,"featured_media":0,"comment_status":"closed","ping_status":"closed","sticky":false,"template":"","format":"standard","meta":{"ngg_post_thumbnail":0},"categories":[1],"tags":[],"_links":{"self":[{"href":"https:\/\/www.ars-pohlheim.net\/index.php?rest_route=\/wp\/v2\/posts\/9205"}],"collection":[{"href":"https:\/\/www.ars-pohlheim.net\/index.php?rest_route=\/wp\/v2\/posts"}],"about":[{"href":"https:\/\/www.ars-pohlheim.net\/index.php?rest_route=\/wp\/v2\/types\/post"}],"author":[{"embeddable":true,"href":"https:\/\/www.ars-pohlheim.net\/index.php?rest_route=\/wp\/v2\/users\/10"}],"replies":[{"embeddable":true,"href":"https:\/\/www.ars-pohlheim.net\/index.php?rest_route=%2Fwp%2Fv2%2Fcomments&post=9205"}],"version-history":[{"count":11,"href":"https:\/\/www.ars-pohlheim.net\/index.php?rest_route=\/wp\/v2\/posts\/9205\/revisions"}],"predecessor-version":[{"id":9216,"href":"https:\/\/www.ars-pohlheim.net\/index.php?rest_route=\/wp\/v2\/posts\/9205\/revisions\/9216"}],"wp:attachment":[{"href":"https:\/\/www.ars-pohlheim.net\/index.php?rest_route=%2Fwp%2Fv2%2Fmedia&parent=9205"}],"wp:term":[{"taxonomy":"category","embeddable":true,"href":"https:\/\/www.ars-pohlheim.net\/index.php?rest_route=%2Fwp%2Fv2%2Fcategories&post=9205"},{"taxonomy":"post_tag","embeddable":true,"href":"https:\/\/www.ars-pohlheim.net\/index.php?rest_route=%2Fwp%2Fv2%2Ftags&post=9205"}],"curies":[{"name":"wp","href":"https:\/\/api.w.org\/{rel}","templated":true}]}}