{"id":9109,"date":"2020-11-20T17:54:29","date_gmt":"2020-11-20T16:54:29","guid":{"rendered":"http:\/\/www.ars-pohlheim.net\/?p=9109"},"modified":"2020-11-20T18:09:15","modified_gmt":"2020-11-20T17:09:15","slug":"mensa-kann-frueher-oeffnen","status":"publish","type":"post","link":"https:\/\/www.ars-pohlheim.net\/?p=9109","title":{"rendered":"Mensa kann fr\u00fcher \u00f6ffnen!"},"content":{"rendered":"<p>Liebe Schulgemeinde,<\/p>\n<p>bereits am kommenden Montag (23.11.2020) kann unsere Mensa wieder \u00f6ffnen. Kleine Snacks und Getr\u00e4nke, bei Bedarf auch ein warmes Mittagessen, sind ab sofort wieder dort erh\u00e4ltlich!<\/p>\n<p>Guten Appetit w\u00fcnschen<\/p>\n<p>Petra Br\u00fcll und Thomas Krumbiegel<br \/>\n(Schulleitung)<\/p>\n","protected":false},"excerpt":{"rendered":"<p>Liebe Schulgemeinde, bereits am kommenden Montag (23.11.2020) kann unsere Mensa wieder \u00f6ffnen. Kleine Snacks und Getr\u00e4nke, bei Bedarf auch ein warmes Mittagessen, sind ab sofort wieder dort erh\u00e4ltlich! Guten Appetit w\u00fcnschen Petra Br\u00fcll und Thomas Krumbiegel (Schulleitung)<\/p>\n","protected":false},"author":10,"featured_media":0,"comment_status":"closed","ping_status":"closed","sticky":false,"template":"","format":"standard","meta":{"ngg_post_thumbnail":0},"categories":[1],"tags":[],"_links":{"self":[{"href":"https:\/\/www.ars-pohlheim.net\/index.php?rest_route=\/wp\/v2\/posts\/9109"}],"collection":[{"href":"https:\/\/www.ars-pohlheim.net\/index.php?rest_route=\/wp\/v2\/posts"}],"about":[{"href":"https:\/\/www.ars-pohlheim.net\/index.php?rest_route=\/wp\/v2\/types\/post"}],"author":[{"embeddable":true,"href":"https:\/\/www.ars-pohlheim.net\/index.php?rest_route=\/wp\/v2\/users\/10"}],"replies":[{"embeddable":true,"href":"https:\/\/www.ars-pohlheim.net\/index.php?rest_route=%2Fwp%2Fv2%2Fcomments&post=9109"}],"version-history":[{"count":2,"href":"https:\/\/www.ars-pohlheim.net\/index.php?rest_route=\/wp\/v2\/posts\/9109\/revisions"}],"predecessor-version":[{"id":9112,"href":"https:\/\/www.ars-pohlheim.net\/index.php?rest_route=\/wp\/v2\/posts\/9109\/revisions\/9112"}],"wp:attachment":[{"href":"https:\/\/www.ars-pohlheim.net\/index.php?rest_route=%2Fwp%2Fv2%2Fmedia&parent=9109"}],"wp:term":[{"taxonomy":"category","embeddable":true,"href":"https:\/\/www.ars-pohlheim.net\/index.php?rest_route=%2Fwp%2Fv2%2Fcategories&post=9109"},{"taxonomy":"post_tag","embeddable":true,"href":"https:\/\/www.ars-pohlheim.net\/index.php?rest_route=%2Fwp%2Fv2%2Ftags&post=9109"}],"curies":[{"name":"wp","href":"https:\/\/api.w.org\/{rel}","templated":true}]}}