{"id":9085,"date":"2020-11-08T14:44:55","date_gmt":"2020-11-08T13:44:55","guid":{"rendered":"http:\/\/www.ars-pohlheim.net\/?p=9085"},"modified":"2020-11-08T14:47:07","modified_gmt":"2020-11-08T13:47:07","slug":"so-geht-es-weiter","status":"publish","type":"post","link":"https:\/\/www.ars-pohlheim.net\/?p=9085","title":{"rendered":"So geht es weiter"},"content":{"rendered":"<p>Am 9.11.20 beginnt der Pr\u00e4senzunterricht an der ARS.<\/p>\n<p>Die <strong>Jahrg\u00e4nge 5 und 6<\/strong> werden im<strong> Klassenverband<\/strong> unterrichtet, die Jahrg\u00e4nge <strong>7 bis 10 im Wechselmodell<\/strong>. Dabei gilt folgendes Schema:<\/p>\n<p><strong>Gruppe A<\/strong> hat Unterricht zu folgenden Zeiten:<br \/>\nWoche vom 9.11. bis 13.11.: Montag, Mittwoch , Freitag<br \/>\nWoche vom 16.11. bis 20.11.: Dienstag und Donnerstag<\/p>\n<p><strong>Gruppe B:<\/strong><br \/>\nWoche vom 9.11. bis 13.11.: Dienstag und Donnerstag<br \/>\nWoche vom 16.11. bis 20.11.: Montag, Mittwoch , Freitag<\/p>\n<p>Es besteht grunds\u00e4tzlich f\u00fcr alle Sch\u00fclerinnen und Sch\u00fcler Maskenpflicht! Die Maske darf nur zum Essen\/Trinken abgenommen werden, dazu muss die Person m\u00f6glichst einzeln sitzen oder stehen. W\u00e4hrend des Herumlaufens werden Masken getragen.<\/p>\n<p>Petra Br\u00fcll, Schulleiterin<\/p>\n<p>&nbsp;<\/p>\n","protected":false},"excerpt":{"rendered":"<p>Am 9.11.20 beginnt der Pr\u00e4senzunterricht an der ARS. Die Jahrg\u00e4nge 5 und 6 werden im Klassenverband unterrichtet, die Jahrg\u00e4nge 7 bis 10 im Wechselmodell. Dabei gilt folgendes Schema: Gruppe A hat Unterricht zu folgenden Zeiten: Woche vom 9.11. bis 13.11.: Montag, Mittwoch , Freitag Woche vom 16.11. bis 20.11.: Dienstag und Donnerstag Gruppe B: Woche &hellip; <a href=\"https:\/\/www.ars-pohlheim.net\/?p=9085\" class=\"more-link\"><span class=\"screen-reader-text\">So geht es weiter<\/span> weiterlesen <span class=\"meta-nav\">&rarr;<\/span><\/a><\/p>\n","protected":false},"author":10,"featured_media":0,"comment_status":"closed","ping_status":"closed","sticky":false,"template":"","format":"standard","meta":{"ngg_post_thumbnail":0},"categories":[1],"tags":[],"_links":{"self":[{"href":"https:\/\/www.ars-pohlheim.net\/index.php?rest_route=\/wp\/v2\/posts\/9085"}],"collection":[{"href":"https:\/\/www.ars-pohlheim.net\/index.php?rest_route=\/wp\/v2\/posts"}],"about":[{"href":"https:\/\/www.ars-pohlheim.net\/index.php?rest_route=\/wp\/v2\/types\/post"}],"author":[{"embeddable":true,"href":"https:\/\/www.ars-pohlheim.net\/index.php?rest_route=\/wp\/v2\/users\/10"}],"replies":[{"embeddable":true,"href":"https:\/\/www.ars-pohlheim.net\/index.php?rest_route=%2Fwp%2Fv2%2Fcomments&post=9085"}],"version-history":[{"count":4,"href":"https:\/\/www.ars-pohlheim.net\/index.php?rest_route=\/wp\/v2\/posts\/9085\/revisions"}],"predecessor-version":[{"id":9089,"href":"https:\/\/www.ars-pohlheim.net\/index.php?rest_route=\/wp\/v2\/posts\/9085\/revisions\/9089"}],"wp:attachment":[{"href":"https:\/\/www.ars-pohlheim.net\/index.php?rest_route=%2Fwp%2Fv2%2Fmedia&parent=9085"}],"wp:term":[{"taxonomy":"category","embeddable":true,"href":"https:\/\/www.ars-pohlheim.net\/index.php?rest_route=%2Fwp%2Fv2%2Fcategories&post=9085"},{"taxonomy":"post_tag","embeddable":true,"href":"https:\/\/www.ars-pohlheim.net\/index.php?rest_route=%2Fwp%2Fv2%2Ftags&post=9085"}],"curies":[{"name":"wp","href":"https:\/\/api.w.org\/{rel}","templated":true}]}}