{"id":9075,"date":"2020-11-04T13:53:27","date_gmt":"2020-11-04T12:53:27","guid":{"rendered":"http:\/\/www.ars-pohlheim.net\/?p=9075"},"modified":"2020-11-04T13:53:27","modified_gmt":"2020-11-04T12:53:27","slug":"distanzunterricht-bis-ende-der-woche","status":"publish","type":"post","link":"https:\/\/www.ars-pohlheim.net\/?p=9075","title":{"rendered":"Distanzunterricht bis Ende der Woche!"},"content":{"rendered":"<p><strong>Liebe Eltern,<\/strong><\/p>\n<p>wir k\u00f6nnen&nbsp;Ihre Ungeduld bez\u00fcglich der Testergebnisse wirklich gut verstehen. Ich m\u00f6chte aber noch einmal darauf hinweisen, dass die Testung eine Aktion des Gesundheitsamtes war und auch nur dieses Sie \u00fcber die Testergebnisse informieren wird.&nbsp;Der Schule liegen keine Daten vor! Daher kann auch unser Sekretariat leider bei Anfragen dieser Art nicht weiterhelfen. Umgedreht w\u00e4re es aber ausgesprochen wichtig, dass Sie wie bisher Meldungen an das Sekretariat machen, wenn Ihr Kind positiv getestet wurde oder sich aus anderen Gr\u00fcnden in Quarant\u00e4ne befindet. Danke f\u00fcr Ihr Verst\u00e4ndnis!<\/p>\n<p><span style=\"color: #000000;\"><strong><span style=\"color: #ff0000;\">Schul\u00f6ffnung<\/span>: Die Landr\u00e4tin Anita Schneider hat in Absprache mit der Schuldezernentin Dr. Christiane Schmahl und nach R\u00fccksprache mit dem Schulamtsleiter Norbert Kissel angeordnet, <span style=\"color: #ff0000;\">dass die ARS bis einschlie\u00dflich Sonntag geschlossen bleibt.<\/span><\/strong><\/span><\/p>\n<p>Der Pr\u00e4senzunterricht beginnt also erst am kommenden Montag, 09.11.20 f\u00fcr Ihre Kinder. Es besteht dann die <span style=\"color: #ff0000;\"><strong>Pflicht durchgehend einen Mund-Nasenschutz zu tragen<\/strong>,<\/span> der nur zum Essen oder f\u00fcr &#8222;Atempausen&#8220; abgenommen werden darf.<\/p>\n<p><strong><span style=\"color: #ff0000;\">F\u00fcr die Jahrg\u00e4nge 5 und 6<\/span><\/strong> ist Klassenunterricht vorgesehen (also Unterricht nach dem g\u00fcltigen Stundenplan), Sport nur im Freien und es soll m\u00f6glichst keine Durchmischung der Lerngruppen geben. Daher entfallen in der n\u00e4chsten Zeit fast alle AG-Angebote. Es gibt f\u00fcr den Bereich NaWi Sonderregelungen, da werden Sie noch gesondert durch die Lehrkr\u00e4fte informiert.<br \/>\nIch bitte Sie genau zu \u00fcberpr\u00fcfen, ob Ihre Kinder das HEB-Angebot in der n\u00e4chsten Zeit nutzen m\u00fcssen. Wenn Sie es aus Betreuungsgr\u00fcnden ben\u00f6tigen, werden wir Ihre Kinder gern betreuen. Ansonsten m\u00f6chten wir aus Gr\u00fcnden des Infektionsschutzes darum bitten, die Kinder nun nach dem Unterricht nach Hause gehen zu lassen. Denn dies ist eine Veranstaltung, bei der sich logischerweise die Klassen und sogar zwei Jahrg\u00e4nge mischen. Wenn Ihr Kind an HEB in den n\u00e4chsten Wochen teilnehmen soll, teilen Sie dies bitte im Sekretariat mit. Das ist wichtig, damit wir planen und die Veranstaltung m\u00f6glichst sicher organisieren k\u00f6nnen.<\/p>\n<p><strong><span style=\"color: #ff0000;\">F\u00fcr die Jg. 7 bis10&nbsp;&nbsp;<\/span><\/strong>ist Unterricht im Wechselmodell vorgesehen. Das bedeutet, dass immer die H\u00e4lfte der Klasse Unterricht nach dem g\u00fcltigen Stundenplan erh\u00e4lt und das tageweise gewechselt wird. Wer in Gruppe A ist, beginnt mit Pr\u00e4senzunterricht am Montag, bleibt Dienstag zu Hause usw, wer in Gruppe B ist, startet am Dienstag mit Pr\u00e4senzunterricht, bleibt Mittwoch zu Hause usw. N\u00e4hreres dazu k\u00f6nnen Ihnen die Klassenlehrkr\u00e4fte bzw. die Stufenleiter Herr Kuczera und Herr Schunk mitteilen.<\/p>\n<p><strong>Sportunterricht<\/strong> findet nur im Freien statt und es soll generell m\u00f6glichst keine unn\u00f6tige Durchmischung der Lerngruppen geben. Daher entfallen in der n\u00e4chsten Zeit fast alle AG-Angebote. Es gibt Sonderregelungen f\u00fcr einzelne Kurse, da erhalten Ihre Kinder von den Lehrkr\u00e4ften noch gesondert Informationen.<\/p>\n<p><strong>Unsere Mensa<\/strong> bleibt bis mindestens zum 13.11.2020 geschlossen, der Wasserspender ist zurzeit ebenfalls au\u00dfer Betrieb. Bitte geben Sie Ihren Kindern daher ausreichend Verpflegung mit in die Schule.<\/p>\n<p>Wenn Ihr Kind am Montag Zeichen einer Erk\u00e4ltung aufweist, lassen Sie es lieber einen Tag l\u00e4nger zu Hause. Gern kl\u00e4ren Sie auch vermeintlich &#8222;harmlose&#8220; Erk\u00e4ltungen mit dem Arzt ab. Denn viele der positiv Getesteten hatten und haben keine oder fast keine Symptome, k\u00f6nnen aber nat\u00fcrlich das Virus weitertragen.<\/p>\n<p>Ich bin sehr zuversichtlich, dass hier nun Ma\u00dfnahmen beschlossen wurden, die die Gesundheit der Kinder und der Lehrkr\u00e4fte als Entscheidungsgrundlage hatte. Dar\u00fcber bin ich sehr froh und freue mich auf den Neustart ab n\u00e4chstem Montag.<\/p>\n<p>Bleiben Sie gesund!<\/p>\n<p>Herzliche Gr\u00fc\u00dfe<br \/>\nPetra Br\u00fcll<\/p>\n","protected":false},"excerpt":{"rendered":"<p>Liebe Eltern, wir k\u00f6nnen&nbsp;Ihre Ungeduld bez\u00fcglich der Testergebnisse wirklich gut verstehen. Ich m\u00f6chte aber noch einmal darauf hinweisen, dass die Testung eine Aktion des Gesundheitsamtes war und auch nur dieses Sie \u00fcber die Testergebnisse informieren wird.&nbsp;Der Schule liegen keine Daten vor! Daher kann auch unser Sekretariat leider bei Anfragen dieser Art nicht weiterhelfen. Umgedreht w\u00e4re &hellip; <a href=\"https:\/\/www.ars-pohlheim.net\/?p=9075\" class=\"more-link\"><span class=\"screen-reader-text\">Distanzunterricht bis Ende der Woche!<\/span> weiterlesen <span class=\"meta-nav\">&rarr;<\/span><\/a><\/p>\n","protected":false},"author":15,"featured_media":0,"comment_status":"closed","ping_status":"closed","sticky":false,"template":"","format":"standard","meta":{"ngg_post_thumbnail":0},"categories":[1],"tags":[],"_links":{"self":[{"href":"https:\/\/www.ars-pohlheim.net\/index.php?rest_route=\/wp\/v2\/posts\/9075"}],"collection":[{"href":"https:\/\/www.ars-pohlheim.net\/index.php?rest_route=\/wp\/v2\/posts"}],"about":[{"href":"https:\/\/www.ars-pohlheim.net\/index.php?rest_route=\/wp\/v2\/types\/post"}],"author":[{"embeddable":true,"href":"https:\/\/www.ars-pohlheim.net\/index.php?rest_route=\/wp\/v2\/users\/15"}],"replies":[{"embeddable":true,"href":"https:\/\/www.ars-pohlheim.net\/index.php?rest_route=%2Fwp%2Fv2%2Fcomments&post=9075"}],"version-history":[{"count":1,"href":"https:\/\/www.ars-pohlheim.net\/index.php?rest_route=\/wp\/v2\/posts\/9075\/revisions"}],"predecessor-version":[{"id":9076,"href":"https:\/\/www.ars-pohlheim.net\/index.php?rest_route=\/wp\/v2\/posts\/9075\/revisions\/9076"}],"wp:attachment":[{"href":"https:\/\/www.ars-pohlheim.net\/index.php?rest_route=%2Fwp%2Fv2%2Fmedia&parent=9075"}],"wp:term":[{"taxonomy":"category","embeddable":true,"href":"https:\/\/www.ars-pohlheim.net\/index.php?rest_route=%2Fwp%2Fv2%2Fcategories&post=9075"},{"taxonomy":"post_tag","embeddable":true,"href":"https:\/\/www.ars-pohlheim.net\/index.php?rest_route=%2Fwp%2Fv2%2Ftags&post=9075"}],"curies":[{"name":"wp","href":"https:\/\/api.w.org\/{rel}","templated":true}]}}