{"id":8899,"date":"2020-10-05T20:24:39","date_gmt":"2020-10-05T18:24:39","guid":{"rendered":"http:\/\/www.ars-pohlheim.net\/?p=8899"},"modified":"2020-10-06T16:32:19","modified_gmt":"2020-10-06T14:32:19","slug":"trotz-corona-schon-voll-angekommen-der-neue-stellvertretende-schulleiter-an-der-ars","status":"publish","type":"post","link":"https:\/\/www.ars-pohlheim.net\/?p=8899","title":{"rendered":"Trotz Corona schon voll angekommen &#8230;"},"content":{"rendered":"<p><strong>Der neue Stellvertretende Schulleiter an der ARS<\/strong><\/p>\n<p>Zum 1.10.2020 wurde an der ARS der Stellvertreter-Posten endg\u00fcltig besetzt. Bereits am 01.02.2020 hatte Thomas Krumbiegel von der Theo-Koch-Schule Gr\u00fcnberg kommend den Posten kommissarisch besetzt. Dank seiner ausgesprochen gr\u00fcndlichen Vorbereitung gelang es ihm innerhalb k\u00fcrzester Zeit sich in die neue Schule und deren Strukturen einzuarbeiten. Das war auch sehr gut, denn ab 13. M\u00e4rz hatte die Schule aufgrund der Corona-Pandemie geschlossen, und so musste Herr Krumbiegel auf Distanz mit den neuen Kolleginnen und Kollegen arbeiten.<\/p>\n<script type=\"text\/javascript\">jQuery(function() { _initLayerSlider( '#layerslider_7_3yjrarld2b6m', {createdWith: '6.11.2', sliderVersion: '6.11.2', pauseOnHover: 'enabled', keybNav: false, touchNav: false, skin: 'v6', navPrevNext: false, navStartStop: false, navButtons: false, showCircleTimer: false, useSrcset: true, skinsPath: 'https:\/\/www.ars-pohlheim.net\/wp-content\/plugins\/LayerSlider\/assets\/static\/layerslider\/skins\/'}); });<\/script><div id=\"layerslider_7_3yjrarld2b6m\" class=\"ls-wp-container fitvidsignore\" style=\"width:1280px;height:720px;margin:0 auto;margin-bottom: 0px;\"><div class=\"ls-slide\" data-ls=\"bgsize:contain;duration:9000;transition2d:5,81;transitionduration:2000;kenburnszoom:in;kenburnsscale:1.2;\"><img width=\"1200\" height=\"1600\" src=\"https:\/\/www.ars-pohlheim.net\/wp-content\/uploads\/2020\/10\/B6ACC45B-1D8C-432E-96CD-011C570FFD48.jpeg\" class=\"ls-bg\" alt=\"\" srcset=\"https:\/\/www.ars-pohlheim.net\/wp-content\/uploads\/2020\/10\/B6ACC45B-1D8C-432E-96CD-011C570FFD48.jpeg 1200w, https:\/\/www.ars-pohlheim.net\/wp-content\/uploads\/2020\/10\/B6ACC45B-1D8C-432E-96CD-011C570FFD48-225x300.jpeg 225w, https:\/\/www.ars-pohlheim.net\/wp-content\/uploads\/2020\/10\/B6ACC45B-1D8C-432E-96CD-011C570FFD48-768x1024.jpeg 768w\" sizes=\"(max-width: 1200px) 100vw, 1200px\" \/><img width=\"1200\" height=\"1600\" src=\"https:\/\/www.ars-pohlheim.net\/wp-content\/uploads\/2020\/10\/B6ACC45B-1D8C-432E-96CD-011C570FFD48.jpeg\" class=\"ls-tn\" alt=\"\" srcset=\"https:\/\/www.ars-pohlheim.net\/wp-content\/uploads\/2020\/10\/B6ACC45B-1D8C-432E-96CD-011C570FFD48.jpeg 1200w, https:\/\/www.ars-pohlheim.net\/wp-content\/uploads\/2020\/10\/B6ACC45B-1D8C-432E-96CD-011C570FFD48-225x300.jpeg 225w, https:\/\/www.ars-pohlheim.net\/wp-content\/uploads\/2020\/10\/B6ACC45B-1D8C-432E-96CD-011C570FFD48-768x1024.jpeg 768w\" sizes=\"(max-width: 1200px) 100vw, 1200px\" \/><\/div><div class=\"ls-slide\" data-ls=\"bgsize:contain;duration:9000;transition2d:5,81;transitionduration:2000;overflow:true;kenburnszoom:in;kenburnsscale:1.2;\"><img width=\"1600\" height=\"1200\" src=\"https:\/\/www.ars-pohlheim.net\/wp-content\/uploads\/2020\/10\/C412EAB5-019C-4A26-9C69-A7AB258422B7.jpeg\" class=\"ls-bg\" alt=\"\" srcset=\"https:\/\/www.ars-pohlheim.net\/wp-content\/uploads\/2020\/10\/C412EAB5-019C-4A26-9C69-A7AB258422B7.jpeg 1600w, https:\/\/www.ars-pohlheim.net\/wp-content\/uploads\/2020\/10\/C412EAB5-019C-4A26-9C69-A7AB258422B7-300x225.jpeg 300w, https:\/\/www.ars-pohlheim.net\/wp-content\/uploads\/2020\/10\/C412EAB5-019C-4A26-9C69-A7AB258422B7-768x576.jpeg 768w, https:\/\/www.ars-pohlheim.net\/wp-content\/uploads\/2020\/10\/C412EAB5-019C-4A26-9C69-A7AB258422B7-1024x768.jpeg 1024w\" sizes=\"(max-width: 1600px) 100vw, 1600px\" \/><img width=\"1600\" height=\"1200\" src=\"https:\/\/www.ars-pohlheim.net\/wp-content\/uploads\/2020\/10\/C412EAB5-019C-4A26-9C69-A7AB258422B7.jpeg\" class=\"ls-tn\" alt=\"\" srcset=\"https:\/\/www.ars-pohlheim.net\/wp-content\/uploads\/2020\/10\/C412EAB5-019C-4A26-9C69-A7AB258422B7.jpeg 1600w, https:\/\/www.ars-pohlheim.net\/wp-content\/uploads\/2020\/10\/C412EAB5-019C-4A26-9C69-A7AB258422B7-300x225.jpeg 300w, https:\/\/www.ars-pohlheim.net\/wp-content\/uploads\/2020\/10\/C412EAB5-019C-4A26-9C69-A7AB258422B7-768x576.jpeg 768w, https:\/\/www.ars-pohlheim.net\/wp-content\/uploads\/2020\/10\/C412EAB5-019C-4A26-9C69-A7AB258422B7-1024x768.jpeg 1024w\" sizes=\"(max-width: 1600px) 100vw, 1600px\" \/><\/div><div class=\"ls-slide\" data-ls=\"bgsize:contain;duration:9000;transition2d:5,81;transitionduration:2000;kenburnszoom:in;kenburnsscale:1.5;\"><img width=\"1200\" height=\"1600\" src=\"https:\/\/www.ars-pohlheim.net\/wp-content\/uploads\/2020\/10\/07C640ED-24B6-459D-801B-ED83E0B145BB.jpeg\" class=\"ls-bg\" alt=\"\" srcset=\"https:\/\/www.ars-pohlheim.net\/wp-content\/uploads\/2020\/10\/07C640ED-24B6-459D-801B-ED83E0B145BB.jpeg 1200w, https:\/\/www.ars-pohlheim.net\/wp-content\/uploads\/2020\/10\/07C640ED-24B6-459D-801B-ED83E0B145BB-225x300.jpeg 225w, https:\/\/www.ars-pohlheim.net\/wp-content\/uploads\/2020\/10\/07C640ED-24B6-459D-801B-ED83E0B145BB-768x1024.jpeg 768w\" sizes=\"(max-width: 1200px) 100vw, 1200px\" \/><img width=\"1200\" height=\"1600\" src=\"https:\/\/www.ars-pohlheim.net\/wp-content\/uploads\/2020\/10\/07C640ED-24B6-459D-801B-ED83E0B145BB.jpeg\" class=\"ls-tn\" alt=\"\" srcset=\"https:\/\/www.ars-pohlheim.net\/wp-content\/uploads\/2020\/10\/07C640ED-24B6-459D-801B-ED83E0B145BB.jpeg 1200w, https:\/\/www.ars-pohlheim.net\/wp-content\/uploads\/2020\/10\/07C640ED-24B6-459D-801B-ED83E0B145BB-225x300.jpeg 225w, https:\/\/www.ars-pohlheim.net\/wp-content\/uploads\/2020\/10\/07C640ED-24B6-459D-801B-ED83E0B145BB-768x1024.jpeg 768w\" sizes=\"(max-width: 1200px) 100vw, 1200px\" \/><\/div><div class=\"ls-slide\" data-ls=\"bgsize:contain;duration:9000;transition2d:5,81;transitionduration:2000;kenburnszoom:in;kenburnsscale:1.2;\"><img width=\"1200\" height=\"1600\" src=\"https:\/\/www.ars-pohlheim.net\/wp-content\/uploads\/2020\/10\/FC6F9B28-28C1-4A07-BF8E-3FDA6298A1D0.jpeg\" class=\"ls-bg\" alt=\"\" srcset=\"https:\/\/www.ars-pohlheim.net\/wp-content\/uploads\/2020\/10\/FC6F9B28-28C1-4A07-BF8E-3FDA6298A1D0.jpeg 1200w, https:\/\/www.ars-pohlheim.net\/wp-content\/uploads\/2020\/10\/FC6F9B28-28C1-4A07-BF8E-3FDA6298A1D0-225x300.jpeg 225w, https:\/\/www.ars-pohlheim.net\/wp-content\/uploads\/2020\/10\/FC6F9B28-28C1-4A07-BF8E-3FDA6298A1D0-768x1024.jpeg 768w\" sizes=\"(max-width: 1200px) 100vw, 1200px\" \/><img width=\"1200\" height=\"1600\" src=\"https:\/\/www.ars-pohlheim.net\/wp-content\/uploads\/2020\/10\/FC6F9B28-28C1-4A07-BF8E-3FDA6298A1D0.jpeg\" class=\"ls-tn\" alt=\"\" srcset=\"https:\/\/www.ars-pohlheim.net\/wp-content\/uploads\/2020\/10\/FC6F9B28-28C1-4A07-BF8E-3FDA6298A1D0.jpeg 1200w, https:\/\/www.ars-pohlheim.net\/wp-content\/uploads\/2020\/10\/FC6F9B28-28C1-4A07-BF8E-3FDA6298A1D0-225x300.jpeg 225w, https:\/\/www.ars-pohlheim.net\/wp-content\/uploads\/2020\/10\/FC6F9B28-28C1-4A07-BF8E-3FDA6298A1D0-768x1024.jpeg 768w\" sizes=\"(max-width: 1200px) 100vw, 1200px\" \/><\/div><\/div>\n<p>&nbsp;<\/p>\n<p>Jetzt konnte ihm die Schulleiterin Petra Br\u00fcll in einer kleinen Feierstunde in der Sporthalle die Urkunde \u00fcberreichen. In ihrer Rede hob sie sowohl die empathische und \u00fcberlegte Art des Stellvertreters hervor, als auch seine Qualifikationen und die enorme Arbeitsbereitschaft. Sie selbst hatte vor drei Jahren bei der Verabschiedung der damaligen Stellvertreterin Jutta Nachbar, der sie zun\u00e4chst auf diesen Posten folgte, ein Tarnnetz von dieser bekommen. Br\u00fcll hatte dieses Netz zur Feier mitgebracht, stellte aber fest, dass Krumbiegel dieses wohl auch nicht brauchen werde.<\/p>\n<p>Denn seine freundliche Art, der unbedingte Wille zur Kooperation, immer mit dem Ziel f\u00fcr die Sch\u00fclerinnen und Sch\u00fcler das Maximum herauszuholen und gleichzeitig mit Augenma\u00df f\u00fcr das Kollegium zu operieren, machten ein solches Netz \u00fcberfl\u00fcssig. Sie attestierte eine hervorragende Zusammenarbeit und lobte zugleich ihr gesamtes Schulleitungsteam. Sicher seien weitere Neuerungen von diesem Team zu erwarten!<\/p>\n<p>Krumbiegel bedankte sich f\u00fcr die wohlwollende Aufnahme seiner Person an der ARS, die freundlichen Worte der Schulleiterin und schlug in seiner Rede auch den Bogen zu Adolf Reichwein: Im Sinne von Reichweins \u201enur zu wollen, was man kann\u201c w\u00fcrde er sich w\u00fcnschen, dass es gel\u00e4nge, die vielf\u00e4ltigen F\u00e4higkeiten und Eigenschaften aller Kolleginnen und Kollegen bestm\u00f6glich einzubringen, um den Sch\u00fclerinnen und Sch\u00fclern beste Bildungschancen zu erm\u00f6glichen.<\/p>\n<p>Und mit seiner ehrlichen Art, mit Transparenz und gro\u00dfem Potential macht er sich in der Schulgemeinde der ARS nun auf den Weg, in den n\u00e4chsten Jahre die Schule tatkr\u00e4ftig mitzuentwickeln.<\/p>\n","protected":false},"excerpt":{"rendered":"<p>Der neue Stellvertretende Schulleiter an der ARS Zum 1.10.2020 wurde an der ARS der Stellvertreter-Posten endg\u00fcltig besetzt. Bereits am 01.02.2020 hatte Thomas Krumbiegel von der Theo-Koch-Schule Gr\u00fcnberg kommend den Posten kommissarisch besetzt. Dank seiner ausgesprochen gr\u00fcndlichen Vorbereitung gelang es ihm innerhalb k\u00fcrzester Zeit sich in die neue Schule und deren Strukturen einzuarbeiten. Das war auch &hellip; <a href=\"https:\/\/www.ars-pohlheim.net\/?p=8899\" class=\"more-link\"><span class=\"screen-reader-text\">Trotz Corona schon voll angekommen &#8230;<\/span> weiterlesen <span class=\"meta-nav\">&rarr;<\/span><\/a><\/p>\n","protected":false},"author":10,"featured_media":0,"comment_status":"closed","ping_status":"closed","sticky":false,"template":"","format":"standard","meta":{"ngg_post_thumbnail":0},"categories":[1],"tags":[],"_links":{"self":[{"href":"https:\/\/www.ars-pohlheim.net\/index.php?rest_route=\/wp\/v2\/posts\/8899"}],"collection":[{"href":"https:\/\/www.ars-pohlheim.net\/index.php?rest_route=\/wp\/v2\/posts"}],"about":[{"href":"https:\/\/www.ars-pohlheim.net\/index.php?rest_route=\/wp\/v2\/types\/post"}],"author":[{"embeddable":true,"href":"https:\/\/www.ars-pohlheim.net\/index.php?rest_route=\/wp\/v2\/users\/10"}],"replies":[{"embeddable":true,"href":"https:\/\/www.ars-pohlheim.net\/index.php?rest_route=%2Fwp%2Fv2%2Fcomments&post=8899"}],"version-history":[{"count":15,"href":"https:\/\/www.ars-pohlheim.net\/index.php?rest_route=\/wp\/v2\/posts\/8899\/revisions"}],"predecessor-version":[{"id":8931,"href":"https:\/\/www.ars-pohlheim.net\/index.php?rest_route=\/wp\/v2\/posts\/8899\/revisions\/8931"}],"wp:attachment":[{"href":"https:\/\/www.ars-pohlheim.net\/index.php?rest_route=%2Fwp%2Fv2%2Fmedia&parent=8899"}],"wp:term":[{"taxonomy":"category","embeddable":true,"href":"https:\/\/www.ars-pohlheim.net\/index.php?rest_route=%2Fwp%2Fv2%2Fcategories&post=8899"},{"taxonomy":"post_tag","embeddable":true,"href":"https:\/\/www.ars-pohlheim.net\/index.php?rest_route=%2Fwp%2Fv2%2Ftags&post=8899"}],"curies":[{"name":"wp","href":"https:\/\/api.w.org\/{rel}","templated":true}]}}