{"id":8700,"date":"2020-08-16T12:00:06","date_gmt":"2020-08-16T10:00:06","guid":{"rendered":"http:\/\/www.ars-pohlheim.net\/?p=8700"},"modified":"2025-01-31T12:17:17","modified_gmt":"2025-01-31T11:17:17","slug":"elterninfobrief-zum-schuljahresbeginn","status":"publish","type":"post","link":"https:\/\/www.ars-pohlheim.net\/?p=8700","title":{"rendered":"&#8222;Elterninfobrief&#8220; zum Schuljahresbeginn"},"content":{"rendered":"<p><strong>Liebe Eltern und Erziehungsberechtigte,<\/strong><\/p>\n<p>zu Beginn des neuen Schuljahres begr\u00fc\u00dfe ich Sie und besonders die Eltern unserer neuen F\u00fcnftkl\u00e4ssler recht herzlich. Ich m\u00f6chte Ihnen in diesem besonderen Schuljahr verschiedenste allgemeine Informationen, aber besonders auch Informationen \u00fcber die Abl\u00e4ufe in der Schule in Zeiten der Corona-Pandemie geben.<\/p>\n<p><strong>Zur Personalsituation:<\/strong><br \/>\nAm Ende des letzten Schuljahres haben wir den sehr gesch\u00e4tzten Kollegen <strong>Bodo Hartmann<\/strong> nach weit \u00fcber 40 Dienstjahren in den wohlverdienten Ruhestand verabschiedet. Gl\u00fccklicherweise wird er der Schule aber noch ein bisschen erhalten bleiben: Er bietet in diesem Schuljahr im Ganztag die AG Holzwerkstatt an. Ebenfalls haben wir unsere FSJlerin <strong>Miriam Hanna<\/strong> verabschiedet, die nun ein Studium aufnimmt. Wir w\u00fcnschen ihr alles Gute und hoffen auf ein Wiedersehen.<br \/>\nNeu ins Kollegium aufnehmen konnten wir mit einer Planstelle Frau <strong>Simone Handrick<\/strong> (Englisch, GL), die im letzten Jahr bereits eine Vertretung bei uns \u00fcbernommen hatte. An unsere Schule beworben hatte sich Herr <strong>Achim K\u00f6nnecke<\/strong> (Chemie, GL), der unseren Schwerpunkt Naturwissenschaften konzeptionell mit ausbauen wird. Au\u00dferdem mit dabei sind nun Frau <strong>Gabriele Hierdeis<\/strong> (Musik), Frau <strong>Chiara Ohl<\/strong> (Deutsch und Biologie) und Frau <strong>Rachel Reichwein<\/strong> (Latein). Als neue FSJlerin begr\u00fc\u00dfen wir Frau <strong>Eileen Balser<\/strong>. Seit Juli hat Herr <strong>Moritz Kehr<\/strong> die Vertretung f\u00fcr Frau Kraft-Medebach, die sich in Elternzeit befindet, in der Sozialarbeit \u00fcbernommen. Bereits seit Mai ist Herr <strong>Jannis van Meerendonk<\/strong> als Lehramtsanw\u00e4rter f\u00fcr die F\u00e4cher Arbeitslehre und Ethik an unserer Schule.&nbsp;Und schon seit dem 1. Februar hat Herr <strong>Thomas Krumbiegel<\/strong> (Englisch und Sport) als stellvertretender Schulleiter seinen Dienst ger\u00e4uschlos, aber sehr effektiv aufgenommen. Wir hoffen, dass alle Neuen sich bei uns wohlf\u00fchlen werden und w\u00fcnschen allen einen guten Start!<\/p>\n<p>Bitte nehmen Sie sich ein bisschen Zeit f\u00fcr die folgenden <strong>allgemeinen Informationen<\/strong>:<\/p>\n<ul>\n<li>Das neue <strong>Au\u00dfensportfeld<\/strong> ist p\u00fcnktlich vor den Sommerferien fertiggestellt worden und kann nun genutzt werden. Damit hat die ARS nun endlich das seit vielen Jahren beantragte Sportfeld.<br \/>\nToll, wir sind sehr froh!<\/li>\n<li>Am 11.12.20 finden die <strong>Pr\u00e4sentationspr\u00fcfungen im Jahrgang 10<\/strong> statt. Alle \u00fcbrigen Sch\u00fclerinnen und Sch\u00fcler haben an diesem Tag einen <strong>Studientag<\/strong>, d.h. sie erhalten Aufgaben, die zu Hause erledigt werden k\u00f6nnen. (Notbetreuung kann eingerichtet werden).<\/li>\n<li><strong><em>Kurswechsel<\/em><\/strong><br \/>\nSch\u00fclerinnen und Sch\u00fcler k\u00f6nnen auf <strong>Antrag der Eltern<\/strong> zum Halbjahr freiwillig in ein niedrigeres Kursniveau wechseln. Dieser Antrag ist <strong>sp\u00e4testens sechs Wochen vor Halbjahresbeginn<\/strong> an die Schulleiterin zu stellen. <strong>Aufstufungen k\u00f6nnen nur vom Fachlehrer beantragt werden.<\/strong><br \/>\nEin Wechsel von <strong>Religionskursen bzw. Wechsel zum Fach Ethik<\/strong> ist mit einem Antrag, der bis <strong>sechs Wochen vor Halbjahresbeginn<\/strong> gestellt werden muss, m\u00f6glich. Bei religionsm\u00fcndigen Sch\u00fclerinnen und Sch\u00fclern&nbsp; (ab 14 Jahre) k\u00f6nnen diese das selbst schriftlich rechtzeitig beantragen.<\/li>\n<li><strong><em>Antrag auf freiwillige Wiederholung<\/em><\/strong><br \/>\nAntr\u00e4ge auf freiwillige Wiederholung einer Jahrgangsstufe m\u00fcssen <strong>bis zwei Monate vor Schuljahresende<\/strong> an die Schulleiterin gestellt werden, die Klassenkonferenz entscheidet \u00fcber den Antrag.<\/li>\n<li><strong><em>T\u00e4uschungen<\/em><\/strong><br \/>\nEs kam in der Vergangenheit leider gelegentlich vor, dass sich Sch\u00fclerinnen und Sch\u00fcler bei Leistungsnachweisen (Hausarbeiten, Pr\u00e4sentationen, Arbeiten) auch unerlaubter Hilfsmittel bedienten. Derartige T\u00e4uschungsversuche k\u00f6nnen dazu f\u00fchren, dass ein Leistungsnachweis mit der Note ungen\u00fcgend (6) bewertet wird. Bei Abschlusspr\u00fcfungen <strong>muss<\/strong> dort die Note ungen\u00fcgend vergeben werden. Dies sollte unbedingt vermieden werden.<\/li>\n<li><strong><em>Schulplaner\/Kopiergeld <\/em><\/strong><br \/>\nDer diesj\u00e4hrige Schulplaner wurde wieder von einigen Firmen gesponsert (vielen Dank!) und wird f\u00fcr unterrichtliche Zwecke und als <strong>Informationsmedium zwischen Schule und Elternhaus<\/strong> dringend ben\u00f6tigt. F\u00fcr das f\u00fcnfte Schuljahr und die beiden Intensivklassen \u00fcbernimmt der F\u00f6rderverein die Kosten, <strong>alle \u00fcbrigen Sch\u00fclerinnen und Sch\u00fcler bezahlen bitte 5 Euro<\/strong>.<br \/>\n(Achtung: Bei Verlust muss er f\u00fcr 10 Euro nachgekauft werden). Bitte geben Sie Ihren Kindern in den n\u00e4chsten Tagen 5 Euro f\u00fcr den Schulplaner (au\u00dfer Eltern der F\u00fcnftkl\u00e4ssler und der Intensivklassen) mit und <strong>weitere 5 Euro Kopiergeld<\/strong>.<\/li>\n<li><strong><em>Informationen zum Hygieneplan der ARS<\/em><\/strong><br \/>\nIm Hygieneplan 5.0 des Landes Hessen ist nun klar geregelt, wie mit <strong>Krankheits- und Erk\u00e4ltungssymptomen<\/strong> der Sch\u00fclerinnen und Sch\u00fcler umzugehen ist, bitte beachten Sie hierzu den entsprechenden <strong><a href=\"http:\/\/www.ars-pohlheim.net\/wp-content\/uploads\/2020\/08\/Umgang-mit-Krankheits-und-Erk\u00e4ltungssymptomen-bei-Kindern-und-Jugendlichen.pdf\" target=\"_blank\" rel=\"noopener noreferrer\">Anhang<\/a><\/strong>. Auch geregelt wurde das Tragen von Mund-Nasen-Bedeckungen:<br \/>\n<strong><span style=\"color: #ff0000;\">Auf dem gesamten Schulgel\u00e4nde besteht eine Maskenpflicht, das hei\u00dft auf dem Schulhof, in den Fluren und den Treppenh\u00e4usern muss eine Maske getragen werden<\/span><\/strong>. Da unsere Klassenr\u00e4ume nicht sehr gro\u00df sind, wir aber wieder im Regelbetrieb starten, ist es im Klassenraum vermutlich nur in wenigen F\u00e4llen m\u00f6glich, den vom Robert-Koch-Institut empfohlenen Mindestabstand von 1,5m zu anderen Personen einzuhalten. <strong>Daher besteht auch in den Unterrichtsstunden zun\u00e4chst die Maskenpflicht<\/strong>. Diese kann von den Lehrkr\u00e4ften aufgehoben werden, wenn der Mindestabstand von 1,5 m gew\u00e4hrleistet ist. Ich bitte um Verst\u00e4ndnis f\u00fcr diese Ma\u00dfnahme, die f\u00fcr niemanden, weder f\u00fcr die Kinder noch f\u00fcr uns Lehrkr\u00e4fte, angenehm ist. Da aber die Infektionszahlen zurzeit wieder ansteigen und wir miterleben m\u00fcssen, wie in anderen Bundesl\u00e4ndern ganze Schulen kurz nach den Sommerferien gleich wieder schlie\u00dfen m\u00fcssen, habe ich mich zu diesem Schritt entschlossen.<br \/>\nWir behalten die Lage im Auge und sobald etwas Anderes vertretbar erscheint, wird diese Regelung entsprechend angepasst. Bis dahin scheint dies zwar \u00e4u\u00dferst unangenehm, tr\u00e4gt aber zur <strong>Sicherheit Ihrer Kinder und unserer Kolleginnen und Kollegen<\/strong>&nbsp;bei. Erlaubt ist \u00fcbrigens auch das Tragen eines Gesichtsschilds anstelle der Maske! Wann immer es m\u00f6glich ist, kann auch der <strong>Unterricht ins Freie<\/strong> verlegt werden, wo dann der Abstand eingehalten werden kann und die Maske entsprechend nicht getragen werden muss.<br \/>\nIm <strong>Sportunterricht <\/strong>ist das Tragen einer Maske ebenfalls nicht n\u00f6tig, da dort der Abstand von 1,5 m in der Regel einhaltbar ist. Hier empfehlen wir allerdings das Mitbringen von Seife\/Duschgel o.\u00e4. und einem kleinen G\u00e4stehandtuch, damit vor und nach dem Sportunterricht die H\u00e4nde gewaschen werden k\u00f6nnen. Leider gibt es diese Dinge (noch nicht) in der Sporthalle. Nat\u00fcrlich gilt weiterhin der <strong><span style=\"color: #ff0000;\">Verzicht auf K\u00f6rperkontakt wie Umarmungen und H\u00e4ndesch\u00fctteln, das Einhalten der Husten- und Niesetikette und eine gr\u00fcndliche H\u00e4ndehygiene<\/span><\/strong>.<br \/>\nIn unserer Schule haben wir einige Anpassungen in der <strong>Mensa<\/strong> vorgenommen, so dass dort im Abstand von 1,5 m das Essen eingenommen werden kann. In den Fluren zeigen <strong>Pfeile und Linien<\/strong>, wo man gehen soll.&nbsp;&nbsp;<\/p>\n<p>Sollte Ihr Kind oder ein Mitglied der h\u00e4uslichen Lebensgemeinschaft der Gefahr ausgesetzt sein, im Falle einer Covid-19-Infektion einen schwereren Verlauf zu erleiden, k\u00f6nnen Sie Ihr Kind auf Antrag bei der Schulleiterin (mit beigef\u00fcgtem \u00e4rztlichem Attest) <strong>vom Pr\u00e4senzunterricht befreien<\/strong> lassen. Ebenso kann eine Befreiung vom Tragen einer Maske\/eines Gesichtsschildes in begr\u00fcndeten Ausnahmef\u00e4llen schriftlich beantragt werden.&nbsp;<\/p>\n<p>Wie auch au\u00dferhalb der Schule wird die Nutzung der <strong>Corona-Warn App<\/strong> auf dem Handy empfohlen. Gerade wenn die Handys w\u00e4hrend des Unterrichts alle zeitgleich in der &#8222;Handygarage&#8220; stecken, w\u00e4re das ein gro\u00dfer Vorteil.<\/li>\n<\/ul>\n<p>Bitte helfen Sie mit, die Infektionszahlen zu senken und halten Sie und Ihre Kinder sich an die Regeln. Denn wir m\u00f6chten wirklich gern wieder dauerhaft Pr\u00e4senzunterricht f\u00fcr alle anbieten!<\/p>\n<p>Ich w\u00fcnsche Ihnen und Ihren Kindern ein erfolgreiches und gesundes Schuljahr 2020\/21 und verbleibe mit herzlichen Gr\u00fc\u00dfen.<\/p>\n<p>Ihre<br \/>\nPetra Br\u00fcll, Schulleiterin<\/p>\n","protected":false},"excerpt":{"rendered":"<p>Liebe Eltern und Erziehungsberechtigte, zu Beginn des neuen Schuljahres begr\u00fc\u00dfe ich Sie und besonders die Eltern unserer neuen F\u00fcnftkl\u00e4ssler recht herzlich. Ich m\u00f6chte Ihnen in diesem besonderen Schuljahr verschiedenste allgemeine Informationen, aber besonders auch Informationen \u00fcber die Abl\u00e4ufe in der Schule in Zeiten der Corona-Pandemie geben. Zur Personalsituation: Am Ende des letzten Schuljahres haben wir &hellip; <a href=\"https:\/\/www.ars-pohlheim.net\/?p=8700\" class=\"more-link\"><span class=\"screen-reader-text\">&#8222;Elterninfobrief&#8220; zum Schuljahresbeginn<\/span> weiterlesen <span class=\"meta-nav\">&rarr;<\/span><\/a><\/p>\n","protected":false},"author":15,"featured_media":0,"comment_status":"closed","ping_status":"closed","sticky":false,"template":"","format":"standard","meta":{"ngg_post_thumbnail":0},"categories":[1],"tags":[],"_links":{"self":[{"href":"https:\/\/www.ars-pohlheim.net\/index.php?rest_route=\/wp\/v2\/posts\/8700"}],"collection":[{"href":"https:\/\/www.ars-pohlheim.net\/index.php?rest_route=\/wp\/v2\/posts"}],"about":[{"href":"https:\/\/www.ars-pohlheim.net\/index.php?rest_route=\/wp\/v2\/types\/post"}],"author":[{"embeddable":true,"href":"https:\/\/www.ars-pohlheim.net\/index.php?rest_route=\/wp\/v2\/users\/15"}],"replies":[{"embeddable":true,"href":"https:\/\/www.ars-pohlheim.net\/index.php?rest_route=%2Fwp%2Fv2%2Fcomments&post=8700"}],"version-history":[{"count":7,"href":"https:\/\/www.ars-pohlheim.net\/index.php?rest_route=\/wp\/v2\/posts\/8700\/revisions"}],"predecessor-version":[{"id":11758,"href":"https:\/\/www.ars-pohlheim.net\/index.php?rest_route=\/wp\/v2\/posts\/8700\/revisions\/11758"}],"wp:attachment":[{"href":"https:\/\/www.ars-pohlheim.net\/index.php?rest_route=%2Fwp%2Fv2%2Fmedia&parent=8700"}],"wp:term":[{"taxonomy":"category","embeddable":true,"href":"https:\/\/www.ars-pohlheim.net\/index.php?rest_route=%2Fwp%2Fv2%2Fcategories&post=8700"},{"taxonomy":"post_tag","embeddable":true,"href":"https:\/\/www.ars-pohlheim.net\/index.php?rest_route=%2Fwp%2Fv2%2Ftags&post=8700"}],"curies":[{"name":"wp","href":"https:\/\/api.w.org\/{rel}","templated":true}]}}