{"id":8328,"date":"2020-04-30T17:59:25","date_gmt":"2020-04-30T15:59:25","guid":{"rendered":"http:\/\/www.ars-pohlheim.net\/?p=8328"},"modified":"2025-01-31T12:46:58","modified_gmt":"2025-01-31T11:46:58","slug":"noch-nichts-neues","status":"publish","type":"post","link":"https:\/\/www.ars-pohlheim.net\/?p=8328","title":{"rendered":"Noch nichts Neues"},"content":{"rendered":"<p>Liebe Schulgemeinde,<\/p>\n<p>leider k\u00f6nnen wir noch nichts Neues zum Thema Schul\u00f6ffnung mitteilen. Mindestens bis zum 10. Mai bleibt es bei der bisherigen Regelung, dass nur die Teilnehmeden der Zentralen Abschlusspr\u00fcfungen am Unterricht teilnehmen d\u00fcrfen:<\/p>\n<pre style=\"text-align: center;\"><a href=\"http:\/\/www.ars-pohlheim.net\/wp-content\/uploads\/2020\/04\/\u00dcberblick-Unterrichtszeiten-ARS-4.5.-8.5..pdf\" target=\"_blank\" rel=\"noopener noreferrer\"><img loading=\"lazy\" class=\"aligncenter\" src=\"http:\/\/www.ars-pohlheim.net\/wp-content\/uploads\/2020\/04\/Unterrichtszeiten-.jpg\" width=\"499\" height=\"301\">Ansicht vergr\u00f6\u00dfern<\/a><\/pre>\n<p style=\"text-align: left;\">Alle \u00fcbrigen Sch\u00fclerinnen und Sch\u00fcler m\u00fcssen wir noch vertr\u00f6sten und weiter auf digitalem Weg beschulen. Das tut uns selber auch wirklich leid, denn wir vermissen das bunte Treiben in unserer Schule. Aber im Moment ist noch weiter Abstandhalten angesagt.<\/p>\n<p style=\"text-align: left;\"><!--more--><br \/>\nDie erste Woche Unterricht mit den Pr\u00fcflingen ist nun vor\u00fcber, es herrschte eine sichere und angenehme Atmosph\u00e4re in unserem Schulhaus. Man merkt, dass sich alle gut auf die anstehenden Pr\u00fcfungen vorbereiten m\u00f6chten.<\/p>\n<p>Das Tragen von Mund-Nasen-Schutzen ist zwar f\u00fcr alle zun\u00e4chst etwas merkw\u00fcrdig, aber letztlich auch nur Gewohnheitssache. Wir konnten auch schon sehr kreative Masken entdecken, die direkt als modisches Accessoire durchgehen k\u00f6nnen.&nbsp;<\/p>\n<p>Wir w\u00fcnschen allen weiterhin viel Gesundheit und alles Gute!<\/p>\n<p>Ihre\/Eure Schulleitung,<br \/>\nPetra Br\u00fcll und Thomas Krumbiegel<\/p>\n<p>&nbsp;<\/p>\n<p>&nbsp;<\/p>\n","protected":false},"excerpt":{"rendered":"<p>Liebe Schulgemeinde, leider k\u00f6nnen wir noch nichts Neues zum Thema Schul\u00f6ffnung mitteilen. Mindestens bis zum 10. Mai bleibt es bei der bisherigen Regelung, dass nur die Teilnehmeden der Zentralen Abschlusspr\u00fcfungen am Unterricht teilnehmen d\u00fcrfen: Ansicht vergr\u00f6\u00dfern Alle \u00fcbrigen Sch\u00fclerinnen und Sch\u00fcler m\u00fcssen wir noch vertr\u00f6sten und weiter auf digitalem Weg beschulen. Das tut uns selber &hellip; <a href=\"https:\/\/www.ars-pohlheim.net\/?p=8328\" class=\"more-link\"><span class=\"screen-reader-text\">Noch nichts Neues<\/span> weiterlesen <span class=\"meta-nav\">&rarr;<\/span><\/a><\/p>\n","protected":false},"author":15,"featured_media":0,"comment_status":"closed","ping_status":"closed","sticky":false,"template":"","format":"standard","meta":{"ngg_post_thumbnail":0},"categories":[1],"tags":[],"_links":{"self":[{"href":"https:\/\/www.ars-pohlheim.net\/index.php?rest_route=\/wp\/v2\/posts\/8328"}],"collection":[{"href":"https:\/\/www.ars-pohlheim.net\/index.php?rest_route=\/wp\/v2\/posts"}],"about":[{"href":"https:\/\/www.ars-pohlheim.net\/index.php?rest_route=\/wp\/v2\/types\/post"}],"author":[{"embeddable":true,"href":"https:\/\/www.ars-pohlheim.net\/index.php?rest_route=\/wp\/v2\/users\/15"}],"replies":[{"embeddable":true,"href":"https:\/\/www.ars-pohlheim.net\/index.php?rest_route=%2Fwp%2Fv2%2Fcomments&post=8328"}],"version-history":[{"count":12,"href":"https:\/\/www.ars-pohlheim.net\/index.php?rest_route=\/wp\/v2\/posts\/8328\/revisions"}],"predecessor-version":[{"id":11771,"href":"https:\/\/www.ars-pohlheim.net\/index.php?rest_route=\/wp\/v2\/posts\/8328\/revisions\/11771"}],"wp:attachment":[{"href":"https:\/\/www.ars-pohlheim.net\/index.php?rest_route=%2Fwp%2Fv2%2Fmedia&parent=8328"}],"wp:term":[{"taxonomy":"category","embeddable":true,"href":"https:\/\/www.ars-pohlheim.net\/index.php?rest_route=%2Fwp%2Fv2%2Fcategories&post=8328"},{"taxonomy":"post_tag","embeddable":true,"href":"https:\/\/www.ars-pohlheim.net\/index.php?rest_route=%2Fwp%2Fv2%2Ftags&post=8328"}],"curies":[{"name":"wp","href":"https:\/\/api.w.org\/{rel}","templated":true}]}}