{"id":8288,"date":"2020-04-23T13:03:57","date_gmt":"2020-04-23T11:03:57","guid":{"rendered":"http:\/\/www.ars-pohlheim.net\/?p=8288"},"modified":"2025-01-31T12:59:18","modified_gmt":"2025-01-31T11:59:18","slug":"elterninformation-zum-schulbesuch-ab-dem-27-04","status":"publish","type":"post","link":"https:\/\/www.ars-pohlheim.net\/?p=8288","title":{"rendered":"Elterninformation zum Schulbesuch ab dem 27.04"},"content":{"rendered":"<p><strong>Liebe Eltern und Erziehungsberechtigte,<br \/>\n<\/strong><br \/>\nwie Sie den Medien sicher bereits entnommen haben, werden in Hessen ab der kommenden Woche all diejenigen Sch\u00fclerinnen und Sch\u00fcler der Jahrg\u00e4nge 9 und 10 wieder am Unterricht teilnehmen d\u00fcrfen, die in diesem Schuljahr verpflichtend an den Zentralen Abschlusspr\u00fcfungen teilnehmen werden. Die betreffenden Sch\u00fclerinnen werden von uns pers\u00f6nlich und auf dem Postweg \u00fcber Ihre Teilnahme informiert.<\/p>\n<p>Zun\u00e4chst einmal freuen wir uns, dass wir Ihre Kinder wieder in der Schule begr\u00fc\u00dfen und unterrichten d\u00fcrfen! Ich m\u00f6chte Ihnen in diesem Brief einige wichtige Informationen geben, die einen geordneten Schulbetrieb \u00fcberhaupt m\u00f6glich machen und werde dabei versuchen Ihre Fragen vorwegzunehmen und zu beantworten. Sie k\u00f6nnen aber bei weiteren Fragen selbstverst\u00e4ndlich in der Schule anrufen!<\/p>\n<p>In der Woche vom 27.04. bis zum 30.04.20 werden Ihre Kinder von Montag bis Mittwoch in der Schule sein.<\/p>\n<ul>\n<li>&nbsp;<strong>Jahrgang&nbsp; 9:&nbsp; &nbsp;7:45 bis 12:15 Uhr <\/strong><\/li>\n<li><strong>Jahrgang&nbsp; 10: 8:30 bis 13:00 Uhr<\/strong><\/li>\n<\/ul>\n<p>Es werden nur die F\u00e4cher<strong> Mathematik, Deutsch und Englisch<\/strong> unterrichtet. Der Unterricht bereitet auf die anstehenden Abschlusspr\u00fcfungen vor. <strong>Diese wurden verlegt auf den Zeitraum vom 25. bis 29. Mai!<\/strong> Damit ist sicherlich gew\u00e4hrleistet, dass alle noch gut auf die Pr\u00fcfungen vorbereitet werden und einen erfolgreichen Schulabschluss machen k\u00f6nnen.<!--more--><\/p>\n<p><em><strong>Wer kann am Unterricht teilnehmen, wer nicht?<\/strong><\/em><br \/>\nSch\u00fclerinnen und Sch\u00fcler, die verpflichtend an den Hauptschul- bzw. Realschulabschlusspr\u00fcfungen teilnehmen, nehmen nun am Unterricht teil.<\/p>\n<ul>\n<li>Sollten Ihre Kinder Krankheitszeichen wie Fieber, Husten, Atemprobleme, Magen- und Darmprobleme, Hals- oder Gliederschmerzen haben, bleiben sie bitte zu Hause! In diesem Fall rufen Sie bitte in der Schule an und melden dies.<\/li>\n<li>Liegt in Ihrer Lebensgemeinschaft ein Coronafall oder ein Verdachtsfall vor, dann informieren Sie bitte umgehend die Schule und lassen Sie Ihr Kind zu Hause.<\/li>\n<li>Chronische Krankheiten wie Diabetes, Lungenkrankheiten, geschw\u00e4chte Immunsysteme u.a. bedingen ein erh\u00f6htes Risiko an Corona zu erkranken und einen schwereren Verlauf. Daher w\u00e4gen Sie bitte in diesen F\u00e4llen gemeinsam mit dem Hausarzt ab, ob Ihre Kinder am Unterricht teilnehmen sollen.<\/li>\n<li>Wenn in Ihrer h\u00e4uslichen Lebensgemeinschaft Personen der Risikogruppe leben, k\u00f6nnen Sie den Besuch des Unterrichts f\u00fcr Ihr Kind ablehnen. Bitte melden Sie sich in der Schule und geben den notwendigen Nachweis ab.<\/li>\n<\/ul>\n<p><em><strong>Wie kommen Ihre Kinder in die Schule?<\/strong><\/em><br \/>\nDie Schulbusse fahren ab dem 27. April wieder nach dem normalen Fahrplan. Ich bitte Sie aber zu \u00fcberlegen, ob Ihr Kind nicht besser zu Fu\u00df oder mit dem Fahrrad kommen kann, dort sind die Infektionsgefahren am geringsten. Sie k\u00f6nnen Ihre Kinder auch mit dem Auto bringen, halten dann aber bitte im Fortweg an und fahren nicht auf den Schulparkplatz.<br \/>\nBitte sorgen Sie daf\u00fcr, dass Ihr Kind bereits auf dem Schulweg eine Mund-Nasen-Bedeckung tr\u00e4gt. Im Schulbus ist es Pflicht, beim Betreten des Schulgeb\u00e4udes ebenfalls!<\/p>\n<p><em><strong>Wie l\u00e4uft der Unterricht ab?&nbsp; Wie verhalten wir uns im Schulgeb\u00e4ude?<\/strong><\/em><br \/>\nAm 27. April werden die Lehrerinnen und Lehrer zun\u00e4chst die Hygieneregeln mit den Lernenden besprechen und anstehende Fragen kl\u00e4ren.<\/p>\n<ul>\n<li>Alle Tische stehen bereits in einem Abstand von mindestens 1,50 m und m\u00fcssen so stehen bleiben. Daher werden die Gruppen 10 bis 12 Sch\u00fclerinnen und Sch\u00fcler umfassen, nicht mehr.<\/li>\n<li>Grunds\u00e4tzlich ist zur Vermeidung von Tr\u00f6pfcheninfektionen ein Mindestabstand von 1,50 m zur n\u00e4chsten Person einzuhalten.<\/li>\n<li>Husten und Niesen erfolgen in die Armbeuge.<\/li>\n<li>Sollte jemand im Laufe des Unterrichts Krankheitszeichen entwickeln oder sich nicht mehr wohl f\u00fchlen, werden wir Sie informieren, damit Sie Ihr Kind abholen.<\/li>\n<li>Es wird keine Partner- oder Gruppenarbeit geben, die Sch\u00fclerinnen bleiben grunds\u00e4tzlich auf Abstand.<\/li>\n<li>Auf den Wegen im Geb\u00e4ude und auf dem Schulhof, besonders in den Pausen muss von allen eine Mund-Nasen-Bedeckung getragen werden.<\/li>\n<li>Im Unterricht nach dem Einnehmen des Sitzplatzes kann der Mund-Nasen-Schutz abgezogen werden, muss aber beim Verlassen des Sitzplatzes wieder aufgezogen werden.<\/li>\n<li>Alle m\u00fcssen auf das regelm\u00e4\u00dfige, gr\u00fcndliche H\u00e4ndewaschen achten.<\/li>\n<li>Die R\u00e4ume werden regelm\u00e4\u00dfig gel\u00fcftet.<\/li>\n<li>Toiletteng\u00e4nge sind w\u00e4hrend des Unterrichts ausdr\u00fccklich erw\u00fcnscht, immer nur einzeln. Es stehen Seife und Handt\u00fccher sowohl auf der Toilette als auch in den Klassenr\u00e4umen zur Verf\u00fcgung, in der n\u00e4chsten Zeit wird ein zwar nicht notwendiger Desinfektionsmittelspender im Foyer der Schule als zus\u00e4tzliche Sicherheitsma\u00dfnahme aufgebaut.<\/li>\n<li>Der Kiosk wird von 7:30 bis 12:15 Uhr durchgehend ge\u00f6ffnet haben. Die Sch\u00fclerinnen und Sch\u00fcler sollen ausdr\u00fccklich w\u00e4hrend des Unterrichts einzeln dorthin gehen. Der Unterricht findet in 120 Minuten-Bl\u00f6cken statt, danach gibt es eine 30-min\u00fctige Pause. Dadurch ist gew\u00e4hrleistet, dass immer nur ein Jahrgang Pause hat.<\/li>\n<li>Wir richten ein \u201eEinbahnstra\u00dfensystem\u201c in der Schule ein, an das sich alle halten m\u00fcssen: Als Eingang dienen zuk\u00fcnftig der Haupteingang und der Eingang vom Osthof. Als Ausg\u00e4nge sind die beiden Abg\u00e4nge an der Mensa und bei den Toiletten zu benutzen.<\/li>\n<li>Auch an der Bushaltestelle werden die Sch\u00fclerinnen und Sch\u00fcler nur in einem Mindestabstand von 1,50 m warten.<\/li>\n<li>In den Klassenr\u00e4umen und an anderen Pl\u00e4tzen in der Schule h\u00e4ngen Hygieneregeln deutlich sichtbar aus.<\/li>\n<li>Alle Regeln werden besprochen, erst danach kann ein Unterricht beginnen.&nbsp;<\/li>\n<\/ul>\n<p style=\"text-align: right;\"><strong><a href=\"http:\/\/www.ars-pohlheim.net\/wp-content\/uploads\/2020\/04\/Hygieneplan.pdf\">&#8211;&gt; Zum Hygieneplan der ARS<\/a><\/strong><\/p>\n<p><em><strong>Was passiert, wenn sich jemand nicht an die Regelungen h\u00e4lt?<\/strong><\/em><br \/>\nDa diese Regeln wirklich ernst zu nehmen sind, um alle in der Schule anwesenden Personen zu sch\u00fctzen, werden wir selbstverst\u00e4ndlich sehr genau auf die Einhaltung achten und den Sch\u00fclerinnen und Sch\u00fclern die n\u00f6tigen Hilfen und Hinweise geben, sich daran zu halten. Wenn aber jemand absichtlich dagegen verst\u00f6\u00dft, wird er\/sie vom Unterricht ausgeschlossen. Dies ist insbesondere deswegen so wichtig, da eine Schule beim Auftreten eines Coronafalles geschlossen werden kann.<\/p>\n<p><em><strong>Wo kann ich eine Mund-Nasen-Bedeckung bekommen?<\/strong><\/em><br \/>\nIm Internet k\u00f6nnen Sie Anleitungen f\u00fcr die Herstellung von Mund-Nasen-Schutzen herunterladen und selber n\u00e4hen. Oder Sie kaufen eine Bedeckung. Sollte das alles nicht m\u00f6glich sein, kann gegen eine Spende von 1 Euro (das ist der Preis, den die Schule auch zur Anschaffung bezahlen musste!) ein einfacher Mund-Nasen-Schutz beim Betreten der Schule erworben werden.<\/p>\n<p><em><strong>Wie erfolgt die Benotung der erbrachten Leistungen?<\/strong><\/em><br \/>\nAlle Leistungen, die bis zum 13. M\u00e4rz erbracht wurden, z\u00e4hlen f\u00fcr die Zeugnisnote. Ebenso alle Leistungen, die ab dem 27.04. im Unterricht erbracht werden. Die Leistungen, die w\u00e4hrend der Zeit des h\u00e4uslichen Unterrichts erbracht wurden, k\u00f6nnen nur zur Verbesserung der Note herangezogen werden, nicht zur Verschlechterung.<\/p>\n<p><strong>Liebe Eltern,<\/strong><br \/>\ndies war ein erster grober \u00dcberblick \u00fcber die Ma\u00dfnahmen und Regelungen f\u00fcr den Schulbesuch ab der n\u00e4chsten Woche. Alle Regelungen gelten bis auf Weiteres.<br \/>\nWir hatten uns das Ende dieses Schuljahres auch ganz anders vorgestellt, aber ich denke, mit den vorgenannten Ma\u00dfnahmen sind wir auf einem guten und vor allem sicheren Weg.<\/p>\n<p>Bitte schauen Sie regelm\u00e4\u00dfig auf die Homepage der Schule <a href=\"http:\/\/www.ars-pohlheim.net\">(www.ars-pohlheim.net)<\/a>.<br \/>\nWir ver\u00f6ffentlichen dort regelm\u00e4\u00dfig die neuesten Informationen aus dem Kultusministerium bzw. vom Landkreis, sobald wir diese erhalten.<\/p>\n<p>Bitte bleiben Sie gesund!<br \/>\nAlles Gute f\u00fcr Sie und Ihre Kinder w\u00fcnscht Ihnen Ihre<\/p>\n<p>Petra Br\u00fcll, Schulleiterin<\/p>\n","protected":false},"excerpt":{"rendered":"<p>Liebe Eltern und Erziehungsberechtigte, wie Sie den Medien sicher bereits entnommen haben, werden in Hessen ab der kommenden Woche all diejenigen Sch\u00fclerinnen und Sch\u00fcler der Jahrg\u00e4nge 9 und 10 wieder am Unterricht teilnehmen d\u00fcrfen, die in diesem Schuljahr verpflichtend an den Zentralen Abschlusspr\u00fcfungen teilnehmen werden. Die betreffenden Sch\u00fclerinnen werden von uns pers\u00f6nlich und auf dem &hellip; <a href=\"https:\/\/www.ars-pohlheim.net\/?p=8288\" class=\"more-link\"><span class=\"screen-reader-text\">Elterninformation zum Schulbesuch ab dem 27.04<\/span> weiterlesen <span class=\"meta-nav\">&rarr;<\/span><\/a><\/p>\n","protected":false},"author":15,"featured_media":0,"comment_status":"closed","ping_status":"closed","sticky":false,"template":"","format":"standard","meta":{"ngg_post_thumbnail":0},"categories":[1],"tags":[],"_links":{"self":[{"href":"https:\/\/www.ars-pohlheim.net\/index.php?rest_route=\/wp\/v2\/posts\/8288"}],"collection":[{"href":"https:\/\/www.ars-pohlheim.net\/index.php?rest_route=\/wp\/v2\/posts"}],"about":[{"href":"https:\/\/www.ars-pohlheim.net\/index.php?rest_route=\/wp\/v2\/types\/post"}],"author":[{"embeddable":true,"href":"https:\/\/www.ars-pohlheim.net\/index.php?rest_route=\/wp\/v2\/users\/15"}],"replies":[{"embeddable":true,"href":"https:\/\/www.ars-pohlheim.net\/index.php?rest_route=%2Fwp%2Fv2%2Fcomments&post=8288"}],"version-history":[{"count":9,"href":"https:\/\/www.ars-pohlheim.net\/index.php?rest_route=\/wp\/v2\/posts\/8288\/revisions"}],"predecessor-version":[{"id":11775,"href":"https:\/\/www.ars-pohlheim.net\/index.php?rest_route=\/wp\/v2\/posts\/8288\/revisions\/11775"}],"wp:attachment":[{"href":"https:\/\/www.ars-pohlheim.net\/index.php?rest_route=%2Fwp%2Fv2%2Fmedia&parent=8288"}],"wp:term":[{"taxonomy":"category","embeddable":true,"href":"https:\/\/www.ars-pohlheim.net\/index.php?rest_route=%2Fwp%2Fv2%2Fcategories&post=8288"},{"taxonomy":"post_tag","embeddable":true,"href":"https:\/\/www.ars-pohlheim.net\/index.php?rest_route=%2Fwp%2Fv2%2Ftags&post=8288"}],"curies":[{"name":"wp","href":"https:\/\/api.w.org\/{rel}","templated":true}]}}