{"id":7866,"date":"2020-02-16T18:59:52","date_gmt":"2020-02-16T17:59:52","guid":{"rendered":"http:\/\/www.ars-pohlheim.net\/?p=7866"},"modified":"2020-02-24T09:53:37","modified_gmt":"2020-02-24T08:53:37","slug":"holocaustgedenktag","status":"publish","type":"post","link":"https:\/\/www.ars-pohlheim.net\/?p=7866","title":{"rendered":"Holocaustgedenktag"},"content":{"rendered":"<p>Anl\u00e4sslich des Internationalen Holocaustgedenktages zum 75. Jahrestages der Befreiung des Vernichtungslagers Auschwitz-Birkenau hat Philipp van Slobbe vor den Jahrg\u00e4ngen 9 und 10 der Adolf -Reichwein \u2013 Schule und G\u00e4sten von seinem Internationalen Freiwilligendienst im Altenheim Beth Shalom in Amsterdam mit Aktion S\u00fchnezeichen berichtet. Im Mittelpunkt stand seine Freundschaft zu Alida Fles-Vos, die als Kind Bergen Belsen \u00fcberlebte, w\u00e4hrend ihre Eltern ermordet wurden. <!--more-->Eindr\u00fccklich schilderte er den Jugendlichen, wie er als deutscher Freiwilliger anf\u00e4nglich die Ablehnung der J\u00fcdin erlebte und wie sich ihre Begegnung im Laufe der Zeit in eine freundschaftliche Beziehung bis zu ihrem Tod im Januar 2019 wandelte. Von den Bewohnern des Altenheims, von denen eine gro\u00dfe Zahl die Besetzungszeit der Niederlande versteckt oder in Konzentrationslagern verschleppt, \u00fcberlebt haben, wurde Philipp van Slobbe aufgefordert, ihre Geschichten und die Geschichten ihrer vernichteten Familien in Deutschland zu erz\u00e4hlen und vor Rassismus zu warnen.&nbsp;&nbsp; Er macht darauf aufmerksam, dass die Zeit mit Zeitzeugen in Kontakt zu kommen, knapp wird, weil viele versterben.<\/p>\n<p>Der Student ermutigte die jungen Leute, sich f\u00fcr ein friedliches Miteinander in der Welt einzusetzen, womit sie sofort auf dem Schulhof beginnen k\u00f6nnen.<\/p>\n<p>Die Schulleiterin dankte Philipp van Slobbe und machte die Sch\u00fclerinnen und Sch\u00fcler darauf aufmerksam, dass man in einer globalisierten Welt leider feststellen muss, dass es auch heute in einigen L\u00e4ndern Konzentrationslager und schlimmste Unterdr\u00fcckung von Minderheiten gibt. Man sollte aufmerksam bleiben und den Anf\u00e4ngen wehren.<\/p>\n<p>Ein Dank geht auch an Iris Reuter, die die Veranstaltung initiiert hatte.<\/p>\n\n\n<div class=\"ngg-galleryoverview ngg-slideshow\"\n\t id=\"ngg-slideshow-f2be4c618040640b8ff50ebc7bc0a8f3-20847657340\"\n     data-gallery-id=\"f2be4c618040640b8ff50ebc7bc0a8f3\"\n     style=\"max-width: 570px; max-height: 400px;\">\n\n \t<div id=\"ngg-image-0\" class=\"ngg-gallery-slideshow-image\" style=\"height:400px\">\n\n        <a href=\"https:\/\/www.ars-pohlheim.net\/wp-content\/gallery\/holocaustgedenktag-2020\/21DEB35A-6B46-44FE-B895-68498EAEAAE8.jpeg\"\n           title=\"\"\n           data-src=\"https:\/\/www.ars-pohlheim.net\/wp-content\/gallery\/holocaustgedenktag-2020\/21DEB35A-6B46-44FE-B895-68498EAEAAE8.jpeg\"\n           data-thumbnail=\"https:\/\/www.ars-pohlheim.net\/wp-content\/gallery\/holocaustgedenktag-2020\/thumbs\/thumbs_21DEB35A-6B46-44FE-B895-68498EAEAAE8.jpeg\"\n           data-image-id=\"334\"\n           data-title=\"21DEB35A-6B46-44FE-B895-68498EAEAAE8\"\n           data-description=\"\"\n           class=\"ngg-fancybox\" rel=\"f2be4c618040640b8ff50ebc7bc0a8f3\">\n\n            <img data-image-id='334'\n                 title=\"\"\n                 alt=\"21DEB35A-6B46-44FE-B895-68498EAEAAE8\"\n                 src=\"https:\/\/www.ars-pohlheim.net\/wp-content\/gallery\/holocaustgedenktag-2020\/21DEB35A-6B46-44FE-B895-68498EAEAAE8.jpeg\"\n                 style=\"max-height: 380px;\"\/>\n        <\/a>\n\n        <\/div> \n<div id=\"ngg-image-1\" class=\"ngg-gallery-slideshow-image\" style=\"height:400px\">\n\n        <a href=\"https:\/\/www.ars-pohlheim.net\/wp-content\/gallery\/holocaustgedenktag-2020\/D56C3548-1DBB-4759-B759-EF5C60EEDF23-1.jpeg\"\n           title=\"\"\n           data-src=\"https:\/\/www.ars-pohlheim.net\/wp-content\/gallery\/holocaustgedenktag-2020\/D56C3548-1DBB-4759-B759-EF5C60EEDF23-1.jpeg\"\n           data-thumbnail=\"https:\/\/www.ars-pohlheim.net\/wp-content\/gallery\/holocaustgedenktag-2020\/thumbs\/thumbs_D56C3548-1DBB-4759-B759-EF5C60EEDF23-1.jpeg\"\n           data-image-id=\"335\"\n           data-title=\"D56C3548-1DBB-4759-B759-EF5C60EEDF23-1\"\n           data-description=\"\"\n           class=\"ngg-fancybox\" rel=\"f2be4c618040640b8ff50ebc7bc0a8f3\">\n\n            <img data-image-id='335'\n                 title=\"\"\n                 alt=\"D56C3548-1DBB-4759-B759-EF5C60EEDF23-1\"\n                 src=\"https:\/\/www.ars-pohlheim.net\/wp-content\/gallery\/holocaustgedenktag-2020\/D56C3548-1DBB-4759-B759-EF5C60EEDF23-1.jpeg\"\n                 style=\"max-height: 380px;\"\/>\n        <\/a>\n\n        <\/div> \n<div id=\"ngg-image-2\" class=\"ngg-gallery-slideshow-image\" style=\"height:400px\">\n\n        <a href=\"https:\/\/www.ars-pohlheim.net\/wp-content\/gallery\/holocaustgedenktag-2020\/DE21C563-8361-48C3-8FD3-4AD081D175E0.jpeg\"\n           title=\"\"\n           data-src=\"https:\/\/www.ars-pohlheim.net\/wp-content\/gallery\/holocaustgedenktag-2020\/DE21C563-8361-48C3-8FD3-4AD081D175E0.jpeg\"\n           data-thumbnail=\"https:\/\/www.ars-pohlheim.net\/wp-content\/gallery\/holocaustgedenktag-2020\/thumbs\/thumbs_DE21C563-8361-48C3-8FD3-4AD081D175E0.jpeg\"\n           data-image-id=\"336\"\n           data-title=\"DE21C563-8361-48C3-8FD3-4AD081D175E0\"\n           data-description=\"\"\n           class=\"ngg-fancybox\" rel=\"f2be4c618040640b8ff50ebc7bc0a8f3\">\n\n            <img data-image-id='336'\n                 title=\"\"\n                 alt=\"DE21C563-8361-48C3-8FD3-4AD081D175E0\"\n                 src=\"https:\/\/www.ars-pohlheim.net\/wp-content\/gallery\/holocaustgedenktag-2020\/DE21C563-8361-48C3-8FD3-4AD081D175E0.jpeg\"\n                 style=\"max-height: 380px;\"\/>\n        <\/a>\n\n        <\/div> \n<div id=\"ngg-image-3\" class=\"ngg-gallery-slideshow-image\" style=\"height:400px\">\n\n        <a href=\"https:\/\/www.ars-pohlheim.net\/wp-content\/gallery\/holocaustgedenktag-2020\/77D91AA8-79A8-4F3A-BDDA-D8795A26EA01.jpeg\"\n           title=\"\"\n           data-src=\"https:\/\/www.ars-pohlheim.net\/wp-content\/gallery\/holocaustgedenktag-2020\/77D91AA8-79A8-4F3A-BDDA-D8795A26EA01.jpeg\"\n           data-thumbnail=\"https:\/\/www.ars-pohlheim.net\/wp-content\/gallery\/holocaustgedenktag-2020\/thumbs\/thumbs_77D91AA8-79A8-4F3A-BDDA-D8795A26EA01.jpeg\"\n           data-image-id=\"337\"\n           data-title=\"77D91AA8-79A8-4F3A-BDDA-D8795A26EA01\"\n           data-description=\"\"\n           class=\"ngg-fancybox\" rel=\"f2be4c618040640b8ff50ebc7bc0a8f3\">\n\n            <img data-image-id='337'\n                 title=\"\"\n                 alt=\"77D91AA8-79A8-4F3A-BDDA-D8795A26EA01\"\n                 src=\"https:\/\/www.ars-pohlheim.net\/wp-content\/gallery\/holocaustgedenktag-2020\/77D91AA8-79A8-4F3A-BDDA-D8795A26EA01.jpeg\"\n                 style=\"max-height: 380px;\"\/>\n        <\/a>\n\n        <\/div> \n<\/div>\n\n\n\t\t<!-- Thumbnails Link -->\n\t<div class=\"slideshowlink\" style=\"max-width: 570px;\">\n        <a href='https:\/\/www.ars-pohlheim.net\/index.php\/nggallery\/thumbnails?p=7866'>&#091;Show picture list&#093;<\/a>\n\t<\/div>\n\n\n","protected":false},"excerpt":{"rendered":"<p>Anl\u00e4sslich des Internationalen Holocaustgedenktages zum 75. Jahrestages der Befreiung des Vernichtungslagers Auschwitz-Birkenau hat Philipp van Slobbe vor den Jahrg\u00e4ngen 9 und 10 der Adolf -Reichwein \u2013 Schule und G\u00e4sten von seinem Internationalen Freiwilligendienst im Altenheim Beth Shalom in Amsterdam mit Aktion S\u00fchnezeichen berichtet. Im Mittelpunkt stand seine Freundschaft zu Alida Fles-Vos, die als Kind Bergen &hellip; <a href=\"https:\/\/www.ars-pohlheim.net\/?p=7866\" class=\"more-link\"><span class=\"screen-reader-text\">Holocaustgedenktag<\/span> weiterlesen <span class=\"meta-nav\">&rarr;<\/span><\/a><\/p>\n","protected":false},"author":10,"featured_media":0,"comment_status":"closed","ping_status":"closed","sticky":false,"template":"","format":"standard","meta":{"ngg_post_thumbnail":0},"categories":[1],"tags":[],"_links":{"self":[{"href":"https:\/\/www.ars-pohlheim.net\/index.php?rest_route=\/wp\/v2\/posts\/7866"}],"collection":[{"href":"https:\/\/www.ars-pohlheim.net\/index.php?rest_route=\/wp\/v2\/posts"}],"about":[{"href":"https:\/\/www.ars-pohlheim.net\/index.php?rest_route=\/wp\/v2\/types\/post"}],"author":[{"embeddable":true,"href":"https:\/\/www.ars-pohlheim.net\/index.php?rest_route=\/wp\/v2\/users\/10"}],"replies":[{"embeddable":true,"href":"https:\/\/www.ars-pohlheim.net\/index.php?rest_route=%2Fwp%2Fv2%2Fcomments&post=7866"}],"version-history":[{"count":9,"href":"https:\/\/www.ars-pohlheim.net\/index.php?rest_route=\/wp\/v2\/posts\/7866\/revisions"}],"predecessor-version":[{"id":7891,"href":"https:\/\/www.ars-pohlheim.net\/index.php?rest_route=\/wp\/v2\/posts\/7866\/revisions\/7891"}],"wp:attachment":[{"href":"https:\/\/www.ars-pohlheim.net\/index.php?rest_route=%2Fwp%2Fv2%2Fmedia&parent=7866"}],"wp:term":[{"taxonomy":"category","embeddable":true,"href":"https:\/\/www.ars-pohlheim.net\/index.php?rest_route=%2Fwp%2Fv2%2Fcategories&post=7866"},{"taxonomy":"post_tag","embeddable":true,"href":"https:\/\/www.ars-pohlheim.net\/index.php?rest_route=%2Fwp%2Fv2%2Ftags&post=7866"}],"curies":[{"name":"wp","href":"https:\/\/api.w.org\/{rel}","templated":true}]}}