{"id":7784,"date":"2020-01-12T14:17:11","date_gmt":"2020-01-12T13:17:11","guid":{"rendered":"http:\/\/www.ars-pohlheim.net\/?p=7784"},"modified":"2020-01-18T08:10:08","modified_gmt":"2020-01-18T07:10:08","slug":"alle-jahre-wieder-ist-die-adolf-reichwein-schule-gast-in-der-christuskirche","status":"publish","type":"post","link":"https:\/\/www.ars-pohlheim.net\/?p=7784","title":{"rendered":"\u201eAlle Jahre wieder\u201c ist die Adolf-Reichwein-Schule Gast in der Christuskirche"},"content":{"rendered":"<p>&nbsp;<\/p>\n<p>&nbsp;<\/p>\n<p>\n\n<div class=\"ngg-galleryoverview ngg-slideshow\"\n\t id=\"ngg-slideshow-6089104dea755fd80c7b985ce999c26d-17772955580\"\n     data-gallery-id=\"6089104dea755fd80c7b985ce999c26d\"\n     style=\"max-width: 570px; max-height: 400px;\">\n\n \t<div id=\"ngg-image-0\" class=\"ngg-gallery-slideshow-image\" style=\"height:400px\">\n\n        <a href=\"https:\/\/www.ars-pohlheim.net\/wp-content\/gallery\/weihnachtsfeier-2019\/3.jpg\"\n           title=\"\"\n           data-src=\"https:\/\/www.ars-pohlheim.net\/wp-content\/gallery\/weihnachtsfeier-2019\/3.jpg\"\n           data-thumbnail=\"https:\/\/www.ars-pohlheim.net\/wp-content\/gallery\/weihnachtsfeier-2019\/thumbs\/thumbs_3.jpg\"\n           data-image-id=\"325\"\n           data-title=\"3\"\n           data-description=\"\"\n           class=\"ngg-fancybox\" rel=\"6089104dea755fd80c7b985ce999c26d\">\n\n            <img data-image-id='325'\n                 title=\"\"\n                 alt=\"3\"\n                 src=\"https:\/\/www.ars-pohlheim.net\/wp-content\/gallery\/weihnachtsfeier-2019\/3.jpg\"\n                 style=\"max-height: 380px;\"\/>\n        <\/a>\n\n        <\/div> \n<div id=\"ngg-image-1\" class=\"ngg-gallery-slideshow-image\" style=\"height:400px\">\n\n        <a href=\"https:\/\/www.ars-pohlheim.net\/wp-content\/gallery\/weihnachtsfeier-2019\/WG1.JPG\"\n           title=\"\"\n           data-src=\"https:\/\/www.ars-pohlheim.net\/wp-content\/gallery\/weihnachtsfeier-2019\/WG1.JPG\"\n           data-thumbnail=\"https:\/\/www.ars-pohlheim.net\/wp-content\/gallery\/weihnachtsfeier-2019\/thumbs\/thumbs_WG1.JPG\"\n           data-image-id=\"326\"\n           data-title=\"WG1\"\n           data-description=\"\"\n           class=\"ngg-fancybox\" rel=\"6089104dea755fd80c7b985ce999c26d\">\n\n            <img data-image-id='326'\n                 title=\"\"\n                 alt=\"WG1\"\n                 src=\"https:\/\/www.ars-pohlheim.net\/wp-content\/gallery\/weihnachtsfeier-2019\/WG1.JPG\"\n                 style=\"max-height: 380px;\"\/>\n        <\/a>\n\n        <\/div> \n<div id=\"ngg-image-2\" class=\"ngg-gallery-slideshow-image\" style=\"height:400px\">\n\n        <a href=\"https:\/\/www.ars-pohlheim.net\/wp-content\/gallery\/weihnachtsfeier-2019\/WG3.JPG\"\n           title=\"\"\n           data-src=\"https:\/\/www.ars-pohlheim.net\/wp-content\/gallery\/weihnachtsfeier-2019\/WG3.JPG\"\n           data-thumbnail=\"https:\/\/www.ars-pohlheim.net\/wp-content\/gallery\/weihnachtsfeier-2019\/thumbs\/thumbs_WG3.JPG\"\n           data-image-id=\"327\"\n           data-title=\"WG3\"\n           data-description=\"\"\n           class=\"ngg-fancybox\" rel=\"6089104dea755fd80c7b985ce999c26d\">\n\n            <img data-image-id='327'\n                 title=\"\"\n                 alt=\"WG3\"\n                 src=\"https:\/\/www.ars-pohlheim.net\/wp-content\/gallery\/weihnachtsfeier-2019\/WG3.JPG\"\n                 style=\"max-height: 380px;\"\/>\n        <\/a>\n\n        <\/div> \n<div id=\"ngg-image-3\" class=\"ngg-gallery-slideshow-image\" style=\"height:400px\">\n\n        <a href=\"https:\/\/www.ars-pohlheim.net\/wp-content\/gallery\/weihnachtsfeier-2019\/WG4.JPG\"\n           title=\"\"\n           data-src=\"https:\/\/www.ars-pohlheim.net\/wp-content\/gallery\/weihnachtsfeier-2019\/WG4.JPG\"\n           data-thumbnail=\"https:\/\/www.ars-pohlheim.net\/wp-content\/gallery\/weihnachtsfeier-2019\/thumbs\/thumbs_WG4.JPG\"\n           data-image-id=\"328\"\n           data-title=\"WG4\"\n           data-description=\"\"\n           class=\"ngg-fancybox\" rel=\"6089104dea755fd80c7b985ce999c26d\">\n\n            <img data-image-id='328'\n                 title=\"\"\n                 alt=\"WG4\"\n                 src=\"https:\/\/www.ars-pohlheim.net\/wp-content\/gallery\/weihnachtsfeier-2019\/WG4.JPG\"\n                 style=\"max-height: 380px;\"\/>\n        <\/a>\n\n        <\/div> \n<div id=\"ngg-image-4\" class=\"ngg-gallery-slideshow-image\" style=\"height:400px\">\n\n        <a href=\"https:\/\/www.ars-pohlheim.net\/wp-content\/gallery\/weihnachtsfeier-2019\/WG6.JPG\"\n           title=\"\"\n           data-src=\"https:\/\/www.ars-pohlheim.net\/wp-content\/gallery\/weihnachtsfeier-2019\/WG6.JPG\"\n           data-thumbnail=\"https:\/\/www.ars-pohlheim.net\/wp-content\/gallery\/weihnachtsfeier-2019\/thumbs\/thumbs_WG6.JPG\"\n           data-image-id=\"329\"\n           data-title=\"WG6\"\n           data-description=\"\"\n           class=\"ngg-fancybox\" rel=\"6089104dea755fd80c7b985ce999c26d\">\n\n            <img data-image-id='329'\n                 title=\"\"\n                 alt=\"WG6\"\n                 src=\"https:\/\/www.ars-pohlheim.net\/wp-content\/gallery\/weihnachtsfeier-2019\/WG6.JPG\"\n                 style=\"max-height: 380px;\"\/>\n        <\/a>\n\n        <\/div> \n<div id=\"ngg-image-5\" class=\"ngg-gallery-slideshow-image\" style=\"height:400px\">\n\n        <a href=\"https:\/\/www.ars-pohlheim.net\/wp-content\/gallery\/weihnachtsfeier-2019\/WG7.JPG\"\n           title=\"\"\n           data-src=\"https:\/\/www.ars-pohlheim.net\/wp-content\/gallery\/weihnachtsfeier-2019\/WG7.JPG\"\n           data-thumbnail=\"https:\/\/www.ars-pohlheim.net\/wp-content\/gallery\/weihnachtsfeier-2019\/thumbs\/thumbs_WG7.JPG\"\n           data-image-id=\"330\"\n           data-title=\"WG7\"\n           data-description=\"\"\n           class=\"ngg-fancybox\" rel=\"6089104dea755fd80c7b985ce999c26d\">\n\n            <img data-image-id='330'\n                 title=\"\"\n                 alt=\"WG7\"\n                 src=\"https:\/\/www.ars-pohlheim.net\/wp-content\/gallery\/weihnachtsfeier-2019\/WG7.JPG\"\n                 style=\"max-height: 380px;\"\/>\n        <\/a>\n\n        <\/div> \n<div id=\"ngg-image-6\" class=\"ngg-gallery-slideshow-image\" style=\"height:400px\">\n\n        <a href=\"https:\/\/www.ars-pohlheim.net\/wp-content\/gallery\/weihnachtsfeier-2019\/WG8.JPG\"\n           title=\"\"\n           data-src=\"https:\/\/www.ars-pohlheim.net\/wp-content\/gallery\/weihnachtsfeier-2019\/WG8.JPG\"\n           data-thumbnail=\"https:\/\/www.ars-pohlheim.net\/wp-content\/gallery\/weihnachtsfeier-2019\/thumbs\/thumbs_WG8.JPG\"\n           data-image-id=\"331\"\n           data-title=\"WG8\"\n           data-description=\"\"\n           class=\"ngg-fancybox\" rel=\"6089104dea755fd80c7b985ce999c26d\">\n\n            <img data-image-id='331'\n                 title=\"\"\n                 alt=\"WG8\"\n                 src=\"https:\/\/www.ars-pohlheim.net\/wp-content\/gallery\/weihnachtsfeier-2019\/WG8.JPG\"\n                 style=\"max-height: 380px;\"\/>\n        <\/a>\n\n        <\/div> \n<div id=\"ngg-image-7\" class=\"ngg-gallery-slideshow-image\" style=\"height:400px\">\n\n        <a href=\"https:\/\/www.ars-pohlheim.net\/wp-content\/gallery\/weihnachtsfeier-2019\/WG9.JPG\"\n           title=\"\"\n           data-src=\"https:\/\/www.ars-pohlheim.net\/wp-content\/gallery\/weihnachtsfeier-2019\/WG9.JPG\"\n           data-thumbnail=\"https:\/\/www.ars-pohlheim.net\/wp-content\/gallery\/weihnachtsfeier-2019\/thumbs\/thumbs_WG9.JPG\"\n           data-image-id=\"332\"\n           data-title=\"WG9\"\n           data-description=\"\"\n           class=\"ngg-fancybox\" rel=\"6089104dea755fd80c7b985ce999c26d\">\n\n            <img data-image-id='332'\n                 title=\"\"\n                 alt=\"WG9\"\n                 src=\"https:\/\/www.ars-pohlheim.net\/wp-content\/gallery\/weihnachtsfeier-2019\/WG9.JPG\"\n                 style=\"max-height: 380px;\"\/>\n        <\/a>\n\n        <\/div> \n<div id=\"ngg-image-8\" class=\"ngg-gallery-slideshow-image\" style=\"height:400px\">\n\n        <a href=\"https:\/\/www.ars-pohlheim.net\/wp-content\/gallery\/weihnachtsfeier-2019\/WG10.JPG\"\n           title=\"\"\n           data-src=\"https:\/\/www.ars-pohlheim.net\/wp-content\/gallery\/weihnachtsfeier-2019\/WG10.JPG\"\n           data-thumbnail=\"https:\/\/www.ars-pohlheim.net\/wp-content\/gallery\/weihnachtsfeier-2019\/thumbs\/thumbs_WG10.JPG\"\n           data-image-id=\"333\"\n           data-title=\"WG10\"\n           data-description=\"\"\n           class=\"ngg-fancybox\" rel=\"6089104dea755fd80c7b985ce999c26d\">\n\n            <img data-image-id='333'\n                 title=\"\"\n                 alt=\"WG10\"\n                 src=\"https:\/\/www.ars-pohlheim.net\/wp-content\/gallery\/weihnachtsfeier-2019\/WG10.JPG\"\n                 style=\"max-height: 380px;\"\/>\n        <\/a>\n\n        <\/div> \n<\/div>\n\n\n\t\t<!-- Thumbnails Link -->\n\t<div class=\"slideshowlink\" style=\"max-width: 570px;\">\n        <a href='https:\/\/www.ars-pohlheim.net\/index.php\/nggallery\/thumbnails?p=7784'>&#091;Show picture list&#093;<\/a>\n\t<\/div>\n\nWer kurz vor den Ferien in Watzenborn-Steinberg vormittags aus dem Fenster schaute, mochte sich gewundert haben: \u00dcber 200 Sch\u00fclerinnen und Sch\u00fcler der 5. und 6. Jahrgangsstufen zogen gemeinsam mit ihren Lehrerinnen und Lehrern von der Adolf-Reichwein-Schule in Richtung Stadtmitte. Ziel der Wanderung war die Christuskirche der Ev. Kirchengemeinde Watzenborn-Steinberg, in der die ARS seit vielen Jahren traditionell einen Gottesdienst zum Weihnachtsfest feiert. Gestaltet wurde der Gottesdienst auch in diesem Jahr von den evangelischen, katholischen und syrisch-orthodoxen Religionskursen und dem Schulchor der ARS. Wichtiger Mit-Organisator war die UBUS-Kraft Andreas Pieh, der Lehrkr\u00e4fte bei den Vorbereitungen unterst\u00fctzt hatte.<\/p>\n<p><!--more-->&nbsp;Neben einem klassischen Krippenspiel, in dem die biblische Weihnachtsgeschichte nachgespielt wurde, trugen die Sch\u00fclerinnen und Sch\u00fcler eigene F\u00fcrbitten und ein kurzes Anspiel vor, das die Botschaft der Weihnachtsgeschichte auf die Gegenwart bezog. Festlicher H\u00f6hepunkt des Gottesdienstes bildete das traditionelle Anstimmen des weihnachtlichen Klassikers \u201eFeliz Navidad\u201c unter musikalischer Begleitung der Lehrkr\u00e4fte Gitty Feriduni und Sixto Diaz. Die Besucherinnen und Besucher, zu denen auch etliche Eltern z\u00e4hlten, w\u00fcrdigten die Gestaltung des Gottesdienstes mit viel Applaus. Auch im n\u00e4chsten Jahr wird die ARS sicherlich wieder in der Christuskirche gemeinsam ihren Weihnachtsgottesdienst feiern.<\/p>\n","protected":false},"excerpt":{"rendered":"<p>&nbsp; &nbsp; &#8220; order_by=&#8220;sortorder&#8220; order_direction=&#8220;ASC&#8220; returns=&#8220;included&#8220; maximum_entity_count=&#8220;20&#8243;]Wer kurz vor den Ferien in Watzenborn-Steinberg vormittags aus dem Fenster schaute, mochte sich gewundert haben: \u00dcber 200 Sch\u00fclerinnen und Sch\u00fcler der 5. und 6. Jahrgangsstufen zogen gemeinsam mit ihren Lehrerinnen und Lehrern von der Adolf-Reichwein-Schule in Richtung Stadtmitte. Ziel der Wanderung war die Christuskirche der Ev. Kirchengemeinde Watzenborn-Steinberg, &hellip; <a href=\"https:\/\/www.ars-pohlheim.net\/?p=7784\" class=\"more-link\"><span class=\"screen-reader-text\">\u201eAlle Jahre wieder\u201c ist die Adolf-Reichwein-Schule Gast in der Christuskirche<\/span> weiterlesen <span class=\"meta-nav\">&rarr;<\/span><\/a><\/p>\n","protected":false},"author":10,"featured_media":0,"comment_status":"closed","ping_status":"closed","sticky":false,"template":"","format":"standard","meta":{"ngg_post_thumbnail":0},"categories":[1],"tags":[],"_links":{"self":[{"href":"https:\/\/www.ars-pohlheim.net\/index.php?rest_route=\/wp\/v2\/posts\/7784"}],"collection":[{"href":"https:\/\/www.ars-pohlheim.net\/index.php?rest_route=\/wp\/v2\/posts"}],"about":[{"href":"https:\/\/www.ars-pohlheim.net\/index.php?rest_route=\/wp\/v2\/types\/post"}],"author":[{"embeddable":true,"href":"https:\/\/www.ars-pohlheim.net\/index.php?rest_route=\/wp\/v2\/users\/10"}],"replies":[{"embeddable":true,"href":"https:\/\/www.ars-pohlheim.net\/index.php?rest_route=%2Fwp%2Fv2%2Fcomments&post=7784"}],"version-history":[{"count":5,"href":"https:\/\/www.ars-pohlheim.net\/index.php?rest_route=\/wp\/v2\/posts\/7784\/revisions"}],"predecessor-version":[{"id":7836,"href":"https:\/\/www.ars-pohlheim.net\/index.php?rest_route=\/wp\/v2\/posts\/7784\/revisions\/7836"}],"wp:attachment":[{"href":"https:\/\/www.ars-pohlheim.net\/index.php?rest_route=%2Fwp%2Fv2%2Fmedia&parent=7784"}],"wp:term":[{"taxonomy":"category","embeddable":true,"href":"https:\/\/www.ars-pohlheim.net\/index.php?rest_route=%2Fwp%2Fv2%2Fcategories&post=7784"},{"taxonomy":"post_tag","embeddable":true,"href":"https:\/\/www.ars-pohlheim.net\/index.php?rest_route=%2Fwp%2Fv2%2Ftags&post=7784"}],"curies":[{"name":"wp","href":"https:\/\/api.w.org\/{rel}","templated":true}]}}