{"id":7624,"date":"2019-11-03T12:52:23","date_gmt":"2019-11-03T11:52:23","guid":{"rendered":"http:\/\/www.ars-pohlheim.net\/?p=7624"},"modified":"2019-11-03T21:11:59","modified_gmt":"2019-11-03T20:11:59","slug":"einweihungsfeier-nach-fast-13-jahren-baustelle","status":"publish","type":"post","link":"https:\/\/www.ars-pohlheim.net\/?p=7624","title":{"rendered":"Einweihungsfeier nach fast 13 Jahren Baustelle"},"content":{"rendered":"<figure id=\"attachment_7625\" aria-describedby=\"caption-attachment-7625\" style=\"width: 372px\" class=\"wp-caption aligncenter\"><img loading=\"lazy\" class=\" wp-image-7625\" src=\"http:\/\/www.ars-pohlheim.net\/wp-content\/uploads\/2019\/11\/819-20593-20593186-43344733-300x150.jpg\" alt=\"\" width=\"372\" height=\"186\" srcset=\"https:\/\/www.ars-pohlheim.net\/wp-content\/uploads\/2019\/11\/819-20593-20593186-43344733-300x150.jpg 300w, https:\/\/www.ars-pohlheim.net\/wp-content\/uploads\/2019\/11\/819-20593-20593186-43344733-768x384.jpg 768w, https:\/\/www.ars-pohlheim.net\/wp-content\/uploads\/2019\/11\/819-20593-20593186-43344733.jpg 1020w\" sizes=\"(max-width: 372px) 100vw, 372px\" \/><figcaption id=\"caption-attachment-7625\" class=\"wp-caption-text\">Auch von Au\u00dfen nun wirklich sch\u00f6n!<\/figcaption><\/figure>\n<p>Nach fast 13 Jahren ist es geschafft: Der Umbau unserer Schule konnte am vergangenen Montag im Rahmen einer kleinen Feierstunde in der Aula als beendet erkl\u00e4rt werden. Die Schuldezernentin Frau Dr. Schmahl lie\u00df in ihrer Rede nocheinmal den Prozess von der Baugenehmigung bis zur Fertigstellung Revue passieren. Auch der B\u00fcrgermeister Herr Sch\u00f6ffmann erinnerte daran, dass ganze Jahrg\u00e4nge nur in der Baustelle Unterricht hatten und der L\u00e4rm sicher manchmal als Ausrede f\u00fcr schlechte Leistungen herhalten konnte. Er freute sich aber auch dar\u00fcber, dass nun ab November mit dem Bau des Au\u00dfensportfeldes die n\u00e4chsten Bauaktivit\u00e4ten weitergingen.<\/p>\n<p><!--more-->Auch die Schulleiterin Petra Br\u00fcll unterstrich, dass nach dem Bau ja vor dem Bau sei und zun\u00e4chst erfreulicherweise das lang gew\u00fcnschte Sportfeld gebaut werde. Aber sicherlich k\u00e4men in den n\u00e4chsten Jahren auch noch andere Projekte in Frage, wie etwa die Modernisierung des Pavillons oder die Umgestaltung des durch die Baufahrzeuge sehr in Mitleidenschaft gezogenen Schulhofs. Sie betonte, dass Unterricht heute eben auch andere Raumbedarfe habe als vor 40 Jahren und man sich diesen Bed\u00fcrfnissen stellen muss. Frau Br\u00fcll dankte dem Landkreis als Bautr\u00e4ger, den beteiligten Firmen und ganz besonders den beiden Architekten Herrn Herrlich (Bauabschnitt 1 bis 8) und Herrn Lucas (Au\u00dfengestaltung) sowie Frau Karpusz, die im letzten Jahr die Betreuung der Baustelle von Seiten den Landkreises \u00fcbernommen hatte.<br \/>\nNun \u00fcberwiegt zun\u00e4chst die Freude \u00fcber die sch\u00f6ne Schule, die endlich auch von Au\u00dfen sehr ansprechend gestaltet wurde. In dieser modernen Schule zu lernen und zu arbeiten ist eine tolle Sache, aber Schule will und muss sich permanent weiterentwickeln.<\/p>\n<figure id=\"attachment_7667\" aria-describedby=\"caption-attachment-7667\" style=\"width: 300px\" class=\"wp-caption alignnone\"><img loading=\"lazy\" class=\"size-medium wp-image-7667\" src=\"http:\/\/www.ars-pohlheim.net\/wp-content\/uploads\/2019\/11\/PA282938-300x225.jpg\" alt=\"\" width=\"300\" height=\"225\" srcset=\"https:\/\/www.ars-pohlheim.net\/wp-content\/uploads\/2019\/11\/PA282938-300x225.jpg 300w, https:\/\/www.ars-pohlheim.net\/wp-content\/uploads\/2019\/11\/PA282938-768x576.jpg 768w, https:\/\/www.ars-pohlheim.net\/wp-content\/uploads\/2019\/11\/PA282938-1024x768.jpg 1024w\" sizes=\"(max-width: 300px) 100vw, 300px\" \/><figcaption id=\"caption-attachment-7667\" class=\"wp-caption-text\">Herr Kraus und Herr Gontrum (aktuelle) und Herr Brabetz (ehemaliger) Hausmeister der ARS<\/figcaption><\/figure>\n<figure id=\"attachment_7669\" aria-describedby=\"caption-attachment-7669\" style=\"width: 300px\" class=\"wp-caption alignnone\"><img loading=\"lazy\" class=\"size-medium wp-image-7669\" src=\"http:\/\/www.ars-pohlheim.net\/wp-content\/uploads\/2019\/11\/becher-chor-300x225.jpg\" alt=\"\" width=\"300\" height=\"225\" srcset=\"https:\/\/www.ars-pohlheim.net\/wp-content\/uploads\/2019\/11\/becher-chor-300x225.jpg 300w, https:\/\/www.ars-pohlheim.net\/wp-content\/uploads\/2019\/11\/becher-chor-768x576.jpg 768w, https:\/\/www.ars-pohlheim.net\/wp-content\/uploads\/2019\/11\/becher-chor-1024x768.jpg 1024w\" sizes=\"(max-width: 300px) 100vw, 300px\" \/><figcaption id=\"caption-attachment-7669\" class=\"wp-caption-text\">Der Cup-Song wird pr\u00e4sentiert<\/figcaption><\/figure>\n<figure id=\"attachment_7665\" aria-describedby=\"caption-attachment-7665\" style=\"width: 300px\" class=\"wp-caption alignnone\"><img loading=\"lazy\" class=\"size-medium wp-image-7665\" src=\"http:\/\/www.ars-pohlheim.net\/wp-content\/uploads\/2019\/11\/PA282905-300x225.jpg\" alt=\"\" width=\"300\" height=\"225\" srcset=\"https:\/\/www.ars-pohlheim.net\/wp-content\/uploads\/2019\/11\/PA282905-300x225.jpg 300w, https:\/\/www.ars-pohlheim.net\/wp-content\/uploads\/2019\/11\/PA282905-768x576.jpg 768w, https:\/\/www.ars-pohlheim.net\/wp-content\/uploads\/2019\/11\/PA282905-1024x768.jpg 1024w\" sizes=\"(max-width: 300px) 100vw, 300px\" \/><figcaption id=\"caption-attachment-7665\" class=\"wp-caption-text\">der Chor 5\/6 mit Frau Feriduni am Klavier<\/figcaption><\/figure>\n<figure id=\"attachment_7663\" aria-describedby=\"caption-attachment-7663\" style=\"width: 300px\" class=\"wp-caption alignnone\"><img loading=\"lazy\" class=\"size-medium wp-image-7663\" src=\"http:\/\/www.ars-pohlheim.net\/wp-content\/uploads\/2019\/11\/PA282902-300x225.jpg\" alt=\"\" width=\"300\" height=\"225\" srcset=\"https:\/\/www.ars-pohlheim.net\/wp-content\/uploads\/2019\/11\/PA282902-300x225.jpg 300w, https:\/\/www.ars-pohlheim.net\/wp-content\/uploads\/2019\/11\/PA282902-768x576.jpg 768w, https:\/\/www.ars-pohlheim.net\/wp-content\/uploads\/2019\/11\/PA282902-1024x768.jpg 1024w\" sizes=\"(max-width: 300px) 100vw, 300px\" \/><figcaption id=\"caption-attachment-7663\" class=\"wp-caption-text\"><\/p>\n<p><img loading=\"lazy\" class=\"size-medium wp-image-7662\" src=\"http:\/\/www.ars-pohlheim.net\/wp-content\/uploads\/2019\/11\/PA282898-300x225.jpg\" alt=\"\" width=\"300\" height=\"225\" srcset=\"https:\/\/www.ars-pohlheim.net\/wp-content\/uploads\/2019\/11\/PA282898-300x225.jpg 300w, https:\/\/www.ars-pohlheim.net\/wp-content\/uploads\/2019\/11\/PA282898-768x576.jpg 768w, https:\/\/www.ars-pohlheim.net\/wp-content\/uploads\/2019\/11\/PA282898-1024x768.jpg 1024w\" sizes=\"(max-width: 300px) 100vw, 300px\" \/> Die Schulleiterin bei ihrer Rede<\/figcaption><\/figure>\n<figure id=\"attachment_7660\" aria-describedby=\"caption-attachment-7660\" style=\"width: 300px\" class=\"wp-caption alignnone\"><img loading=\"lazy\" class=\"size-medium wp-image-7660\" src=\"http:\/\/www.ars-pohlheim.net\/wp-content\/uploads\/2019\/11\/PA282892-300x225.jpg\" alt=\"\" width=\"300\" height=\"225\" srcset=\"https:\/\/www.ars-pohlheim.net\/wp-content\/uploads\/2019\/11\/PA282892-300x225.jpg 300w, https:\/\/www.ars-pohlheim.net\/wp-content\/uploads\/2019\/11\/PA282892-768x576.jpg 768w, https:\/\/www.ars-pohlheim.net\/wp-content\/uploads\/2019\/11\/PA282892-1024x768.jpg 1024w\" sizes=\"(max-width: 300px) 100vw, 300px\" \/><figcaption id=\"caption-attachment-7660\" class=\"wp-caption-text\">Ein Teil der Zuschauer, zweite von links: Frau Dr. Schmahl<\/figcaption><\/figure>\n","protected":false},"excerpt":{"rendered":"<p>Nach fast 13 Jahren ist es geschafft: Der Umbau unserer Schule konnte am vergangenen Montag im Rahmen einer kleinen Feierstunde in der Aula als beendet erkl\u00e4rt werden. Die Schuldezernentin Frau Dr. Schmahl lie\u00df in ihrer Rede nocheinmal den Prozess von der Baugenehmigung bis zur Fertigstellung Revue passieren. Auch der B\u00fcrgermeister Herr Sch\u00f6ffmann erinnerte daran, dass &hellip; <a href=\"https:\/\/www.ars-pohlheim.net\/?p=7624\" class=\"more-link\"><span class=\"screen-reader-text\">Einweihungsfeier nach fast 13 Jahren Baustelle<\/span> weiterlesen <span class=\"meta-nav\">&rarr;<\/span><\/a><\/p>\n","protected":false},"author":10,"featured_media":0,"comment_status":"closed","ping_status":"closed","sticky":false,"template":"","format":"standard","meta":{"ngg_post_thumbnail":0},"categories":[1],"tags":[],"_links":{"self":[{"href":"https:\/\/www.ars-pohlheim.net\/index.php?rest_route=\/wp\/v2\/posts\/7624"}],"collection":[{"href":"https:\/\/www.ars-pohlheim.net\/index.php?rest_route=\/wp\/v2\/posts"}],"about":[{"href":"https:\/\/www.ars-pohlheim.net\/index.php?rest_route=\/wp\/v2\/types\/post"}],"author":[{"embeddable":true,"href":"https:\/\/www.ars-pohlheim.net\/index.php?rest_route=\/wp\/v2\/users\/10"}],"replies":[{"embeddable":true,"href":"https:\/\/www.ars-pohlheim.net\/index.php?rest_route=%2Fwp%2Fv2%2Fcomments&post=7624"}],"version-history":[{"count":12,"href":"https:\/\/www.ars-pohlheim.net\/index.php?rest_route=\/wp\/v2\/posts\/7624\/revisions"}],"predecessor-version":[{"id":7677,"href":"https:\/\/www.ars-pohlheim.net\/index.php?rest_route=\/wp\/v2\/posts\/7624\/revisions\/7677"}],"wp:attachment":[{"href":"https:\/\/www.ars-pohlheim.net\/index.php?rest_route=%2Fwp%2Fv2%2Fmedia&parent=7624"}],"wp:term":[{"taxonomy":"category","embeddable":true,"href":"https:\/\/www.ars-pohlheim.net\/index.php?rest_route=%2Fwp%2Fv2%2Fcategories&post=7624"},{"taxonomy":"post_tag","embeddable":true,"href":"https:\/\/www.ars-pohlheim.net\/index.php?rest_route=%2Fwp%2Fv2%2Ftags&post=7624"}],"curies":[{"name":"wp","href":"https:\/\/api.w.org\/{rel}","templated":true}]}}