{"id":7600,"date":"2019-10-27T14:45:22","date_gmt":"2019-10-27T13:45:22","guid":{"rendered":"http:\/\/www.ars-pohlheim.net\/?p=7600"},"modified":"2025-01-31T13:05:57","modified_gmt":"2025-01-31T12:05:57","slug":"besuch-des-regisseurs-frieder-schlaich-beim-globalen-schulkino","status":"publish","type":"post","link":"https:\/\/www.ars-pohlheim.net\/?p=7600","title":{"rendered":"Besuch des Regisseurs Frieder Schlaich beim globalen Schulkino"},"content":{"rendered":"<div id='gallery-1' class='gallery galleryid-7600 gallery-columns-3 gallery-size-thumbnail'><figure class='gallery-item'>\n\t\t\t<div class='gallery-icon landscape'>\n\t\t\t\t<a href='https:\/\/www.ars-pohlheim.net\/?attachment_id=7601'><img width=\"150\" height=\"150\" src=\"https:\/\/www.ars-pohlheim.net\/wp-content\/uploads\/2019\/10\/20191024_091529-150x150.jpg\" class=\"attachment-thumbnail size-thumbnail\" alt=\"\" loading=\"lazy\" aria-describedby=\"gallery-1-7601\" \/><\/a>\n\t\t\t<\/div>\n\t\t\t\t<figcaption class='wp-caption-text gallery-caption' id='gallery-1-7601'>\n\t\t\t\t&#8222;Naomis Reise&#8220; ein Film von Frieder Schlaich\n\t\t\t\t<\/figcaption><\/figure><figure class='gallery-item'>\n\t\t\t<div class='gallery-icon landscape'>\n\t\t\t\t<a href='https:\/\/www.ars-pohlheim.net\/?attachment_id=7602'><img width=\"150\" height=\"150\" src=\"https:\/\/www.ars-pohlheim.net\/wp-content\/uploads\/2019\/10\/20191024_103653-150x150.jpg\" class=\"attachment-thumbnail size-thumbnail\" alt=\"\" loading=\"lazy\" aria-describedby=\"gallery-1-7602\" \/><\/a>\n\t\t\t<\/div>\n\t\t\t\t<figcaption class='wp-caption-text gallery-caption' id='gallery-1-7602'>\n\t\t\t\tDer Regisseur stellt sich den Fragen der Sch\u00fcler*innen\n\t\t\t\t<\/figcaption><\/figure>\n\t\t<\/div>\n\n<p><img loading=\"lazy\" class=\"alignnone size-medium wp-image-7620\" src=\"http:\/\/www.ars-pohlheim.net\/wp-content\/uploads\/2019\/10\/20191024_081435-2-300x136.jpg\" alt=\"\" width=\"300\" height=\"136\" srcset=\"https:\/\/www.ars-pohlheim.net\/wp-content\/uploads\/2019\/10\/20191024_081435-2-300x136.jpg 300w, https:\/\/www.ars-pohlheim.net\/wp-content\/uploads\/2019\/10\/20191024_081435-2-768x349.jpg 768w, https:\/\/www.ars-pohlheim.net\/wp-content\/uploads\/2019\/10\/20191024_081435-2-1024x465.jpg 1024w\" sizes=\"(max-width: 300px) 100vw, 300px\" \/><\/p>\n<figure id=\"attachment_7605\" aria-describedby=\"caption-attachment-7605\" style=\"width: 300px\" class=\"wp-caption alignnone\"><img loading=\"lazy\" class=\"size-medium wp-image-7605\" src=\"http:\/\/www.ars-pohlheim.net\/wp-content\/uploads\/2019\/10\/DSC_1508-2-300x255.jpg\" alt=\"\" width=\"300\" height=\"255\" srcset=\"https:\/\/www.ars-pohlheim.net\/wp-content\/uploads\/2019\/10\/DSC_1508-2-300x255.jpg 300w, https:\/\/www.ars-pohlheim.net\/wp-content\/uploads\/2019\/10\/DSC_1508-2-768x652.jpg 768w, https:\/\/www.ars-pohlheim.net\/wp-content\/uploads\/2019\/10\/DSC_1508-2-1024x869.jpg 1024w, https:\/\/www.ars-pohlheim.net\/wp-content\/uploads\/2019\/10\/DSC_1508-2.jpg 1105w\" sizes=\"(max-width: 300px) 100vw, 300px\" \/><figcaption id=\"caption-attachment-7605\" class=\"wp-caption-text\">Frau Feregrino im Gespr\u00e4ch mit Frieder Schlaich<\/figcaption><\/figure>\n<p>Am 24.10.19 hatten wir zum vierten Mal das globale Schulkino in unserem Haus. In diesem Jahr war der Jahrgang 10 beteiligt. In Vorbereitung hatten die Klassenlehrkr\u00e4fte Eidmann und Soennecken (10a), Diehl und Cirasun (10b) und Steinmetz und Feregrino (10c) gemeinsam mit unserer Sozialarbeiterin Frau Kraft-Medebach die Sch\u00fclerinnen und Sch\u00fcler im Unterricht auf das Thema &#8222;H\u00e4usliche Gewalt&#8220; eingestimmt. Nun wurde der Film &#8222;Naomis Reise&#8220; von Frieder Schlaich gezeigt. Hier geht es um einen Strafprozess in Deutschland, bei dem das Urteil \u00fcber den Ehemann von Mariella gef\u00e4llt werden soll. Er hat seine aus Peru stammende Frau get\u00f6tet und es stellt sich die Frage, ob es Mord war. Nebenbei beleuchtet der Film die Problematik von Machtgef\u00e4llen: Sowohl in Peru als auch in Deutschland gibt es Situationen, aus denen klar wird, wer die Macht hat und daher auch m\u00f6glicherweise Recht bekommt.<br \/>\n<!--more-->Im Film werden die Rollen der Richter und Anw\u00e4lte von Laiendarstellern, n\u00e4mlich echten Richern und Anw\u00e4lten gespielt, was den Film so authentisch macht und die N\u00fcchernheit von deutschen Gerichten ziemlich exakt transportiert.<br \/>\nZum ersten Mal hatte Freu Feregrino, die wie in den vergangenen Jahren die Initiatorin der Veranstaltung war, den Regisseur eingeladen, und dieser war trotz vollem Kalender extra aus Berlin gekommen. Er stellte sich im Anschluss an den Film den vielen Fragen unserer 10. Kl\u00e4ssler und konnte so noch eindr\u00fccklicher die Situation der Protagonisten darstellen. Er hob auch hervor, dass der Film nach einem realen Fall, der verfremdet wurde, entstanden ist. Nach einer kurzen Pause teilten sich die Sch\u00fclerinnen und Sch\u00fcler dann in vier Gruppen auf und bearbeiteten das Thema &#8222;H\u00e4usliche Gewalt&#8220; gemeinsam mit Mitarbeitern des Vereins Motiv\u00e9s und dem Weltladen aus Marburg. Der Verein setzt sich seit 2007 f\u00fcr eine gerechtere und bessere Welt ein und unterst\u00fctzt uns bei der Arbeit mit solchen anspruchsvollen Filmen. Im Nachgespr\u00e4ch nach den Workshops lobten die Verantwortlichen sowohl die tolle Vorbereitung durch die Lehrkr\u00e4fte, die Einbettung in den Unterricht, das Ambiente der Veranstaltung als auch unsere Sch\u00fclerinnen und Sch\u00fcler selbst.<\/p>\n","protected":false},"excerpt":{"rendered":"<p>Am 24.10.19 hatten wir zum vierten Mal das globale Schulkino in unserem Haus. In diesem Jahr war der Jahrgang 10 beteiligt. In Vorbereitung hatten die Klassenlehrkr\u00e4fte Eidmann und Soennecken (10a), Diehl und Cirasun (10b) und Steinmetz und Feregrino (10c) gemeinsam mit unserer Sozialarbeiterin Frau Kraft-Medebach die Sch\u00fclerinnen und Sch\u00fcler im Unterricht auf das Thema &#8222;H\u00e4usliche &hellip; <a href=\"https:\/\/www.ars-pohlheim.net\/?p=7600\" class=\"more-link\"><span class=\"screen-reader-text\">Besuch des Regisseurs Frieder Schlaich beim globalen Schulkino<\/span> weiterlesen <span class=\"meta-nav\">&rarr;<\/span><\/a><\/p>\n","protected":false},"author":10,"featured_media":0,"comment_status":"closed","ping_status":"closed","sticky":false,"template":"","format":"standard","meta":{"ngg_post_thumbnail":0},"categories":[1],"tags":[],"_links":{"self":[{"href":"https:\/\/www.ars-pohlheim.net\/index.php?rest_route=\/wp\/v2\/posts\/7600"}],"collection":[{"href":"https:\/\/www.ars-pohlheim.net\/index.php?rest_route=\/wp\/v2\/posts"}],"about":[{"href":"https:\/\/www.ars-pohlheim.net\/index.php?rest_route=\/wp\/v2\/types\/post"}],"author":[{"embeddable":true,"href":"https:\/\/www.ars-pohlheim.net\/index.php?rest_route=\/wp\/v2\/users\/10"}],"replies":[{"embeddable":true,"href":"https:\/\/www.ars-pohlheim.net\/index.php?rest_route=%2Fwp%2Fv2%2Fcomments&post=7600"}],"version-history":[{"count":8,"href":"https:\/\/www.ars-pohlheim.net\/index.php?rest_route=\/wp\/v2\/posts\/7600\/revisions"}],"predecessor-version":[{"id":11780,"href":"https:\/\/www.ars-pohlheim.net\/index.php?rest_route=\/wp\/v2\/posts\/7600\/revisions\/11780"}],"wp:attachment":[{"href":"https:\/\/www.ars-pohlheim.net\/index.php?rest_route=%2Fwp%2Fv2%2Fmedia&parent=7600"}],"wp:term":[{"taxonomy":"category","embeddable":true,"href":"https:\/\/www.ars-pohlheim.net\/index.php?rest_route=%2Fwp%2Fv2%2Fcategories&post=7600"},{"taxonomy":"post_tag","embeddable":true,"href":"https:\/\/www.ars-pohlheim.net\/index.php?rest_route=%2Fwp%2Fv2%2Ftags&post=7600"}],"curies":[{"name":"wp","href":"https:\/\/api.w.org\/{rel}","templated":true}]}}