{"id":7307,"date":"2019-08-25T13:20:00","date_gmt":"2019-08-25T11:20:00","guid":{"rendered":"http:\/\/www.ars-pohlheim.net\/?p=7307"},"modified":"2019-08-31T07:42:41","modified_gmt":"2019-08-31T05:42:41","slug":"personalia-zum-schuljahresanfang","status":"publish","type":"post","link":"https:\/\/www.ars-pohlheim.net\/?p=7307","title":{"rendered":"Personalia zum Schuljahresanfang"},"content":{"rendered":"<p><div id='gallery-1' class='gallery galleryid-7307 gallery-columns-3 gallery-size-thumbnail'><figure class='gallery-item'>\n\t\t\t<div class='gallery-icon portrait'>\n\t\t\t\t<a href='https:\/\/www.ars-pohlheim.net\/?attachment_id=7310'><img width=\"150\" height=\"150\" src=\"https:\/\/www.ars-pohlheim.net\/wp-content\/uploads\/2019\/08\/DEB6C325-FFD9-46DF-ABA4-2146A71DF155-150x150.jpeg\" class=\"attachment-thumbnail size-thumbnail\" alt=\"\" loading=\"lazy\" \/><\/a>\n\t\t\t<\/div><\/figure><figure class='gallery-item'>\n\t\t\t<div class='gallery-icon landscape'>\n\t\t\t\t<a href='https:\/\/www.ars-pohlheim.net\/?attachment_id=7308'><img width=\"150\" height=\"150\" src=\"https:\/\/www.ars-pohlheim.net\/wp-content\/uploads\/2019\/08\/2BE301D8-85C9-4476-9E86-6B08936CC43E-150x150.jpeg\" class=\"attachment-thumbnail size-thumbnail\" alt=\"\" loading=\"lazy\" aria-describedby=\"gallery-1-7308\" \/><\/a>\n\t\t\t<\/div>\n\t\t\t\t<figcaption class='wp-caption-text gallery-caption' id='gallery-1-7308'>\n\t\t\t\tSchuljahresanfangskonferenz\n\t\t\t\t<\/figcaption><\/figure><figure class='gallery-item'>\n\t\t\t<div class='gallery-icon landscape'>\n\t\t\t\t<a href='https:\/\/www.ars-pohlheim.net\/?attachment_id=7309'><img width=\"150\" height=\"150\" src=\"https:\/\/www.ars-pohlheim.net\/wp-content\/uploads\/2019\/08\/A94F28F8-32A9-4E5A-95EC-42405D777348-150x150.jpeg\" class=\"attachment-thumbnail size-thumbnail\" alt=\"\" loading=\"lazy\" \/><\/a>\n\t\t\t<\/div><\/figure>\n\t\t<\/div>\n<br \/>\nWie in jedem Schuljahr gibt es auch in diesem Jahr einiges Neues zum Personal der ARS.<br \/>\nWir begr\u00fc\u00dfen Herrn Schneider (Bild links), der nach seinem erfolgreichem Referendariat nun mit einer Planstelle an unserer Schule bleibt. Daf\u00fcr w\u00fcnschen wir ihm alles Gute und freuen uns sehr! Aus der Elternzeit zur\u00fcck sind Frau Jeuthner und Frau Zimmer, aus einem Sabbatjahr zur\u00fcck ist Frau Kadel. Allen drei Kolleginnen einen guten Wiedereinstieg! Frau Handrick bereichert ab sofort mit einem befristeten Vertrag unser Kollegium, sie ersetzt im Fach Englisch Frau Dre\u00dfler, die zwar ebenfalls eine Planstelle bei uns bekommen hat, aber leider zun\u00e4chst f\u00fcr ein Jahr an eine Grundschule in Gr\u00fcnberg abgeordnet wurde.<br \/>\n<!--more-->Grund zum Feiern gibt es f\u00fcr Frau Peters (Bild Mitte): Die Schulleiterin Petra Br\u00fcll konnte ihr zur Schuljahresanfangskonferenz die Urkunde zum 25j\u00e4hrigen Dienstjubil\u00e4um \u00fcberreichen! Und mit einem weinenden und einem lachenden Auge erhielt Frau Pelka-Ernst (Bild rechts) ihre Versetzungsverf\u00fcgung an das Studienseminar f\u00fcr Haupt- und Realschulen. Weinend, weil sie nun nur noch mit ganz wenigen Stunden an unserer Schule sein wird, lachend, weil sie nach vielen Jahren der Abordnung an das Studienseminar nun auch endlich die verdiente Ausbilderstelle erhalten hat. Herzlichen Gl\u00fcckwunsch zur Bef\u00f6rderung!<\/p>\n","protected":false},"excerpt":{"rendered":"<p>Wie in jedem Schuljahr gibt es auch in diesem Jahr einiges Neues zum Personal der ARS. Wir begr\u00fc\u00dfen Herrn Schneider (Bild links), der nach seinem erfolgreichem Referendariat nun mit einer Planstelle an unserer Schule bleibt. Daf\u00fcr w\u00fcnschen wir ihm alles Gute und freuen uns sehr! Aus der Elternzeit zur\u00fcck sind Frau Jeuthner und Frau Zimmer, &hellip; <a href=\"https:\/\/www.ars-pohlheim.net\/?p=7307\" class=\"more-link\"><span class=\"screen-reader-text\">Personalia zum Schuljahresanfang<\/span> weiterlesen <span class=\"meta-nav\">&rarr;<\/span><\/a><\/p>\n","protected":false},"author":10,"featured_media":0,"comment_status":"closed","ping_status":"closed","sticky":false,"template":"","format":"standard","meta":{"ngg_post_thumbnail":0},"categories":[1],"tags":[],"_links":{"self":[{"href":"https:\/\/www.ars-pohlheim.net\/index.php?rest_route=\/wp\/v2\/posts\/7307"}],"collection":[{"href":"https:\/\/www.ars-pohlheim.net\/index.php?rest_route=\/wp\/v2\/posts"}],"about":[{"href":"https:\/\/www.ars-pohlheim.net\/index.php?rest_route=\/wp\/v2\/types\/post"}],"author":[{"embeddable":true,"href":"https:\/\/www.ars-pohlheim.net\/index.php?rest_route=\/wp\/v2\/users\/10"}],"replies":[{"embeddable":true,"href":"https:\/\/www.ars-pohlheim.net\/index.php?rest_route=%2Fwp%2Fv2%2Fcomments&post=7307"}],"version-history":[{"count":3,"href":"https:\/\/www.ars-pohlheim.net\/index.php?rest_route=\/wp\/v2\/posts\/7307\/revisions"}],"predecessor-version":[{"id":7362,"href":"https:\/\/www.ars-pohlheim.net\/index.php?rest_route=\/wp\/v2\/posts\/7307\/revisions\/7362"}],"wp:attachment":[{"href":"https:\/\/www.ars-pohlheim.net\/index.php?rest_route=%2Fwp%2Fv2%2Fmedia&parent=7307"}],"wp:term":[{"taxonomy":"category","embeddable":true,"href":"https:\/\/www.ars-pohlheim.net\/index.php?rest_route=%2Fwp%2Fv2%2Fcategories&post=7307"},{"taxonomy":"post_tag","embeddable":true,"href":"https:\/\/www.ars-pohlheim.net\/index.php?rest_route=%2Fwp%2Fv2%2Ftags&post=7307"}],"curies":[{"name":"wp","href":"https:\/\/api.w.org\/{rel}","templated":true}]}}