{"id":7064,"date":"2019-05-30T13:55:27","date_gmt":"2019-05-30T11:55:27","guid":{"rendered":"http:\/\/www.ars-pohlheim.net\/?p=7064"},"modified":"2025-02-05T18:09:26","modified_gmt":"2025-02-05T17:09:26","slug":"el-teatro-abre-puertas-das-theater-oeffnet-tueren","status":"publish","type":"post","link":"https:\/\/www.ars-pohlheim.net\/?p=7064","title":{"rendered":"El teatro abre puertas &#8211; Das Theater \u00f6ffnet T\u00fcren"},"content":{"rendered":"<p><a href=\"http:\/\/www.ars-pohlheim.net\/wp-content\/uploads\/2019\/05\/P1030528.jpg\"><img loading=\"lazy\" class=\"alignright wp-image-7089 size-medium\" src=\"http:\/\/www.ars-pohlheim.net\/wp-content\/uploads\/2019\/05\/P1030528-300x169.jpg\" alt=\"\" width=\"300\" height=\"169\" srcset=\"https:\/\/www.ars-pohlheim.net\/wp-content\/uploads\/2019\/05\/P1030528-300x169.jpg 300w, https:\/\/www.ars-pohlheim.net\/wp-content\/uploads\/2019\/05\/P1030528-768x432.jpg 768w, https:\/\/www.ars-pohlheim.net\/wp-content\/uploads\/2019\/05\/P1030528.jpg 800w\" sizes=\"(max-width: 300px) 100vw, 300px\" \/><\/a>Dass diese Aussage stimmt, konnten wir am 28.05.19 sehr eindrucksvoll im Instituto Cervantes in Frankfurt erleben. Dort fand zum ersten Mal in Hessen ein spanisches Theaterfestival statt und auch von unserer Schule nahm eine Gruppe von 10. Kl\u00e4sslern unter der Leitung von Alicia Feregrino teil. Er\u00f6ffnet wurde die Veranstaltung von Herrn Ramiro Villapadierna (Leiter des Instituts), moderiert von den beiden Damen Celia Cid und Claudia Molnar. Der ebenfalls geladene Staatssekret\u00e4r Herr Manuel L\u00f6sel (Hessisches Kultusministerium) hob die Bedeutung des Theaters durch den Hinweis auf das Shakespeare Zitat \u201edie ganze Welt ist eine B\u00fchne und alle Frauen und M\u00e4nner blo\u00df Spieler\u201c hervor. Er betonte die Einzigartigkeit des Instiuto Cervantes, das es erm\u00f6gliche einen Schutzraum zu schaffen, in dem das Institut diese B\u00fchne biete und den Teilnehmerinnen und Teilnehmer die M\u00f6glichkeit bietet in der spanischen Sprache ihre selbst entwickelten und einge\u00fcbten Theaterst\u00fccke zu pr\u00e4sentieren. Auch die Konsulen von Mexiko, Peru und Chile lie\u00dfen sich dieses einmalige Spektakel nicht entgehen.<br \/>\n<!--more-->Schlie\u00dflich zeigten 7 hessische Schulen ihre St\u00fccke. Dabei waren zwei Videoproduktionen und 4 live Theaterst\u00fccke entstanden und das von der ARS vorgetragene ganz besondere Video, das eine Schattentheaterproduktion aufgezeichnet hatte. Der Titel \u201eTres Mundos \u2013 drei Welten\u201c gab schon einen Hinweis auf den Inhalt: Es sind die ganz privaten individuellen Geschichten von Emanuela Petraio, Musawer Amin und Elie Joulan. Alle drei haben aus unterschiedlichen Gr\u00fcnden ihr Heimatland verlassen und sind zu uns nach Deutschland gekommen. Ihre pers\u00f6nlichen Schicksale werden sehr eindr\u00fccklich dargestellt und hinterlassen beim Zuschauer G\u00e4nsehaut und eine nachdenkliche Stimmung. Das Schattentheater wurde meisterlich von Sarah Schlapp illustriert und von Elie Joulan am Klavier begleitet. Die wochenlangen Proben, die auch 7 Wochenenden in der Schule beinhalteten, das Aufzeichnen der Szenen und das Schneiden des Filmmaterials haben von den Sch\u00fclerinnen und Sch\u00fcler und ihrer unerm\u00fcdlichen Lehrerin sehr viel abverlangt. Auch der pensionierte Kollege Herbert B\u00fccher half beim Aufzeichnen mit und so entstand gleich bei der ersten Produktion der ARS ein Meisterwerk! Dies war auch am frenetischen Beifall des Publikums in Frankfurt festzustellen, und den vielen Nachfragen, wie man es denn geschafft habe, so etwas Tolles zu produzieren! Letztlich wird mit diesem Film ein Beispiel gelungener Integration dokumentiert.<br \/>\nWir w\u00fcnschen den Teilnehmerinnen und Teilnehmer dieses Projektes, die nach dem Ende des Schuljahres die ARS verlassen, alles Gute f\u00fcr ihre Zukunft! M\u00f6gen sie auch an den weiterf\u00fchrenden Schulen auf solch tolle Lehrkr\u00e4fte sto\u00dfen wie ihre jetzige Spanischlehrerin!<\/p>\n\n\n<div class=\"ngg-galleryoverview ngg-slideshow\"\n\t id=\"ngg-slideshow-f2932c4eeab0e8a231224fc60545119d-4158332770\"\n     data-gallery-id=\"f2932c4eeab0e8a231224fc60545119d\"\n     style=\"max-width: 570px; max-height: 400px;\">\n\n \t<div id=\"ngg-image-0\" class=\"ngg-gallery-slideshow-image\" style=\"height:400px\">\n\n        <a href=\"https:\/\/www.ars-pohlheim.net\/wp-content\/gallery\/el-teatro-abre-puertas-das-theater-oeffnet-tueren\/P1030523.JPG\"\n           title=\"\"\n           data-src=\"https:\/\/www.ars-pohlheim.net\/wp-content\/gallery\/el-teatro-abre-puertas-das-theater-oeffnet-tueren\/P1030523.JPG\"\n           data-thumbnail=\"https:\/\/www.ars-pohlheim.net\/wp-content\/gallery\/el-teatro-abre-puertas-das-theater-oeffnet-tueren\/thumbs\/thumbs_P1030523.JPG\"\n           data-image-id=\"209\"\n           data-title=\"P1030523\"\n           data-description=\"\"\n           class=\"ngg-fancybox\" rel=\"f2932c4eeab0e8a231224fc60545119d\">\n\n            <img data-image-id='209'\n                 title=\"\"\n                 alt=\"P1030523\"\n                 src=\"https:\/\/www.ars-pohlheim.net\/wp-content\/gallery\/el-teatro-abre-puertas-das-theater-oeffnet-tueren\/P1030523.JPG\"\n                 style=\"max-height: 380px;\"\/>\n        <\/a>\n\n        <\/div> \n<div id=\"ngg-image-1\" class=\"ngg-gallery-slideshow-image\" style=\"height:400px\">\n\n        <a href=\"https:\/\/www.ars-pohlheim.net\/wp-content\/gallery\/el-teatro-abre-puertas-das-theater-oeffnet-tueren\/P1030528.JPG\"\n           title=\"\"\n           data-src=\"https:\/\/www.ars-pohlheim.net\/wp-content\/gallery\/el-teatro-abre-puertas-das-theater-oeffnet-tueren\/P1030528.JPG\"\n           data-thumbnail=\"https:\/\/www.ars-pohlheim.net\/wp-content\/gallery\/el-teatro-abre-puertas-das-theater-oeffnet-tueren\/thumbs\/thumbs_P1030528.JPG\"\n           data-image-id=\"210\"\n           data-title=\"P1030528\"\n           data-description=\"\"\n           class=\"ngg-fancybox\" rel=\"f2932c4eeab0e8a231224fc60545119d\">\n\n            <img data-image-id='210'\n                 title=\"\"\n                 alt=\"P1030528\"\n                 src=\"https:\/\/www.ars-pohlheim.net\/wp-content\/gallery\/el-teatro-abre-puertas-das-theater-oeffnet-tueren\/P1030528.JPG\"\n                 style=\"max-height: 380px;\"\/>\n        <\/a>\n\n        <\/div> \n<div id=\"ngg-image-2\" class=\"ngg-gallery-slideshow-image\" style=\"height:400px\">\n\n        <a href=\"https:\/\/www.ars-pohlheim.net\/wp-content\/gallery\/el-teatro-abre-puertas-das-theater-oeffnet-tueren\/P1030529.JPG\"\n           title=\"\"\n           data-src=\"https:\/\/www.ars-pohlheim.net\/wp-content\/gallery\/el-teatro-abre-puertas-das-theater-oeffnet-tueren\/P1030529.JPG\"\n           data-thumbnail=\"https:\/\/www.ars-pohlheim.net\/wp-content\/gallery\/el-teatro-abre-puertas-das-theater-oeffnet-tueren\/thumbs\/thumbs_P1030529.JPG\"\n           data-image-id=\"211\"\n           data-title=\"P1030529\"\n           data-description=\"\"\n           class=\"ngg-fancybox\" rel=\"f2932c4eeab0e8a231224fc60545119d\">\n\n            <img data-image-id='211'\n                 title=\"\"\n                 alt=\"P1030529\"\n                 src=\"https:\/\/www.ars-pohlheim.net\/wp-content\/gallery\/el-teatro-abre-puertas-das-theater-oeffnet-tueren\/P1030529.JPG\"\n                 style=\"max-height: 380px;\"\/>\n        <\/a>\n\n        <\/div> \n<div id=\"ngg-image-3\" class=\"ngg-gallery-slideshow-image\" style=\"height:400px\">\n\n        <a href=\"https:\/\/www.ars-pohlheim.net\/wp-content\/gallery\/el-teatro-abre-puertas-das-theater-oeffnet-tueren\/P1030532.JPG\"\n           title=\"\"\n           data-src=\"https:\/\/www.ars-pohlheim.net\/wp-content\/gallery\/el-teatro-abre-puertas-das-theater-oeffnet-tueren\/P1030532.JPG\"\n           data-thumbnail=\"https:\/\/www.ars-pohlheim.net\/wp-content\/gallery\/el-teatro-abre-puertas-das-theater-oeffnet-tueren\/thumbs\/thumbs_P1030532.JPG\"\n           data-image-id=\"212\"\n           data-title=\"P1030532\"\n           data-description=\"\"\n           class=\"ngg-fancybox\" rel=\"f2932c4eeab0e8a231224fc60545119d\">\n\n            <img data-image-id='212'\n                 title=\"\"\n                 alt=\"P1030532\"\n                 src=\"https:\/\/www.ars-pohlheim.net\/wp-content\/gallery\/el-teatro-abre-puertas-das-theater-oeffnet-tueren\/P1030532.JPG\"\n                 style=\"max-height: 380px;\"\/>\n        <\/a>\n\n        <\/div> \n<div id=\"ngg-image-4\" class=\"ngg-gallery-slideshow-image\" style=\"height:400px\">\n\n        <a href=\"https:\/\/www.ars-pohlheim.net\/wp-content\/gallery\/el-teatro-abre-puertas-das-theater-oeffnet-tueren\/P1030534.JPG\"\n           title=\"\"\n           data-src=\"https:\/\/www.ars-pohlheim.net\/wp-content\/gallery\/el-teatro-abre-puertas-das-theater-oeffnet-tueren\/P1030534.JPG\"\n           data-thumbnail=\"https:\/\/www.ars-pohlheim.net\/wp-content\/gallery\/el-teatro-abre-puertas-das-theater-oeffnet-tueren\/thumbs\/thumbs_P1030534.JPG\"\n           data-image-id=\"213\"\n           data-title=\"P1030534\"\n           data-description=\"\"\n           class=\"ngg-fancybox\" rel=\"f2932c4eeab0e8a231224fc60545119d\">\n\n            <img data-image-id='213'\n                 title=\"\"\n                 alt=\"P1030534\"\n                 src=\"https:\/\/www.ars-pohlheim.net\/wp-content\/gallery\/el-teatro-abre-puertas-das-theater-oeffnet-tueren\/P1030534.JPG\"\n                 style=\"max-height: 380px;\"\/>\n        <\/a>\n\n        <\/div> \n<div id=\"ngg-image-5\" class=\"ngg-gallery-slideshow-image\" style=\"height:400px\">\n\n        <a href=\"https:\/\/www.ars-pohlheim.net\/wp-content\/gallery\/el-teatro-abre-puertas-das-theater-oeffnet-tueren\/P1030549.JPG\"\n           title=\"\"\n           data-src=\"https:\/\/www.ars-pohlheim.net\/wp-content\/gallery\/el-teatro-abre-puertas-das-theater-oeffnet-tueren\/P1030549.JPG\"\n           data-thumbnail=\"https:\/\/www.ars-pohlheim.net\/wp-content\/gallery\/el-teatro-abre-puertas-das-theater-oeffnet-tueren\/thumbs\/thumbs_P1030549.JPG\"\n           data-image-id=\"214\"\n           data-title=\"P1030549\"\n           data-description=\"\"\n           class=\"ngg-fancybox\" rel=\"f2932c4eeab0e8a231224fc60545119d\">\n\n            <img data-image-id='214'\n                 title=\"\"\n                 alt=\"P1030549\"\n                 src=\"https:\/\/www.ars-pohlheim.net\/wp-content\/gallery\/el-teatro-abre-puertas-das-theater-oeffnet-tueren\/P1030549.JPG\"\n                 style=\"max-height: 380px;\"\/>\n        <\/a>\n\n        <\/div> \n<\/div>\n\n\n\n\n","protected":false},"excerpt":{"rendered":"<p>Dass diese Aussage stimmt, konnten wir am 28.05.19 sehr eindrucksvoll im Instituto Cervantes in Frankfurt erleben. Dort fand zum ersten Mal in Hessen ein spanisches Theaterfestival statt und auch von unserer Schule nahm eine Gruppe von 10. Kl\u00e4sslern unter der Leitung von Alicia Feregrino teil. Er\u00f6ffnet wurde die Veranstaltung von Herrn Ramiro Villapadierna (Leiter des &hellip; <a href=\"https:\/\/www.ars-pohlheim.net\/?p=7064\" class=\"more-link\"><span class=\"screen-reader-text\">El teatro abre puertas &#8211; Das Theater \u00f6ffnet T\u00fcren<\/span> weiterlesen <span class=\"meta-nav\">&rarr;<\/span><\/a><\/p>\n","protected":false},"author":10,"featured_media":0,"comment_status":"closed","ping_status":"closed","sticky":false,"template":"","format":"standard","meta":{"ngg_post_thumbnail":0},"categories":[1],"tags":[],"_links":{"self":[{"href":"https:\/\/www.ars-pohlheim.net\/index.php?rest_route=\/wp\/v2\/posts\/7064"}],"collection":[{"href":"https:\/\/www.ars-pohlheim.net\/index.php?rest_route=\/wp\/v2\/posts"}],"about":[{"href":"https:\/\/www.ars-pohlheim.net\/index.php?rest_route=\/wp\/v2\/types\/post"}],"author":[{"embeddable":true,"href":"https:\/\/www.ars-pohlheim.net\/index.php?rest_route=\/wp\/v2\/users\/10"}],"replies":[{"embeddable":true,"href":"https:\/\/www.ars-pohlheim.net\/index.php?rest_route=%2Fwp%2Fv2%2Fcomments&post=7064"}],"version-history":[{"count":7,"href":"https:\/\/www.ars-pohlheim.net\/index.php?rest_route=\/wp\/v2\/posts\/7064\/revisions"}],"predecessor-version":[{"id":11793,"href":"https:\/\/www.ars-pohlheim.net\/index.php?rest_route=\/wp\/v2\/posts\/7064\/revisions\/11793"}],"wp:attachment":[{"href":"https:\/\/www.ars-pohlheim.net\/index.php?rest_route=%2Fwp%2Fv2%2Fmedia&parent=7064"}],"wp:term":[{"taxonomy":"category","embeddable":true,"href":"https:\/\/www.ars-pohlheim.net\/index.php?rest_route=%2Fwp%2Fv2%2Fcategories&post=7064"},{"taxonomy":"post_tag","embeddable":true,"href":"https:\/\/www.ars-pohlheim.net\/index.php?rest_route=%2Fwp%2Fv2%2Ftags&post=7064"}],"curies":[{"name":"wp","href":"https:\/\/api.w.org\/{rel}","templated":true}]}}