{"id":6813,"date":"2019-05-02T21:59:09","date_gmt":"2019-05-02T19:59:09","guid":{"rendered":"http:\/\/www.ars-pohlheim.net\/?p=6813"},"modified":"2019-05-04T20:24:59","modified_gmt":"2019-05-04T18:24:59","slug":"petra-bruell-als-kommissarische-schulleiterin-an-der-ars-eingefuehrt","status":"publish","type":"post","link":"https:\/\/www.ars-pohlheim.net\/?p=6813","title":{"rendered":"Petra Br\u00fcll als Kommissarische Schulleiterin an der ARS eingef\u00fchrt"},"content":{"rendered":"<p>Im Rahmen einer Feierstunde an der Adolf-Reichwein-Schule wurde die bisherige Stellvertretende Schulleiterin Petra Br\u00fcll mit den kommissarischen Aufgaben der Schulleiterin der Adolf-Reichwein-Schule eingef\u00fchrt. Damit ist die Stelle nach dem Weggang von Norbert Kissel in das Kultusministerium wiederbesetzt.<\/p>\n<p><a href=\"http:\/\/www.ars-pohlheim.net\/wp-content\/uploads\/2019\/05\/Schulleiterin-Petra-Br\u00fcll.jpg\"><img loading=\"lazy\" class=\"alignright size-medium wp-image-6816\" src=\"http:\/\/www.ars-pohlheim.net\/wp-content\/uploads\/2019\/05\/Schulleiterin-Petra-Br\u00fcll-300x200.jpg\" alt=\"\" width=\"300\" height=\"200\" srcset=\"https:\/\/www.ars-pohlheim.net\/wp-content\/uploads\/2019\/05\/Schulleiterin-Petra-Br\u00fcll-300x200.jpg 300w, https:\/\/www.ars-pohlheim.net\/wp-content\/uploads\/2019\/05\/Schulleiterin-Petra-Br\u00fcll-768x513.jpg 768w, https:\/\/www.ars-pohlheim.net\/wp-content\/uploads\/2019\/05\/Schulleiterin-Petra-Br\u00fcll-1024x684.jpg 1024w, https:\/\/www.ars-pohlheim.net\/wp-content\/uploads\/2019\/05\/Schulleiterin-Petra-Br\u00fcll.jpg 2000w\" sizes=\"(max-width: 300px) 100vw, 300px\" \/><\/a>Frau Hu\u00dfmann, schulfachliche Aufsichtsbeamte im Staatlichen Schulamt Gie\u00dfen-Vogelsberg, betonte, dass Frau Br\u00fcll \u201edie Gratwanderung zwischen eigenem Handeln und der vertrauensvollen Teamarbeit mit den Menschen, deren Eignung man auch erst einmal erkennen muss, in ihrer Zeit als stellvertretende Schulleiterin in einem Ma\u00dfe gelungen sei, dass ich mich zur\u00fccklehnen kann und die ARS in sehr guten H\u00e4nden wei\u00df.\u201c Dabei dankte sie Frau Br\u00fcll f\u00fcr die verl\u00e4ssliche Arbeit in den letzten beiden Jahren sowie f\u00fcr die transparente und zielf\u00fchrende Zusammenarbeit.<\/p>\n<p><!--more-->Diesen Worten schlossen sich die Schuldezernentin des Landkreises Gie\u00dfen, Frau Dr. Christiane Schmahl, und der B\u00fcrgermeister der Gemeinde Pohlheim, Herr Udo Sch\u00f6ffmann, an. Herr Sch\u00f6ffmann k\u00fcndigte zudem eine Spende in H\u00f6he von 500 \u20ac f\u00fcr die Wiederbelebung des Schulgartenteiches der ARS an.<\/p>\n<p>F\u00fcr den Schulverbund der Grundschulen gratulierte Frau Hill, die auch den Wunsch \u00e4u\u00dferte, weiterhin so vertrauensvoll wie bisher zusammenzuarbeiten.&nbsp;<\/p>\n<p><a href=\"http:\/\/www.ars-pohlheim.net\/wp-content\/uploads\/2019\/05\/Br\u00fcllHu\u00dfmann.jpg\"><img loading=\"lazy\" class=\"size-medium wp-image-6814 alignleft\" src=\"http:\/\/www.ars-pohlheim.net\/wp-content\/uploads\/2019\/05\/Br\u00fcllHu\u00dfmann-300x225.jpg\" alt=\"\" width=\"300\" height=\"225\" srcset=\"https:\/\/www.ars-pohlheim.net\/wp-content\/uploads\/2019\/05\/Br\u00fcllHu\u00dfmann-300x225.jpg 300w, https:\/\/www.ars-pohlheim.net\/wp-content\/uploads\/2019\/05\/Br\u00fcllHu\u00dfmann-768x576.jpg 768w, https:\/\/www.ars-pohlheim.net\/wp-content\/uploads\/2019\/05\/Br\u00fcllHu\u00dfmann-1024x768.jpg 1024w\" sizes=\"(max-width: 300px) 100vw, 300px\" \/><\/a>In Petra Br\u00fclls Ansprache an die geladenen G\u00e4ste und das Kollegium skizzierte die \u00fcberzeugte IGSlerin ihren eigenen Werdegang und beschrieb in humoriger Art und Weise ihr umfangreiches, vielf\u00e4ltiges und tolles Berufsbild einer Schulleiterin. Sie betonte, was f\u00fcr sie Merkmale einer guten Schule sind:neben guten Leistungen m\u00fcsse es auch ganz zu allererst um Wertsch\u00e4tzung und gegenseitigen Respekt gehen. Au\u00dferdem betonte sie die Wichtigkeit von Heterogenit\u00e4t: \u201eHeterogenit\u00e4t ist f\u00fcr mich und hoffentlich f\u00fcr alle anderen hier ein Gewinn und zwar auf allen Ebenen: Bei den Sch\u00fclerinnen und Sch\u00fclern, im Kollegium und in der Schulleitung. Homogenit\u00e4t ist \u00fcbrigens eine Fiktion, denn jeder Mensch lernt und arbeitet anders.\u201c Auch in Zukunft stehe ihre T\u00fcr f\u00fcr alle Sorgen und N\u00f6te, Ideen und Anregungen so oft es geht offen und sie lud alle zum Mitdenken und Mitmachen bei der Entwicklung der Schule ein. Dabei dankte sie dem Kollegium, den Eltern und allen weiteren Mitarbeitern der ARS f\u00fcr die bisherige Unterst\u00fctzung und hofft auf weiterhin gute Zusammenarbeit.<\/p>\n","protected":false},"excerpt":{"rendered":"<p>Im Rahmen einer Feierstunde an der Adolf-Reichwein-Schule wurde die bisherige Stellvertretende Schulleiterin Petra Br\u00fcll mit den kommissarischen Aufgaben der Schulleiterin der Adolf-Reichwein-Schule eingef\u00fchrt. Damit ist die Stelle nach dem Weggang von Norbert Kissel in das Kultusministerium wiederbesetzt. Frau Hu\u00dfmann, schulfachliche Aufsichtsbeamte im Staatlichen Schulamt Gie\u00dfen-Vogelsberg, betonte, dass Frau Br\u00fcll \u201edie Gratwanderung zwischen eigenem Handeln und &hellip; <a href=\"https:\/\/www.ars-pohlheim.net\/?p=6813\" class=\"more-link\"><span class=\"screen-reader-text\">Petra Br\u00fcll als Kommissarische Schulleiterin an der ARS eingef\u00fchrt<\/span> weiterlesen <span class=\"meta-nav\">&rarr;<\/span><\/a><\/p>\n","protected":false},"author":1,"featured_media":0,"comment_status":"closed","ping_status":"closed","sticky":false,"template":"","format":"standard","meta":{"ngg_post_thumbnail":0},"categories":[1],"tags":[],"_links":{"self":[{"href":"https:\/\/www.ars-pohlheim.net\/index.php?rest_route=\/wp\/v2\/posts\/6813"}],"collection":[{"href":"https:\/\/www.ars-pohlheim.net\/index.php?rest_route=\/wp\/v2\/posts"}],"about":[{"href":"https:\/\/www.ars-pohlheim.net\/index.php?rest_route=\/wp\/v2\/types\/post"}],"author":[{"embeddable":true,"href":"https:\/\/www.ars-pohlheim.net\/index.php?rest_route=\/wp\/v2\/users\/1"}],"replies":[{"embeddable":true,"href":"https:\/\/www.ars-pohlheim.net\/index.php?rest_route=%2Fwp%2Fv2%2Fcomments&post=6813"}],"version-history":[{"count":2,"href":"https:\/\/www.ars-pohlheim.net\/index.php?rest_route=\/wp\/v2\/posts\/6813\/revisions"}],"predecessor-version":[{"id":6817,"href":"https:\/\/www.ars-pohlheim.net\/index.php?rest_route=\/wp\/v2\/posts\/6813\/revisions\/6817"}],"wp:attachment":[{"href":"https:\/\/www.ars-pohlheim.net\/index.php?rest_route=%2Fwp%2Fv2%2Fmedia&parent=6813"}],"wp:term":[{"taxonomy":"category","embeddable":true,"href":"https:\/\/www.ars-pohlheim.net\/index.php?rest_route=%2Fwp%2Fv2%2Fcategories&post=6813"},{"taxonomy":"post_tag","embeddable":true,"href":"https:\/\/www.ars-pohlheim.net\/index.php?rest_route=%2Fwp%2Fv2%2Ftags&post=6813"}],"curies":[{"name":"wp","href":"https:\/\/api.w.org\/{rel}","templated":true}]}}