{"id":6738,"date":"2019-03-13T15:30:43","date_gmt":"2019-03-13T14:30:43","guid":{"rendered":"http:\/\/www.ars-pohlheim.net\/?p=6738"},"modified":"2019-03-13T15:34:45","modified_gmt":"2019-03-13T14:34:45","slug":"a-leer-regionaler-spanischvorlesewettbewerb-an-der-ars","status":"publish","type":"post","link":"https:\/\/www.ars-pohlheim.net\/?p=6738","title":{"rendered":"A leer! Regionaler Spanischvorlesewettbewerb an der ARS"},"content":{"rendered":"<figure id=\"attachment_6739\" aria-describedby=\"caption-attachment-6739\" style=\"width: 300px\" class=\"wp-caption alignright\"><a href=\"http:\/\/www.ars-pohlheim.net\/wp-content\/uploads\/2019\/03\/Vorlesewettbwerb-Spanisch20191.jpg\"><img loading=\"lazy\" class=\"size-medium wp-image-6739\" src=\"http:\/\/www.ars-pohlheim.net\/wp-content\/uploads\/2019\/03\/Vorlesewettbwerb-Spanisch20191-300x152.jpg\" alt=\"\" width=\"300\" height=\"152\" srcset=\"https:\/\/www.ars-pohlheim.net\/wp-content\/uploads\/2019\/03\/Vorlesewettbwerb-Spanisch20191-300x152.jpg 300w, https:\/\/www.ars-pohlheim.net\/wp-content\/uploads\/2019\/03\/Vorlesewettbwerb-Spanisch20191-768x389.jpg 768w, https:\/\/www.ars-pohlheim.net\/wp-content\/uploads\/2019\/03\/Vorlesewettbwerb-Spanisch20191-1024x518.jpg 1024w\" sizes=\"(max-width: 300px) 100vw, 300px\" \/><\/a><figcaption id=\"caption-attachment-6739\" class=\"wp-caption-text\">Die diesj\u00e4hrigen Preistr\u00e4ger<\/figcaption><\/figure>\n<p>Bereits zum zweiten Mal fand der regionale Vorlesewettbewerb im Fach Spanisch an der Adolf-Reichwein-Schule (ARS) in Pohlheim statt. Unter der Federf\u00fchrung von Alicia Feregrino, eine muttersprachliche Spanischlehrerin der Schule, wurde dieser geplant. Dabei nahmen 27 Sch\u00fclerinnen und Sch\u00fcler aus der Anne-Frank-Schule Linden, der Br\u00fcder Grimm-Schule Kleinlinden, der Gesamtschule Busecker Tal, der Gesamtschule Gie\u00dfen-Ost, der Gesamtschule Gleiberger Land, der Herderschule in Gie\u00dfen, dem Landgraf-Ludwigs-Gymnasium in Gie\u00dfen und nat\u00fcrlich von der gastgebenden Adolf-Reichwein-Schule in Pohlheim teil.<!--more--><\/p>\n<p>Um die Veranstaltung aufzulockern, gab es ein Rahmenprogramm, bei dem auch sehr viele nichtspanischsprechende Sch\u00fclerinnen und Sch\u00fcler der ARS beteiligt waren: Die Ch\u00f6re 5\/6 und 7\/8, ein Quiz, das sich durch die Schule zog konnte gel\u00f6st werden, die Zehntkl\u00e4ssler Amin Musawer und Julian Vogel hatten ein Buffet vorbereitet und Elie Joulan spielte in den Pausen am Klavier. Zu sehen gab es au\u00dferdem ein von Sarah Schlipp (Klasse 10) gemaltes Portrait der mexikanischen Malerin Frida Kahlo .<\/p>\n<p>Die Jury setzte sich aus einer Mexikanerin, Claudia Schichau, einer jungen Dame mit mexikanischer Mutter, Vanessa Langer, der Spanischstudentin und ehemaligen Sch\u00fclerin der ARS, Laura-Sophie J\u00e4ger und Ulrike Castro-Leduc, einer Spanischkollegin vom Laubachkolleg, zusammen. Die Sieger erhielten Buchpreise (gestiftet vom Cornelsen und vom Klett-Verlag), bzw. Gutscheine, die vom F\u00f6rderverein der ARS zur Verf\u00fcgung gestellt wurden.<\/p>\n<p>Den jeweils ersten Platz in ihren Kategorien belegten:<\/p>\n<p>Emily Thiessen, Herderschule Gie\u00dfen, Jahrgang 7, Niveau A1; Katharina H\u00e4ndel, Herderschule Gie\u00dfen, Jahrgang 8, Niveau A1\/A2; Sanaa Rashid, Gesamtschule Gie\u00dfen-Ost, Jahrgang 9, Niveau A1; Paul Bartz, Anne-Frank-Schule Linden und Sophia Stolte, Landgraf-Ludwigs-Gymnasium, beide Jahrgang 10, Niveau A1\/A2; Marco Wotka, Herderschule Gie\u00dfen, Jahrgang 9, Niveau A2; Laura Lancovescu, Herderschule Gie\u00dfen, Jahrgang 10, Niveau A2\/B1<\/p>\n<p>Im n\u00e4chsten Jahr wird es erneut einen regionalen Wettbewerb geben. Die ARS freut sich schon darauf!<\/p>\n<figure id=\"attachment_6746\" aria-describedby=\"caption-attachment-6746\" style=\"width: 300px\" class=\"wp-caption aligncenter\"><a href=\"http:\/\/www.ars-pohlheim.net\/wp-content\/uploads\/2019\/03\/Vorlesewettbwerb-Spanisch20193.jpg\"><img loading=\"lazy\" class=\"size-medium wp-image-6746\" src=\"http:\/\/www.ars-pohlheim.net\/wp-content\/uploads\/2019\/03\/Vorlesewettbwerb-Spanisch20193-300x200.jpg\" alt=\"\" width=\"300\" height=\"200\" srcset=\"https:\/\/www.ars-pohlheim.net\/wp-content\/uploads\/2019\/03\/Vorlesewettbwerb-Spanisch20193-300x200.jpg 300w, https:\/\/www.ars-pohlheim.net\/wp-content\/uploads\/2019\/03\/Vorlesewettbwerb-Spanisch20193-768x512.jpg 768w, https:\/\/www.ars-pohlheim.net\/wp-content\/uploads\/2019\/03\/Vorlesewettbwerb-Spanisch20193-1024x683.jpg 1024w\" sizes=\"(max-width: 300px) 100vw, 300px\" \/><\/a><figcaption id=\"caption-attachment-6746\" class=\"wp-caption-text\">Die Jury<\/figcaption><\/figure>\n<figure id=\"attachment_6740\" aria-describedby=\"caption-attachment-6740\" style=\"width: 300px\" class=\"wp-caption aligncenter\"><a href=\"http:\/\/www.ars-pohlheim.net\/wp-content\/uploads\/2019\/03\/Vorlesewettbwerb-Spanisch20192.jpg\"><img loading=\"lazy\" class=\"size-medium wp-image-6740\" src=\"http:\/\/www.ars-pohlheim.net\/wp-content\/uploads\/2019\/03\/Vorlesewettbwerb-Spanisch20192-300x198.jpg\" alt=\"\" width=\"300\" height=\"198\" srcset=\"https:\/\/www.ars-pohlheim.net\/wp-content\/uploads\/2019\/03\/Vorlesewettbwerb-Spanisch20192-300x198.jpg 300w, https:\/\/www.ars-pohlheim.net\/wp-content\/uploads\/2019\/03\/Vorlesewettbwerb-Spanisch20192-768x506.jpg 768w, https:\/\/www.ars-pohlheim.net\/wp-content\/uploads\/2019\/03\/Vorlesewettbwerb-Spanisch20192-1024x675.jpg 1024w\" sizes=\"(max-width: 300px) 100vw, 300px\" \/><\/a><figcaption id=\"caption-attachment-6740\" class=\"wp-caption-text\">Musikalischer Beitrag<\/figcaption><\/figure>\n","protected":false},"excerpt":{"rendered":"<p>Bereits zum zweiten Mal fand der regionale Vorlesewettbewerb im Fach Spanisch an der Adolf-Reichwein-Schule (ARS) in Pohlheim statt. Unter der Federf\u00fchrung von Alicia Feregrino, eine muttersprachliche Spanischlehrerin der Schule, wurde dieser geplant. Dabei nahmen 27 Sch\u00fclerinnen und Sch\u00fcler aus der Anne-Frank-Schule Linden, der Br\u00fcder Grimm-Schule Kleinlinden, der Gesamtschule Busecker Tal, der Gesamtschule Gie\u00dfen-Ost, der Gesamtschule &hellip; <a href=\"https:\/\/www.ars-pohlheim.net\/?p=6738\" class=\"more-link\"><span class=\"screen-reader-text\">A leer! Regionaler Spanischvorlesewettbewerb an der ARS<\/span> weiterlesen <span class=\"meta-nav\">&rarr;<\/span><\/a><\/p>\n","protected":false},"author":1,"featured_media":0,"comment_status":"closed","ping_status":"closed","sticky":false,"template":"","format":"standard","meta":{"ngg_post_thumbnail":0},"categories":[1],"tags":[],"_links":{"self":[{"href":"https:\/\/www.ars-pohlheim.net\/index.php?rest_route=\/wp\/v2\/posts\/6738"}],"collection":[{"href":"https:\/\/www.ars-pohlheim.net\/index.php?rest_route=\/wp\/v2\/posts"}],"about":[{"href":"https:\/\/www.ars-pohlheim.net\/index.php?rest_route=\/wp\/v2\/types\/post"}],"author":[{"embeddable":true,"href":"https:\/\/www.ars-pohlheim.net\/index.php?rest_route=\/wp\/v2\/users\/1"}],"replies":[{"embeddable":true,"href":"https:\/\/www.ars-pohlheim.net\/index.php?rest_route=%2Fwp%2Fv2%2Fcomments&post=6738"}],"version-history":[{"count":4,"href":"https:\/\/www.ars-pohlheim.net\/index.php?rest_route=\/wp\/v2\/posts\/6738\/revisions"}],"predecessor-version":[{"id":6748,"href":"https:\/\/www.ars-pohlheim.net\/index.php?rest_route=\/wp\/v2\/posts\/6738\/revisions\/6748"}],"wp:attachment":[{"href":"https:\/\/www.ars-pohlheim.net\/index.php?rest_route=%2Fwp%2Fv2%2Fmedia&parent=6738"}],"wp:term":[{"taxonomy":"category","embeddable":true,"href":"https:\/\/www.ars-pohlheim.net\/index.php?rest_route=%2Fwp%2Fv2%2Fcategories&post=6738"},{"taxonomy":"post_tag","embeddable":true,"href":"https:\/\/www.ars-pohlheim.net\/index.php?rest_route=%2Fwp%2Fv2%2Ftags&post=6738"}],"curies":[{"name":"wp","href":"https:\/\/api.w.org\/{rel}","templated":true}]}}