{"id":6696,"date":"2019-01-22T19:58:23","date_gmt":"2019-01-22T18:58:23","guid":{"rendered":"http:\/\/www.ars-pohlheim.net\/?p=6696"},"modified":"2019-01-22T19:59:19","modified_gmt":"2019-01-22T18:59:19","slug":"ein-kleines-dankeschoen-an-alle-mensa-helferinnen","status":"publish","type":"post","link":"https:\/\/www.ars-pohlheim.net\/?p=6696","title":{"rendered":"Ein kleines Dankesch\u00f6n an alle Mensa-Helferinnen"},"content":{"rendered":"<figure id=\"attachment_6699\" aria-describedby=\"caption-attachment-6699\" style=\"width: 300px\" class=\"wp-caption alignright\"><a href=\"http:\/\/www.ars-pohlheim.net\/wp-content\/uploads\/2019\/01\/Mensa-Dankesch\u00f6n03.jpg\"><img loading=\"lazy\" class=\"size-medium wp-image-6699\" src=\"http:\/\/www.ars-pohlheim.net\/wp-content\/uploads\/2019\/01\/Mensa-Dankesch\u00f6n03-300x173.jpg\" alt=\"\" width=\"300\" height=\"173\" srcset=\"https:\/\/www.ars-pohlheim.net\/wp-content\/uploads\/2019\/01\/Mensa-Dankesch\u00f6n03-300x173.jpg 300w, https:\/\/www.ars-pohlheim.net\/wp-content\/uploads\/2019\/01\/Mensa-Dankesch\u00f6n03.jpg 668w\" sizes=\"(max-width: 300px) 100vw, 300px\" \/><\/a><figcaption id=\"caption-attachment-6699\" class=\"wp-caption-text\">Frau K\u00f6se und ihre Helferinnen<\/figcaption><\/figure>\n<p>Mensa-Betreiberin Arzu K\u00f6se und die Lehrerin und Ganztags-Beauftragte Esther Eidmann bedankten sich am letzten <span class=\"text_exposed_show\">Mittwoch mit einem leckeren Mittagessen bei den flei\u00dfigen Helferinnen und Helfern aus den Jahrg\u00e4ngen 9 und 10, die in den gro\u00dfen Pausen sowie der Mittagspause Frau K\u00f6se beim Verkauf und der Zubereitung von Waffeln helfen.<\/span><!--more--><\/p>\n<p><a href=\"http:\/\/www.ars-pohlheim.net\/wp-content\/uploads\/2019\/01\/Mensa-Dankesch\u00f6n01.jpg\"><img loading=\"lazy\" class=\"alignleft size-medium wp-image-6697\" src=\"http:\/\/www.ars-pohlheim.net\/wp-content\/uploads\/2019\/01\/Mensa-Dankesch\u00f6n01-300x225.jpg\" alt=\"\" width=\"300\" height=\"225\" srcset=\"https:\/\/www.ars-pohlheim.net\/wp-content\/uploads\/2019\/01\/Mensa-Dankesch\u00f6n01-300x225.jpg 300w, https:\/\/www.ars-pohlheim.net\/wp-content\/uploads\/2019\/01\/Mensa-Dankesch\u00f6n01-768x576.jpg 768w, https:\/\/www.ars-pohlheim.net\/wp-content\/uploads\/2019\/01\/Mensa-Dankesch\u00f6n01-1024x768.jpg 1024w, https:\/\/www.ars-pohlheim.net\/wp-content\/uploads\/2019\/01\/Mensa-Dankesch\u00f6n01.jpg 2016w\" sizes=\"(max-width: 300px) 100vw, 300px\" \/><\/a><\/p>\n<p><a href=\"http:\/\/www.ars-pohlheim.net\/wp-content\/uploads\/2019\/01\/Mensa-Dankesch\u00f6n02.jpg\"><img loading=\"lazy\" class=\"alignleft size-medium wp-image-6698\" src=\"http:\/\/www.ars-pohlheim.net\/wp-content\/uploads\/2019\/01\/Mensa-Dankesch\u00f6n02-300x225.jpg\" alt=\"\" width=\"300\" height=\"225\" srcset=\"https:\/\/www.ars-pohlheim.net\/wp-content\/uploads\/2019\/01\/Mensa-Dankesch\u00f6n02-300x225.jpg 300w, https:\/\/www.ars-pohlheim.net\/wp-content\/uploads\/2019\/01\/Mensa-Dankesch\u00f6n02-768x576.jpg 768w, https:\/\/www.ars-pohlheim.net\/wp-content\/uploads\/2019\/01\/Mensa-Dankesch\u00f6n02-1024x768.jpg 1024w, https:\/\/www.ars-pohlheim.net\/wp-content\/uploads\/2019\/01\/Mensa-Dankesch\u00f6n02.jpg 2016w\" sizes=\"(max-width: 300px) 100vw, 300px\" \/><\/a><\/p>\n","protected":false},"excerpt":{"rendered":"<p>Mensa-Betreiberin Arzu K\u00f6se und die Lehrerin und Ganztags-Beauftragte Esther Eidmann bedankten sich am letzten Mittwoch mit einem leckeren Mittagessen bei den flei\u00dfigen Helferinnen und Helfern aus den Jahrg\u00e4ngen 9 und 10, die in den gro\u00dfen Pausen sowie der Mittagspause Frau K\u00f6se beim Verkauf und der Zubereitung von Waffeln helfen.<\/p>\n","protected":false},"author":1,"featured_media":0,"comment_status":"closed","ping_status":"closed","sticky":false,"template":"","format":"standard","meta":{"ngg_post_thumbnail":0},"categories":[1],"tags":[],"_links":{"self":[{"href":"https:\/\/www.ars-pohlheim.net\/index.php?rest_route=\/wp\/v2\/posts\/6696"}],"collection":[{"href":"https:\/\/www.ars-pohlheim.net\/index.php?rest_route=\/wp\/v2\/posts"}],"about":[{"href":"https:\/\/www.ars-pohlheim.net\/index.php?rest_route=\/wp\/v2\/types\/post"}],"author":[{"embeddable":true,"href":"https:\/\/www.ars-pohlheim.net\/index.php?rest_route=\/wp\/v2\/users\/1"}],"replies":[{"embeddable":true,"href":"https:\/\/www.ars-pohlheim.net\/index.php?rest_route=%2Fwp%2Fv2%2Fcomments&post=6696"}],"version-history":[{"count":3,"href":"https:\/\/www.ars-pohlheim.net\/index.php?rest_route=\/wp\/v2\/posts\/6696\/revisions"}],"predecessor-version":[{"id":6702,"href":"https:\/\/www.ars-pohlheim.net\/index.php?rest_route=\/wp\/v2\/posts\/6696\/revisions\/6702"}],"wp:attachment":[{"href":"https:\/\/www.ars-pohlheim.net\/index.php?rest_route=%2Fwp%2Fv2%2Fmedia&parent=6696"}],"wp:term":[{"taxonomy":"category","embeddable":true,"href":"https:\/\/www.ars-pohlheim.net\/index.php?rest_route=%2Fwp%2Fv2%2Fcategories&post=6696"},{"taxonomy":"post_tag","embeddable":true,"href":"https:\/\/www.ars-pohlheim.net\/index.php?rest_route=%2Fwp%2Fv2%2Ftags&post=6696"}],"curies":[{"name":"wp","href":"https:\/\/api.w.org\/{rel}","templated":true}]}}