{"id":6651,"date":"2018-12-21T10:44:28","date_gmt":"2018-12-21T09:44:28","guid":{"rendered":"http:\/\/www.ars-pohlheim.net\/?p=6651"},"modified":"2018-12-21T10:45:37","modified_gmt":"2018-12-21T09:45:37","slug":"frohe-festtage-und-einen-guten-start-in-2019","status":"publish","type":"post","link":"https:\/\/www.ars-pohlheim.net\/?p=6651","title":{"rendered":"Frohe Festtage und einen guten Start in 2019"},"content":{"rendered":"<p><a href=\"http:\/\/www.ars-pohlheim.net\/wp-content\/uploads\/2018\/12\/Weihnachten2018-e1545385435248.jpg\"><img loading=\"lazy\" width=\"200\" height=\"266\" class=\" wp-image-6652 alignleft\" alt=\"\" src=\"http:\/\/www.ars-pohlheim.net\/wp-content\/uploads\/2018\/12\/Weihnachten2018-e1545385435248-768x1024.jpg\" srcset=\"https:\/\/www.ars-pohlheim.net\/wp-content\/uploads\/2018\/12\/Weihnachten2018-e1545385435248-768x1024.jpg 768w, https:\/\/www.ars-pohlheim.net\/wp-content\/uploads\/2018\/12\/Weihnachten2018-e1545385435248-225x300.jpg 225w\" sizes=\"(max-width: 200px) 100vw, 200px\" \/><\/a>Die Schulleitung der Adolf-Reichwein-Schule w\u00fcnscht allen Sch\u00fclerinnen und Sch\u00fclern, allen Eltern, alle Mitarbeiterinnen und Mitarbeitern und allen Kolleginnen und Kollegen sch\u00f6ne Festtage, einen guten Start ins neue Jahr und erholsame Ferien. Wir hoffen, dass wir alle Mitglieder der Schulgemeinde im neuen Jahr gesund wieder sehen.<\/p>\n","protected":false},"excerpt":{"rendered":"<p>Die Schulleitung der Adolf-Reichwein-Schule w\u00fcnscht allen Sch\u00fclerinnen und Sch\u00fclern, allen Eltern, alle Mitarbeiterinnen und Mitarbeitern und allen Kolleginnen und Kollegen sch\u00f6ne Festtage, einen guten Start ins neue Jahr und erholsame Ferien. Wir hoffen, dass wir alle Mitglieder der Schulgemeinde im neuen Jahr gesund wieder sehen.<\/p>\n","protected":false},"author":1,"featured_media":0,"comment_status":"closed","ping_status":"closed","sticky":false,"template":"","format":"standard","meta":{"ngg_post_thumbnail":0},"categories":[1],"tags":[],"_links":{"self":[{"href":"https:\/\/www.ars-pohlheim.net\/index.php?rest_route=\/wp\/v2\/posts\/6651"}],"collection":[{"href":"https:\/\/www.ars-pohlheim.net\/index.php?rest_route=\/wp\/v2\/posts"}],"about":[{"href":"https:\/\/www.ars-pohlheim.net\/index.php?rest_route=\/wp\/v2\/types\/post"}],"author":[{"embeddable":true,"href":"https:\/\/www.ars-pohlheim.net\/index.php?rest_route=\/wp\/v2\/users\/1"}],"replies":[{"embeddable":true,"href":"https:\/\/www.ars-pohlheim.net\/index.php?rest_route=%2Fwp%2Fv2%2Fcomments&post=6651"}],"version-history":[{"count":3,"href":"https:\/\/www.ars-pohlheim.net\/index.php?rest_route=\/wp\/v2\/posts\/6651\/revisions"}],"predecessor-version":[{"id":6655,"href":"https:\/\/www.ars-pohlheim.net\/index.php?rest_route=\/wp\/v2\/posts\/6651\/revisions\/6655"}],"wp:attachment":[{"href":"https:\/\/www.ars-pohlheim.net\/index.php?rest_route=%2Fwp%2Fv2%2Fmedia&parent=6651"}],"wp:term":[{"taxonomy":"category","embeddable":true,"href":"https:\/\/www.ars-pohlheim.net\/index.php?rest_route=%2Fwp%2Fv2%2Fcategories&post=6651"},{"taxonomy":"post_tag","embeddable":true,"href":"https:\/\/www.ars-pohlheim.net\/index.php?rest_route=%2Fwp%2Fv2%2Ftags&post=6651"}],"curies":[{"name":"wp","href":"https:\/\/api.w.org\/{rel}","templated":true}]}}