{"id":6115,"date":"2018-08-04T07:43:17","date_gmt":"2018-08-04T05:43:17","guid":{"rendered":"http:\/\/www.ars-pohlheim.net\/?p=6115"},"modified":"2018-08-05T11:35:17","modified_gmt":"2018-08-05T09:35:17","slug":"verabschiedungen-an-der-ars","status":"publish","type":"post","link":"https:\/\/www.ars-pohlheim.net\/?p=6115","title":{"rendered":"Verabschiedungen an der ARS"},"content":{"rendered":"<p>N\u00e4chste Woche beginnt f\u00fcr alle das neue Schuljahr. Der Blick auf den neuen Stundenplan wird zeigen, dass sich einige Ver\u00e4nderungen ergeben haben und dass einige liebgewonnene Lehrkr\u00e4fte nicht mehr den Unterricht halten. Aber auch einige Schulkameraden haben die Adolf-Reichwein-Schule verlassen und hoffen im Beruf oder an weiterf\u00fchrenden Schulen den weiteren Lebensweg erfolgreich zu gestalten.<\/p>\n<p><!--more--><\/p>\n<figure id=\"attachment_6121\" aria-describedby=\"caption-attachment-6121\" style=\"width: 269px\" class=\"wp-caption alignleft\"><a href=\"http:\/\/www.ars-pohlheim.net\/wp-content\/uploads\/2018\/08\/ARS_Pohlheim_Die-Besten_2018.jpeg\"><img loading=\"lazy\" class=\" wp-image-6121\" src=\"http:\/\/www.ars-pohlheim.net\/wp-content\/uploads\/2018\/08\/ARS_Pohlheim_Die-Besten_2018.jpeg\" alt=\"\" width=\"269\" height=\"179\" srcset=\"https:\/\/www.ars-pohlheim.net\/wp-content\/uploads\/2018\/08\/ARS_Pohlheim_Die-Besten_2018.jpeg 640w, https:\/\/www.ars-pohlheim.net\/wp-content\/uploads\/2018\/08\/ARS_Pohlheim_Die-Besten_2018-300x200.jpeg 300w\" sizes=\"(max-width: 269px) 100vw, 269px\" \/><\/a><figcaption id=\"caption-attachment-6121\" class=\"wp-caption-text\">Ehrungen der besten Leistungen im Jahrgang 10 (Foto Roger Schmidt)<\/figcaption><\/figure>\n<p>Im Rahmen von zwei feierlichen Veranstaltungen wurden unsere Abg\u00e4nger verabschiedet. Im Rahmen dieser Veranstaltung konnten Daniela G\u00e4rtner, Samira Linnemann und Kaspar Zajac Ehrungen f\u00fcr besondere Leistungen bei dem Hauptschulabschluss entgegennehmen.<\/p>\n<p>&nbsp;<\/p>\n<p>Die Sch\u00fclerinnen und Sch\u00fcler Kevin MBoup, Marcel M\u00fcller und Jan Wallenfells erhielten Auszeichnungen f\u00fcr den besten Realschulabschluss und Luna Schulze, Maria Agirman, Achin Karasu und Tabea Krause wurden geehrt, weil sie den besten \u00dcbergang 11 erreicht haben.<\/p>\n<p>&nbsp;<\/p>\n<figure id=\"attachment_6122\" aria-describedby=\"caption-attachment-6122\" style=\"width: 251px\" class=\"wp-caption alignright\"><a href=\"http:\/\/www.ars-pohlheim.net\/wp-content\/uploads\/2018\/08\/IMG_0786.jpg\"><img loading=\"lazy\" class=\" wp-image-6122\" src=\"http:\/\/www.ars-pohlheim.net\/wp-content\/uploads\/2018\/08\/IMG_0786-1024x768.jpg\" alt=\"\" width=\"251\" height=\"188\" srcset=\"https:\/\/www.ars-pohlheim.net\/wp-content\/uploads\/2018\/08\/IMG_0786-1024x768.jpg 1024w, https:\/\/www.ars-pohlheim.net\/wp-content\/uploads\/2018\/08\/IMG_0786-300x225.jpg 300w, https:\/\/www.ars-pohlheim.net\/wp-content\/uploads\/2018\/08\/IMG_0786-768x576.jpg 768w\" sizes=\"(max-width: 251px) 100vw, 251px\" \/><\/a><figcaption id=\"caption-attachment-6122\" class=\"wp-caption-text\">Ehrungen f\u00fcr den ersten HSA<\/figcaption><\/figure>\n<p>Von den insgesamt 143 Sch\u00fclerinnen und Sch\u00fcler, die Adolf-Reichwein-Schule im letzten Schuljahr verlassen haben, werden 45 Sch\u00fclerinnen und Sch\u00fcler an der Gesamtschule Gie\u00dfen Ost das Abitur anstreben,&nbsp;24 Sch\u00fclerinnen und Sch\u00fcler eine Ausbildung beginnen und 74 Sch\u00fclerinnen und Sch\u00fcler werden ihre schulische Laufbahn an einer beruflichen Schule fortsetzen.<\/p>\n<p>&nbsp;<\/p>\n<p>Ehrungen f\u00fcr den ersten HSAWir w\u00fcnschen unserem ehemaligen Sch\u00fclerinnen und Sch\u00fclernf\u00fcr ihreweitere berufliche und schulische Karriere alles erdenklich Gute.<\/p>\n<p>&nbsp;<\/p>\n<h3>Verabschiedung von Kolleginnen und Kollegen<\/h3>\n<p>Aber nicht nur bei den Sch\u00fclerinnen und Sch\u00fclern wird es n\u00e4chste Woche einige Ver\u00e4nderungen geben. Auch das Kollegium in der Adolf-Reichwein-Schule hat sich deutlich ver\u00e4ndert.So wird Frau Marlin Harrison nach Beendigung ihres Referendariats in der Adolf-Reichwein-Schule in Friedberg eine Lehrerstelle \u00fcbernehmen, FrauKirsten Weber wechselt im Tausch mit Herrn Wolfgang Augstdie Schule und wird demn\u00e4chst an der Ricarda Hochschule unterrichten. Herr Augst unterrichtet daf\u00fcr bei uns die F\u00e4cher Mathematik und Chemie. Frau Andrea Schienbein \u00fcbernimmt im n\u00e4chsten Schuljahr die Koordinierung der Abschlusspr\u00fcfungen am Staatlichen Schulamt Gie\u00dfen-Vogelsberg. Frau Maryse Wittig hat ein Angebot aus der freien Wirtschaft wahrgenommen und wird dort sicherlich eine verl\u00e4ssliche Kraft sein. Herr Sean Brown wird uns weiter als VSS- Kraft zur Verf\u00fcgung stehen und Herr Clemens Bog \u00fcbernimmt eine Stelle an der Haupt- und Realschule in B\u00fcdingen.<\/p>\n<p>&nbsp;<\/p>\n<p>Nicht mehr in den Schuldienst zur\u00fcckkehren werden,weil sie ihren Ruhestand angetreten haben: Frau Renate Martin, Frau Beate Jakob (eh. Meilinger)und Frau Christel Staa\u00dfmeyer.<\/p>\n<p>&nbsp;<\/p>\n<figure id=\"attachment_6127\" aria-describedby=\"caption-attachment-6127\" style=\"width: 201px\" class=\"wp-caption alignleft\"><a href=\"http:\/\/www.ars-pohlheim.net\/wp-content\/uploads\/2018\/08\/IMG_0923.jpg\"><img loading=\"lazy\" class=\" wp-image-6127\" src=\"http:\/\/www.ars-pohlheim.net\/wp-content\/uploads\/2018\/08\/IMG_0923-1024x768.jpg\" alt=\"Verabschiedung von Beate Jakob\" width=\"201\" height=\"150\" srcset=\"https:\/\/www.ars-pohlheim.net\/wp-content\/uploads\/2018\/08\/IMG_0923-1024x768.jpg 1024w, https:\/\/www.ars-pohlheim.net\/wp-content\/uploads\/2018\/08\/IMG_0923-300x225.jpg 300w, https:\/\/www.ars-pohlheim.net\/wp-content\/uploads\/2018\/08\/IMG_0923-768x576.jpg 768w\" sizes=\"(max-width: 201px) 100vw, 201px\" \/><\/a><figcaption id=\"caption-attachment-6127\" class=\"wp-caption-text\">Verabschiedung von Beate Jakob<\/figcaption><\/figure>\n<p>Beate Jakob kam 2005 an die ARS und \u00fcbernahm zun\u00e4chst die Stufenleitung f\u00fcr die Jahrg\u00e4nge 7 bis 10. Ab 2012 war sie dann ausschlie\u00dflich f\u00fcr die Jahrgangsstufen 9und 10 verantwortlich. Ihre pers\u00f6nliche Leidenschaft wardieBerufs-und Studienorientierung. Da sorgte sie immer wieder mit neuen Ideen f\u00fcr eine Horizonterweiterung bei den Sch\u00fclerinnen und Sch\u00fclern. Und nicht zuletzt dank ihrer vielen pers\u00f6nlichen Kontakte und dem besonderen Engagement konnte Sie den Sch\u00fclerinnen und Sch\u00fcler eine berufliche oder schulische Anschlussperspektive f\u00fcr die Zeit nach der ARS aufzeigen, die von den meisten auch dankend angenommen wurden.<\/p>\n<p>&nbsp;<\/p>\n<p>&nbsp;<\/p>\n<p>&nbsp;<\/p>\n<figure id=\"attachment_6130\" aria-describedby=\"caption-attachment-6130\" style=\"width: 149px\" class=\"wp-caption alignright\"><a href=\"http:\/\/www.ars-pohlheim.net\/wp-content\/uploads\/2018\/08\/IMG_0919-1.jpg\"><img loading=\"lazy\" class=\" wp-image-6130\" src=\"http:\/\/www.ars-pohlheim.net\/wp-content\/uploads\/2018\/08\/IMG_0919-1-682x1024.jpg\" alt=\"\" width=\"149\" height=\"224\" srcset=\"https:\/\/www.ars-pohlheim.net\/wp-content\/uploads\/2018\/08\/IMG_0919-1-682x1024.jpg 682w, https:\/\/www.ars-pohlheim.net\/wp-content\/uploads\/2018\/08\/IMG_0919-1-200x300.jpg 200w, https:\/\/www.ars-pohlheim.net\/wp-content\/uploads\/2018\/08\/IMG_0919-1-768x1153.jpg 768w, https:\/\/www.ars-pohlheim.net\/wp-content\/uploads\/2018\/08\/IMG_0919-1.jpg 1857w\" sizes=\"(max-width: 149px) 100vw, 149px\" \/><\/a><figcaption id=\"caption-attachment-6130\" class=\"wp-caption-text\">Renate Martin<\/figcaption><\/figure>\n<p>&nbsp;<\/p>\n<p>Mit Renate Martin hat uns ebenfalls eine engagierte Lehrerin verlassen. Seit 1994 war sie bei uns an der Schule und hat die F\u00e4cher Physik und Mathematik unterrichtet. Zudem war sie lange im Personalrat unserer Schule t\u00e4tig und hat dabei viel f\u00fcr die Arbeitnehmerrechte gek\u00e4mpft und konnte sicherlich auf den einen oder anderen Missstand hinweisen und zu seiner Beseitigung beitragen.<\/p>\n<p>&nbsp;<\/p>\n<p>&nbsp;<\/p>\n<p>&nbsp;<\/p>\n<p>&nbsp;<\/p>\n<p>&nbsp;<\/p>\n<p>&nbsp;<\/p>\n<figure id=\"attachment_6132\" aria-describedby=\"caption-attachment-6132\" style=\"width: 163px\" class=\"wp-caption alignleft\"><a href=\"http:\/\/www.ars-pohlheim.net\/wp-content\/uploads\/2018\/08\/IMG_0935.jpg\"><img loading=\"lazy\" class=\" wp-image-6132\" src=\"http:\/\/www.ars-pohlheim.net\/wp-content\/uploads\/2018\/08\/IMG_0935-722x1024.jpg\" alt=\"\" width=\"163\" height=\"231\" srcset=\"https:\/\/www.ars-pohlheim.net\/wp-content\/uploads\/2018\/08\/IMG_0935-722x1024.jpg 722w, https:\/\/www.ars-pohlheim.net\/wp-content\/uploads\/2018\/08\/IMG_0935-212x300.jpg 212w, https:\/\/www.ars-pohlheim.net\/wp-content\/uploads\/2018\/08\/IMG_0935-768x1089.jpg 768w, https:\/\/www.ars-pohlheim.net\/wp-content\/uploads\/2018\/08\/IMG_0935.jpg 1915w\" sizes=\"(max-width: 163px) 100vw, 163px\" \/><\/a><figcaption id=\"caption-attachment-6132\" class=\"wp-caption-text\">Christel Staa\u00dfmeyer<\/figcaption><\/figure>\n<p>Christel Staasmeyer war ab 2010 bei uns an der Schule und unterrichtete die F\u00e4cher Evangelische Religion, Deutsch und Musik. Bei den Sch\u00fclerinnen und Sch\u00fclern war ihre ausgleichende und stets freundliche Art sehr beliebt.<\/p>\n<p>&nbsp;<\/p>\n<p>&nbsp;<\/p>\n<p>&nbsp;<\/p>\n<p>&nbsp;<\/p>\n<p>&nbsp;<\/p>\n<p>&nbsp;<\/p>\n<p>&nbsp;<\/p>\n<p>&nbsp;<\/p>\n<p>&nbsp;<\/p>\n<p>Wir w\u00fcnschen unseren ehemaligen KollegInnen f\u00fcr ihren Ruhestand alles Gute und viele tolle Erlebnisse au\u00dferhalb der Schule!<\/p>\n<p>&nbsp;<\/p>\n<h3>&nbsp;<\/h3>\n<h3>&nbsp;<\/h3>\n<h3>&nbsp;<\/h3>\n<h3>Bilder der Verabschiedungen:<\/h3>\n\n\n<div class=\"ngg-galleryoverview ngg-slideshow\"\n\t id=\"ngg-slideshow-e55e6bec2fecab0cd68ebef76b7b5fd5-1196630090\"\n     data-gallery-id=\"e55e6bec2fecab0cd68ebef76b7b5fd5\"\n     style=\"max-width: 570px; max-height: 400px;\">\n\n \t<div id=\"ngg-image-0\" class=\"ngg-gallery-slideshow-image\" style=\"height:400px\">\n\n        <a href=\"https:\/\/www.ars-pohlheim.net\/wp-content\/gallery\/verabschiedung-ars-2018\/IMG_0786.jpg\"\n           title=\"\"\n           data-src=\"https:\/\/www.ars-pohlheim.net\/wp-content\/gallery\/verabschiedung-ars-2018\/IMG_0786.jpg\"\n           data-thumbnail=\"https:\/\/www.ars-pohlheim.net\/wp-content\/gallery\/verabschiedung-ars-2018\/thumbs\/thumbs_IMG_0786.jpg\"\n           data-image-id=\"50\"\n           data-title=\"Beste HSA-Leistungen\"\n           data-description=\"\"\n           class=\"ngg-fancybox\" rel=\"e55e6bec2fecab0cd68ebef76b7b5fd5\">\n\n            <img data-image-id='50'\n                 title=\"\"\n                 alt=\"Beste HSA-Leistungen\"\n                 src=\"https:\/\/www.ars-pohlheim.net\/wp-content\/gallery\/verabschiedung-ars-2018\/IMG_0786.jpg\"\n                 style=\"max-height: 380px;\"\/>\n        <\/a>\n\n        <\/div> \n<div id=\"ngg-image-1\" class=\"ngg-gallery-slideshow-image\" style=\"height:400px\">\n\n        <a href=\"https:\/\/www.ars-pohlheim.net\/wp-content\/gallery\/verabschiedung-ars-2018\/IMG_0900.jpg\"\n           title=\"\"\n           data-src=\"https:\/\/www.ars-pohlheim.net\/wp-content\/gallery\/verabschiedung-ars-2018\/IMG_0900.jpg\"\n           data-thumbnail=\"https:\/\/www.ars-pohlheim.net\/wp-content\/gallery\/verabschiedung-ars-2018\/thumbs\/thumbs_IMG_0900.jpg\"\n           data-image-id=\"51\"\n           data-title=\"Marlin Harrison\"\n           data-description=\"\"\n           class=\"ngg-fancybox\" rel=\"e55e6bec2fecab0cd68ebef76b7b5fd5\">\n\n            <img data-image-id='51'\n                 title=\"\"\n                 alt=\"Marlin Harrison\"\n                 src=\"https:\/\/www.ars-pohlheim.net\/wp-content\/gallery\/verabschiedung-ars-2018\/IMG_0900.jpg\"\n                 style=\"max-height: 380px;\"\/>\n        <\/a>\n\n        <\/div> \n<div id=\"ngg-image-2\" class=\"ngg-gallery-slideshow-image\" style=\"height:400px\">\n\n        <a href=\"https:\/\/www.ars-pohlheim.net\/wp-content\/gallery\/verabschiedung-ars-2018\/IMG_0905.jpg\"\n           title=\"\"\n           data-src=\"https:\/\/www.ars-pohlheim.net\/wp-content\/gallery\/verabschiedung-ars-2018\/IMG_0905.jpg\"\n           data-thumbnail=\"https:\/\/www.ars-pohlheim.net\/wp-content\/gallery\/verabschiedung-ars-2018\/thumbs\/thumbs_IMG_0905.jpg\"\n           data-image-id=\"52\"\n           data-title=\"Andrea Schienbein\"\n           data-description=\"\"\n           class=\"ngg-fancybox\" rel=\"e55e6bec2fecab0cd68ebef76b7b5fd5\">\n\n            <img data-image-id='52'\n                 title=\"\"\n                 alt=\"Andrea Schienbein\"\n                 src=\"https:\/\/www.ars-pohlheim.net\/wp-content\/gallery\/verabschiedung-ars-2018\/IMG_0905.jpg\"\n                 style=\"max-height: 380px;\"\/>\n        <\/a>\n\n        <\/div> \n<div id=\"ngg-image-3\" class=\"ngg-gallery-slideshow-image\" style=\"height:400px\">\n\n        <a href=\"https:\/\/www.ars-pohlheim.net\/wp-content\/gallery\/verabschiedung-ars-2018\/IMG_0906.jpg\"\n           title=\"\"\n           data-src=\"https:\/\/www.ars-pohlheim.net\/wp-content\/gallery\/verabschiedung-ars-2018\/IMG_0906.jpg\"\n           data-thumbnail=\"https:\/\/www.ars-pohlheim.net\/wp-content\/gallery\/verabschiedung-ars-2018\/thumbs\/thumbs_IMG_0906.jpg\"\n           data-image-id=\"53\"\n           data-title=\"Petra Br\u00fcll und Maryse Wittig\"\n           data-description=\"\"\n           class=\"ngg-fancybox\" rel=\"e55e6bec2fecab0cd68ebef76b7b5fd5\">\n\n            <img data-image-id='53'\n                 title=\"\"\n                 alt=\"Petra Br\u00fcll und Maryse Wittig\"\n                 src=\"https:\/\/www.ars-pohlheim.net\/wp-content\/gallery\/verabschiedung-ars-2018\/IMG_0906.jpg\"\n                 style=\"max-height: 380px;\"\/>\n        <\/a>\n\n        <\/div> \n<div id=\"ngg-image-4\" class=\"ngg-gallery-slideshow-image\" style=\"height:400px\">\n\n        <a href=\"https:\/\/www.ars-pohlheim.net\/wp-content\/gallery\/verabschiedung-ars-2018\/IMG_0910.jpg\"\n           title=\"\"\n           data-src=\"https:\/\/www.ars-pohlheim.net\/wp-content\/gallery\/verabschiedung-ars-2018\/IMG_0910.jpg\"\n           data-thumbnail=\"https:\/\/www.ars-pohlheim.net\/wp-content\/gallery\/verabschiedung-ars-2018\/thumbs\/thumbs_IMG_0910.jpg\"\n           data-image-id=\"54\"\n           data-title=\"Kirsten Weber\"\n           data-description=\"\"\n           class=\"ngg-fancybox\" rel=\"e55e6bec2fecab0cd68ebef76b7b5fd5\">\n\n            <img data-image-id='54'\n                 title=\"\"\n                 alt=\"Kirsten Weber\"\n                 src=\"https:\/\/www.ars-pohlheim.net\/wp-content\/gallery\/verabschiedung-ars-2018\/IMG_0910.jpg\"\n                 style=\"max-height: 380px;\"\/>\n        <\/a>\n\n        <\/div> \n<div id=\"ngg-image-5\" class=\"ngg-gallery-slideshow-image\" style=\"height:400px\">\n\n        <a href=\"https:\/\/www.ars-pohlheim.net\/wp-content\/gallery\/verabschiedung-ars-2018\/IMG_0918.jpg\"\n           title=\"\"\n           data-src=\"https:\/\/www.ars-pohlheim.net\/wp-content\/gallery\/verabschiedung-ars-2018\/IMG_0918.jpg\"\n           data-thumbnail=\"https:\/\/www.ars-pohlheim.net\/wp-content\/gallery\/verabschiedung-ars-2018\/thumbs\/thumbs_IMG_0918.jpg\"\n           data-image-id=\"55\"\n           data-title=\"Renate Martin und Beate Witt\"\n           data-description=\"\"\n           class=\"ngg-fancybox\" rel=\"e55e6bec2fecab0cd68ebef76b7b5fd5\">\n\n            <img data-image-id='55'\n                 title=\"\"\n                 alt=\"Renate Martin und Beate Witt\"\n                 src=\"https:\/\/www.ars-pohlheim.net\/wp-content\/gallery\/verabschiedung-ars-2018\/IMG_0918.jpg\"\n                 style=\"max-height: 380px;\"\/>\n        <\/a>\n\n        <\/div> \n<div id=\"ngg-image-6\" class=\"ngg-gallery-slideshow-image\" style=\"height:400px\">\n\n        <a href=\"https:\/\/www.ars-pohlheim.net\/wp-content\/gallery\/verabschiedung-ars-2018\/IMG_0919.jpg\"\n           title=\"\"\n           data-src=\"https:\/\/www.ars-pohlheim.net\/wp-content\/gallery\/verabschiedung-ars-2018\/IMG_0919.jpg\"\n           data-thumbnail=\"https:\/\/www.ars-pohlheim.net\/wp-content\/gallery\/verabschiedung-ars-2018\/thumbs\/thumbs_IMG_0919.jpg\"\n           data-image-id=\"56\"\n           data-title=\"Renate Martin\"\n           data-description=\"\"\n           class=\"ngg-fancybox\" rel=\"e55e6bec2fecab0cd68ebef76b7b5fd5\">\n\n            <img data-image-id='56'\n                 title=\"\"\n                 alt=\"Renate Martin\"\n                 src=\"https:\/\/www.ars-pohlheim.net\/wp-content\/gallery\/verabschiedung-ars-2018\/IMG_0919.jpg\"\n                 style=\"max-height: 380px;\"\/>\n        <\/a>\n\n        <\/div> \n<div id=\"ngg-image-7\" class=\"ngg-gallery-slideshow-image\" style=\"height:400px\">\n\n        <a href=\"https:\/\/www.ars-pohlheim.net\/wp-content\/gallery\/verabschiedung-ars-2018\/IMG_0923.jpg\"\n           title=\"\"\n           data-src=\"https:\/\/www.ars-pohlheim.net\/wp-content\/gallery\/verabschiedung-ars-2018\/IMG_0923.jpg\"\n           data-thumbnail=\"https:\/\/www.ars-pohlheim.net\/wp-content\/gallery\/verabschiedung-ars-2018\/thumbs\/thumbs_IMG_0923.jpg\"\n           data-image-id=\"57\"\n           data-title=\"Petra Br\u00fcll und Beate Jakob\"\n           data-description=\"\"\n           class=\"ngg-fancybox\" rel=\"e55e6bec2fecab0cd68ebef76b7b5fd5\">\n\n            <img data-image-id='57'\n                 title=\"\"\n                 alt=\"Petra Br\u00fcll und Beate Jakob\"\n                 src=\"https:\/\/www.ars-pohlheim.net\/wp-content\/gallery\/verabschiedung-ars-2018\/IMG_0923.jpg\"\n                 style=\"max-height: 380px;\"\/>\n        <\/a>\n\n        <\/div> \n<div id=\"ngg-image-8\" class=\"ngg-gallery-slideshow-image\" style=\"height:400px\">\n\n        <a href=\"https:\/\/www.ars-pohlheim.net\/wp-content\/gallery\/verabschiedung-ars-2018\/IMG_0935.jpg\"\n           title=\"\"\n           data-src=\"https:\/\/www.ars-pohlheim.net\/wp-content\/gallery\/verabschiedung-ars-2018\/IMG_0935.jpg\"\n           data-thumbnail=\"https:\/\/www.ars-pohlheim.net\/wp-content\/gallery\/verabschiedung-ars-2018\/thumbs\/thumbs_IMG_0935.jpg\"\n           data-image-id=\"58\"\n           data-title=\"Kathrin Becker und Christel Staa\u00dfmeyer\"\n           data-description=\"\"\n           class=\"ngg-fancybox\" rel=\"e55e6bec2fecab0cd68ebef76b7b5fd5\">\n\n            <img data-image-id='58'\n                 title=\"\"\n                 alt=\"Kathrin Becker und Christel Staa\u00dfmeyer\"\n                 src=\"https:\/\/www.ars-pohlheim.net\/wp-content\/gallery\/verabschiedung-ars-2018\/IMG_0935.jpg\"\n                 style=\"max-height: 380px;\"\/>\n        <\/a>\n\n        <\/div> \n<div id=\"ngg-image-9\" class=\"ngg-gallery-slideshow-image\" style=\"height:400px\">\n\n        <a href=\"https:\/\/www.ars-pohlheim.net\/wp-content\/gallery\/verabschiedung-ars-2018\/ARS_Pohlheim_Die-Besten_2018.jpeg\"\n           title=\"\"\n           data-src=\"https:\/\/www.ars-pohlheim.net\/wp-content\/gallery\/verabschiedung-ars-2018\/ARS_Pohlheim_Die-Besten_2018.jpeg\"\n           data-thumbnail=\"https:\/\/www.ars-pohlheim.net\/wp-content\/gallery\/verabschiedung-ars-2018\/thumbs\/thumbs_ARS_Pohlheim_Die-Besten_2018.jpeg\"\n           data-image-id=\"59\"\n           data-title=\"Beste Abschl\u00fcsse Jahrgang 10 - Foto Roger Schmidt\"\n           data-description=\"\"\n           class=\"ngg-fancybox\" rel=\"e55e6bec2fecab0cd68ebef76b7b5fd5\">\n\n            <img data-image-id='59'\n                 title=\"\"\n                 alt=\"Beste Abschl\u00fcsse Jahrgang 10 - Foto Roger Schmidt\"\n                 src=\"https:\/\/www.ars-pohlheim.net\/wp-content\/gallery\/verabschiedung-ars-2018\/ARS_Pohlheim_Die-Besten_2018.jpeg\"\n                 style=\"max-height: 380px;\"\/>\n        <\/a>\n\n        <\/div> \n<\/div>\n\n\n\t\t<!-- Thumbnails Link -->\n\t<div class=\"slideshowlink\" style=\"max-width: 570px;\">\n        <a href='https:\/\/www.ars-pohlheim.net\/index.php\/nggallery\/thumbnails?p=6115'>&#091;Show picture list&#093;<\/a>\n\t<\/div>\n\n\n","protected":false},"excerpt":{"rendered":"<p>N\u00e4chste Woche beginnt f\u00fcr alle das neue Schuljahr. Der Blick auf den neuen Stundenplan wird zeigen, dass sich einige Ver\u00e4nderungen ergeben haben und dass einige liebgewonnene Lehrkr\u00e4fte nicht mehr den Unterricht halten. Aber auch einige Schulkameraden haben die Adolf-Reichwein-Schule verlassen und hoffen im Beruf oder an weiterf\u00fchrenden Schulen den weiteren Lebensweg erfolgreich zu gestalten.<\/p>\n","protected":false},"author":1,"featured_media":0,"comment_status":"open","ping_status":"open","sticky":false,"template":"","format":"standard","meta":{"ngg_post_thumbnail":0},"categories":[1],"tags":[],"_links":{"self":[{"href":"https:\/\/www.ars-pohlheim.net\/index.php?rest_route=\/wp\/v2\/posts\/6115"}],"collection":[{"href":"https:\/\/www.ars-pohlheim.net\/index.php?rest_route=\/wp\/v2\/posts"}],"about":[{"href":"https:\/\/www.ars-pohlheim.net\/index.php?rest_route=\/wp\/v2\/types\/post"}],"author":[{"embeddable":true,"href":"https:\/\/www.ars-pohlheim.net\/index.php?rest_route=\/wp\/v2\/users\/1"}],"replies":[{"embeddable":true,"href":"https:\/\/www.ars-pohlheim.net\/index.php?rest_route=%2Fwp%2Fv2%2Fcomments&post=6115"}],"version-history":[{"count":15,"href":"https:\/\/www.ars-pohlheim.net\/index.php?rest_route=\/wp\/v2\/posts\/6115\/revisions"}],"predecessor-version":[{"id":6187,"href":"https:\/\/www.ars-pohlheim.net\/index.php?rest_route=\/wp\/v2\/posts\/6115\/revisions\/6187"}],"wp:attachment":[{"href":"https:\/\/www.ars-pohlheim.net\/index.php?rest_route=%2Fwp%2Fv2%2Fmedia&parent=6115"}],"wp:term":[{"taxonomy":"category","embeddable":true,"href":"https:\/\/www.ars-pohlheim.net\/index.php?rest_route=%2Fwp%2Fv2%2Fcategories&post=6115"},{"taxonomy":"post_tag","embeddable":true,"href":"https:\/\/www.ars-pohlheim.net\/index.php?rest_route=%2Fwp%2Fv2%2Ftags&post=6115"}],"curies":[{"name":"wp","href":"https:\/\/api.w.org\/{rel}","templated":true}]}}