{"id":1461,"date":"2013-11-24T19:25:22","date_gmt":"2013-11-24T18:25:22","guid":{"rendered":"http:\/\/www.ars-pohlheim.net\/?p=1461"},"modified":"2013-12-11T07:04:32","modified_gmt":"2013-12-11T06:04:32","slug":"ein-riesengrosses-dankeschoen","status":"publish","type":"post","link":"https:\/\/www.ars-pohlheim.net\/?p=1461","title":{"rendered":"Ein riesengro\u00dfes Dankesch\u00f6n"},"content":{"rendered":"<p style=\"text-align: center;\"><a href=\"http:\/\/www.ars-pohlheim.net\/wp-content\/uploads\/2013\/11\/Schriftzug-Schaffendes-Schulvolk.jpg\"><img loading=\"lazy\" class=\"aligncenter  wp-image-1462\" alt=\"Schriftzug Schaffendes Schulvolk\" src=\"http:\/\/www.ars-pohlheim.net\/wp-content\/uploads\/2013\/11\/Schriftzug-Schaffendes-Schulvolk-1024x217.jpg\" width=\"502\" height=\"106\" srcset=\"https:\/\/www.ars-pohlheim.net\/wp-content\/uploads\/2013\/11\/Schriftzug-Schaffendes-Schulvolk-1024x217.jpg 1024w, https:\/\/www.ars-pohlheim.net\/wp-content\/uploads\/2013\/11\/Schriftzug-Schaffendes-Schulvolk-300x63.jpg 300w, https:\/\/www.ars-pohlheim.net\/wp-content\/uploads\/2013\/11\/Schriftzug-Schaffendes-Schulvolk.jpg 1288w\" sizes=\"(max-width: 502px) 100vw, 502px\" \/><\/a><\/p>\n<p>Die zur\u00fcckliegende Projektwoche mit dem sich anschlie\u00dfenden Tag der offenen T\u00fcr war wieder eine gelungene Sache! Unsere Schule oder besser die Schulgemeinde der ARS pr\u00e4sentierte sich in ihrer ganzen Vielfalt mit unterschiedlichsten Projekten und machte dem Motto \u201eSchaffendes Schulvolk\u201c alle Ehre.<!--more--><\/p>\n<p>&nbsp;<\/p>\n<p>Der Elternschaft, dem Kollegium, den Hausmeistern und Sekret\u00e4rinnen, der Projektgruppe um Aaron L\u00f6wenbein von XENOS und all den anderen Unterst\u00fctzern der Veranstaltungen und nat\u00fcrlich ganz besonders unseren Sch\u00fclerinnen und Sch\u00fclern sage ich an dieser Stelle ein riesengro\u00dfes Dankesch\u00f6n!<\/p>\n<p>&nbsp;<\/p>\n<p>Wir sind noch\u00a0dabei ein Fotoalbum f\u00fcr die der Schulhomepage zusammenzustellen.<\/p>\n<p>&nbsp;<\/p>\n<p>Norbert Kissel<\/p>\n<p>Direktor<\/p>\n","protected":false},"excerpt":{"rendered":"<p>Die zur\u00fcckliegende Projektwoche mit dem sich anschlie\u00dfenden Tag der offenen T\u00fcr war wieder eine gelungene Sache! Unsere Schule oder besser die Schulgemeinde der ARS pr\u00e4sentierte sich in ihrer ganzen Vielfalt mit unterschiedlichsten Projekten und machte dem Motto \u201eSchaffendes Schulvolk\u201c alle Ehre.<\/p>\n","protected":false},"author":1,"featured_media":0,"comment_status":"open","ping_status":"open","sticky":false,"template":"","format":"standard","meta":{"ngg_post_thumbnail":0},"categories":[1],"tags":[],"_links":{"self":[{"href":"https:\/\/www.ars-pohlheim.net\/index.php?rest_route=\/wp\/v2\/posts\/1461"}],"collection":[{"href":"https:\/\/www.ars-pohlheim.net\/index.php?rest_route=\/wp\/v2\/posts"}],"about":[{"href":"https:\/\/www.ars-pohlheim.net\/index.php?rest_route=\/wp\/v2\/types\/post"}],"author":[{"embeddable":true,"href":"https:\/\/www.ars-pohlheim.net\/index.php?rest_route=\/wp\/v2\/users\/1"}],"replies":[{"embeddable":true,"href":"https:\/\/www.ars-pohlheim.net\/index.php?rest_route=%2Fwp%2Fv2%2Fcomments&post=1461"}],"version-history":[{"count":5,"href":"https:\/\/www.ars-pohlheim.net\/index.php?rest_route=\/wp\/v2\/posts\/1461\/revisions"}],"predecessor-version":[{"id":1573,"href":"https:\/\/www.ars-pohlheim.net\/index.php?rest_route=\/wp\/v2\/posts\/1461\/revisions\/1573"}],"wp:attachment":[{"href":"https:\/\/www.ars-pohlheim.net\/index.php?rest_route=%2Fwp%2Fv2%2Fmedia&parent=1461"}],"wp:term":[{"taxonomy":"category","embeddable":true,"href":"https:\/\/www.ars-pohlheim.net\/index.php?rest_route=%2Fwp%2Fv2%2Fcategories&post=1461"},{"taxonomy":"post_tag","embeddable":true,"href":"https:\/\/www.ars-pohlheim.net\/index.php?rest_route=%2Fwp%2Fv2%2Ftags&post=1461"}],"curies":[{"name":"wp","href":"https:\/\/api.w.org\/{rel}","templated":true}]}}