{"id":12696,"date":"2026-09-03T08:38:10","date_gmt":"2026-09-03T06:38:10","guid":{"rendered":"https:\/\/www.ars-pohlheim.net\/?p=12696"},"modified":"2026-09-03T08:38:12","modified_gmt":"2026-09-03T06:38:12","slug":"schulsprecherwahlen","status":"publish","type":"post","link":"https:\/\/www.ars-pohlheim.net\/?p=12696","title":{"rendered":"Schulsprecherwahlen"},"content":{"rendered":"\n<div class=\"wp-block-image\"><figure class=\"aligncenter size-full is-resized\"><img loading=\"lazy\" src=\"https:\/\/www.ars-pohlheim.net\/wp-content\/uploads\/2026\/09\/Screenshot-2026-09-03-082853.png\" alt=\"\" class=\"wp-image-12697\" width=\"457\" height=\"229\" srcset=\"https:\/\/www.ars-pohlheim.net\/wp-content\/uploads\/2026\/09\/Screenshot-2026-09-03-082853.png 618w, https:\/\/www.ars-pohlheim.net\/wp-content\/uploads\/2026\/09\/Screenshot-2026-09-03-082853-300x150.png 300w\" sizes=\"(max-width: 457px) 100vw, 457px\" \/><\/figure><\/div>\n\n\n\n<p>Insgesamt haben 639 Sch\u00fclerinnen und Sch\u00fcler gew\u00e4hlt.<\/p>\n\n\n\n<p><strong>Wir gratulieren Sara Dedic aus der Klasse 9e zur gewonnenen Wahl und freuen uns auf die Zusammenarbeit!<\/strong><\/p>\n\n\n\n<p>Eure Verbindungslehrkr\u00e4fte<br>Frau Zimmer und Frau Boncek<\/p>\n","protected":false},"excerpt":{"rendered":"<p>Insgesamt haben 639 Sch\u00fclerinnen und Sch\u00fcler gew\u00e4hlt. Wir gratulieren Sara Dedic aus der Klasse 9e zur gewonnenen Wahl und freuen uns auf die Zusammenarbeit! Eure Verbindungslehrkr\u00e4fteFrau Zimmer und Frau Boncek<\/p>\n","protected":false},"author":15,"featured_media":0,"comment_status":"closed","ping_status":"closed","sticky":false,"template":"","format":"standard","meta":{"ngg_post_thumbnail":0},"categories":[1],"tags":[],"_links":{"self":[{"href":"https:\/\/www.ars-pohlheim.net\/index.php?rest_route=\/wp\/v2\/posts\/12696"}],"collection":[{"href":"https:\/\/www.ars-pohlheim.net\/index.php?rest_route=\/wp\/v2\/posts"}],"about":[{"href":"https:\/\/www.ars-pohlheim.net\/index.php?rest_route=\/wp\/v2\/types\/post"}],"author":[{"embeddable":true,"href":"https:\/\/www.ars-pohlheim.net\/index.php?rest_route=\/wp\/v2\/users\/15"}],"replies":[{"embeddable":true,"href":"https:\/\/www.ars-pohlheim.net\/index.php?rest_route=%2Fwp%2Fv2%2Fcomments&post=12696"}],"version-history":[{"count":3,"href":"https:\/\/www.ars-pohlheim.net\/index.php?rest_route=\/wp\/v2\/posts\/12696\/revisions"}],"predecessor-version":[{"id":12700,"href":"https:\/\/www.ars-pohlheim.net\/index.php?rest_route=\/wp\/v2\/posts\/12696\/revisions\/12700"}],"wp:attachment":[{"href":"https:\/\/www.ars-pohlheim.net\/index.php?rest_route=%2Fwp%2Fv2%2Fmedia&parent=12696"}],"wp:term":[{"taxonomy":"category","embeddable":true,"href":"https:\/\/www.ars-pohlheim.net\/index.php?rest_route=%2Fwp%2Fv2%2Fcategories&post=12696"},{"taxonomy":"post_tag","embeddable":true,"href":"https:\/\/www.ars-pohlheim.net\/index.php?rest_route=%2Fwp%2Fv2%2Ftags&post=12696"}],"curies":[{"name":"wp","href":"https:\/\/api.w.org\/{rel}","templated":true}]}}