{"id":11637,"date":"2024-11-08T09:45:03","date_gmt":"2024-11-08T08:45:03","guid":{"rendered":"https:\/\/www.ars-pohlheim.net\/?p=11637"},"modified":"2024-11-10T13:22:34","modified_gmt":"2024-11-10T12:22:34","slug":"die-nummer-auf-deinem-unterarm-ist-blau-wie-deine-augen","status":"publish","type":"post","link":"https:\/\/www.ars-pohlheim.net\/?p=11637","title":{"rendered":"Die Nummer auf deinem Unterarm ist blau wie deine Augen"},"content":{"rendered":"\n<p>Bereits zum zweiten Mal konnten wir Frau Dr. Eva Umlauf in der ARS begr\u00fc\u00dfen, die der Schulgemeinde erneut aus ihrer hochspannenden Biografie erz\u00e4hlte und aus ihrem Buch \u201eDie Nummer auf deinem Unterarm ist blau wie deine Augen\u201c Passagen vorlas.<\/p>\n\n\n\n<div class=\"wp-block-image\"><figure class=\"aligncenter size-large is-resized\"><img loading=\"lazy\" src=\"http:\/\/www.ars-pohlheim.net\/wp-content\/uploads\/2024\/11\/DSC_5022-CUT1-1024x968.jpg\" alt=\"\" class=\"wp-image-11638\" width=\"365\" height=\"345\" srcset=\"https:\/\/www.ars-pohlheim.net\/wp-content\/uploads\/2024\/11\/DSC_5022-CUT1-1024x968.jpg 1024w, https:\/\/www.ars-pohlheim.net\/wp-content\/uploads\/2024\/11\/DSC_5022-CUT1-300x284.jpg 300w, https:\/\/www.ars-pohlheim.net\/wp-content\/uploads\/2024\/11\/DSC_5022-CUT1-768x726.jpg 768w, https:\/\/www.ars-pohlheim.net\/wp-content\/uploads\/2024\/11\/DSC_5022-CUT1-1536x1452.jpg 1536w, https:\/\/www.ars-pohlheim.net\/wp-content\/uploads\/2024\/11\/DSC_5022-CUT1-2048x1935.jpg 2048w\" sizes=\"(max-width: 365px) 100vw, 365px\" \/><\/figure><\/div>\n\n\n\n<p>Sie ist als erstes Kind im Arbeitslager Nov\u00e0ky im Jahr 1942 zur Welt gekommen und wurde mit ihrer schwangeren Mutter im November 1944 ins Konzentrationslager Ausschwitz transportiert. Und nur weil sich der Transport um drei Tage verz\u00f6gerte, haben beide \u00fcberleben k\u00f6nnen: Die SS hatte in den drei Tagen Verz\u00f6gerung die Gaskammern und Krematorien gesprengt, um die Spuren ihres grausamen Tuns zu verwischen.<\/p>\n\n\n\n<p>Kaum im Lager angekommen, erhielten beide die \u00fcbliche Prozedur: Ausziehen, Rasur s\u00e4mtlicher K\u00f6rperbehaarung, Desinfektion und das Einkleiden mit schmutzigen \u201eLagerlumpen\u201c (H\u00e4ftlingsanz\u00fcge), schlie\u00dflich die T\u00e4towierung der H\u00e4ftlingsnummer auf den Unterarm. Diese komplette Entmenschlichung diente dem Zweck eines effektiven Managements im Lager.<\/p>\n\n\n<script type=\"text\/javascript\">jQuery(function() { _initLayerSlider( '#layerslider_45_621r1tn17trv', {createdWith: '7.2.4', sliderVersion: '7.2.4', skin: 'v6', useSrcset: true, skinsPath: 'https:\/\/www.ars-pohlheim.net\/wp-content\/plugins\/LayerSlider\/assets\/static\/layerslider\/skins\/'}); });<\/script><div id=\"layerslider_45_621r1tn17trv\" class=\"ls-wp-container fitvidsignore\" style=\"width:1280px;height:720px;margin:0 auto;margin-bottom: 0px;\"><div class=\"ls-slide\" data-ls=\"kenburnsscale:1.2;\"><img width=\"2560\" height=\"1678\" src=\"https:\/\/www.ars-pohlheim.net\/wp-content\/uploads\/2024\/11\/DSC_4990-CORR-scaled.jpg\" class=\"ls-bg\" alt=\"\" srcset=\"https:\/\/www.ars-pohlheim.net\/wp-content\/uploads\/2024\/11\/DSC_4990-CORR-scaled.jpg 2560w, https:\/\/www.ars-pohlheim.net\/wp-content\/uploads\/2024\/11\/DSC_4990-CORR-300x197.jpg 300w, https:\/\/www.ars-pohlheim.net\/wp-content\/uploads\/2024\/11\/DSC_4990-CORR-1024x671.jpg 1024w, https:\/\/www.ars-pohlheim.net\/wp-content\/uploads\/2024\/11\/DSC_4990-CORR-768x503.jpg 768w, https:\/\/www.ars-pohlheim.net\/wp-content\/uploads\/2024\/11\/DSC_4990-CORR-1536x1007.jpg 1536w, https:\/\/www.ars-pohlheim.net\/wp-content\/uploads\/2024\/11\/DSC_4990-CORR-2048x1342.jpg 2048w\" sizes=\"(max-width: 2560px) 100vw, 2560px\" \/><\/div><div class=\"ls-slide\" data-ls=\"bgsize:contain;bgposition:0% 50%;kenburnsscale:1.2;\"><img width=\"1707\" height=\"2560\" src=\"https:\/\/www.ars-pohlheim.net\/wp-content\/uploads\/2024\/11\/DSC_4992-scaled.jpg\" class=\"ls-bg\" alt=\"\" srcset=\"https:\/\/www.ars-pohlheim.net\/wp-content\/uploads\/2024\/11\/DSC_4992-scaled.jpg 1707w, https:\/\/www.ars-pohlheim.net\/wp-content\/uploads\/2024\/11\/DSC_4992-200x300.jpg 200w, https:\/\/www.ars-pohlheim.net\/wp-content\/uploads\/2024\/11\/DSC_4992-683x1024.jpg 683w, https:\/\/www.ars-pohlheim.net\/wp-content\/uploads\/2024\/11\/DSC_4992-768x1152.jpg 768w, https:\/\/www.ars-pohlheim.net\/wp-content\/uploads\/2024\/11\/DSC_4992-1024x1536.jpg 1024w, https:\/\/www.ars-pohlheim.net\/wp-content\/uploads\/2024\/11\/DSC_4992-1365x2048.jpg 1365w\" sizes=\"(max-width: 1707px) 100vw, 1707px\" \/><\/div><div class=\"ls-slide\" data-ls=\"bgsize:contain;bgposition:100% 50%;kenburnsscale:1.2;\"><img width=\"2157\" height=\"2560\" src=\"https:\/\/www.ars-pohlheim.net\/wp-content\/uploads\/2024\/11\/DSC_4995-scaled.jpg\" class=\"ls-bg\" alt=\"\" srcset=\"https:\/\/www.ars-pohlheim.net\/wp-content\/uploads\/2024\/11\/DSC_4995-scaled.jpg 2157w, https:\/\/www.ars-pohlheim.net\/wp-content\/uploads\/2024\/11\/DSC_4995-253x300.jpg 253w, https:\/\/www.ars-pohlheim.net\/wp-content\/uploads\/2024\/11\/DSC_4995-863x1024.jpg 863w, https:\/\/www.ars-pohlheim.net\/wp-content\/uploads\/2024\/11\/DSC_4995-768x912.jpg 768w, https:\/\/www.ars-pohlheim.net\/wp-content\/uploads\/2024\/11\/DSC_4995-1294x1536.jpg 1294w, https:\/\/www.ars-pohlheim.net\/wp-content\/uploads\/2024\/11\/DSC_4995-1725x2048.jpg 1725w\" sizes=\"(max-width: 2157px) 100vw, 2157px\" \/><\/div><div class=\"ls-slide\" data-ls=\"bgsize:contain;kenburnsscale:1.2;\"><img width=\"1707\" height=\"2560\" src=\"https:\/\/www.ars-pohlheim.net\/wp-content\/uploads\/2024\/11\/DSC_5010-GUT-scaled.jpg\" class=\"ls-bg\" alt=\"\" srcset=\"https:\/\/www.ars-pohlheim.net\/wp-content\/uploads\/2024\/11\/DSC_5010-GUT-scaled.jpg 1707w, https:\/\/www.ars-pohlheim.net\/wp-content\/uploads\/2024\/11\/DSC_5010-GUT-200x300.jpg 200w, https:\/\/www.ars-pohlheim.net\/wp-content\/uploads\/2024\/11\/DSC_5010-GUT-683x1024.jpg 683w, https:\/\/www.ars-pohlheim.net\/wp-content\/uploads\/2024\/11\/DSC_5010-GUT-768x1152.jpg 768w, https:\/\/www.ars-pohlheim.net\/wp-content\/uploads\/2024\/11\/DSC_5010-GUT-1024x1536.jpg 1024w, https:\/\/www.ars-pohlheim.net\/wp-content\/uploads\/2024\/11\/DSC_5010-GUT-1365x2048.jpg 1365w\" sizes=\"(max-width: 1707px) 100vw, 1707px\" \/><\/div><div class=\"ls-slide\" data-ls=\"bgsize:contain;kenburnsscale:1.2;\"><img width=\"2560\" height=\"2419\" src=\"https:\/\/www.ars-pohlheim.net\/wp-content\/uploads\/2024\/11\/DSC_5022-CUT-scaled.jpg\" class=\"ls-bg\" alt=\"\" srcset=\"https:\/\/www.ars-pohlheim.net\/wp-content\/uploads\/2024\/11\/DSC_5022-CUT-scaled.jpg 2560w, https:\/\/www.ars-pohlheim.net\/wp-content\/uploads\/2024\/11\/DSC_5022-CUT-300x284.jpg 300w, https:\/\/www.ars-pohlheim.net\/wp-content\/uploads\/2024\/11\/DSC_5022-CUT-1024x968.jpg 1024w, https:\/\/www.ars-pohlheim.net\/wp-content\/uploads\/2024\/11\/DSC_5022-CUT-768x726.jpg 768w, https:\/\/www.ars-pohlheim.net\/wp-content\/uploads\/2024\/11\/DSC_5022-CUT-1536x1452.jpg 1536w, https:\/\/www.ars-pohlheim.net\/wp-content\/uploads\/2024\/11\/DSC_5022-CUT-2048x1935.jpg 2048w\" sizes=\"(max-width: 2560px) 100vw, 2560px\" \/><\/div><div class=\"ls-slide\" data-ls=\"bgsize:contain;kenburnsscale:1.2;\"><img width=\"2560\" height=\"2423\" src=\"https:\/\/www.ars-pohlheim.net\/wp-content\/uploads\/2024\/11\/DSC_5031-CUT-scaled.jpg\" class=\"ls-bg\" alt=\"\" srcset=\"https:\/\/www.ars-pohlheim.net\/wp-content\/uploads\/2024\/11\/DSC_5031-CUT-scaled.jpg 2560w, https:\/\/www.ars-pohlheim.net\/wp-content\/uploads\/2024\/11\/DSC_5031-CUT-300x284.jpg 300w, https:\/\/www.ars-pohlheim.net\/wp-content\/uploads\/2024\/11\/DSC_5031-CUT-1024x969.jpg 1024w, https:\/\/www.ars-pohlheim.net\/wp-content\/uploads\/2024\/11\/DSC_5031-CUT-768x727.jpg 768w, https:\/\/www.ars-pohlheim.net\/wp-content\/uploads\/2024\/11\/DSC_5031-CUT-1536x1454.jpg 1536w, https:\/\/www.ars-pohlheim.net\/wp-content\/uploads\/2024\/11\/DSC_5031-CUT-2048x1939.jpg 2048w\" sizes=\"(max-width: 2560px) 100vw, 2560px\" \/><\/div><\/div>\n\n\n\n<p>&nbsp;<\/p>\n\n\n\n<p>Beide haben ausgehungert und schwer krank die Befreiung des Lagers durch die Rote Armee erlebt und obwohl auch die \u00c4rzte keine Hoffnung hatten, dass das Kind \u00fcberleben w\u00fcrde, hat sie es geschafft.<\/p>\n\n\n\n<p>Nach einem bewegten Leben hat Eva Umlauf schlie\u00dflich sich ihrer eigenen Geschichte gestellt, recherchiert und ein Buch geschrieben. Seit einigen Jahren nimmt es die mittlerweile betagte Dame auf sich, durch Veranstaltungen wie nun in der ARS, der heutigen Gesellschaft von den Gr\u00e4ueltaten zu berichten, denn der Holocaust darf nicht vergessen werden. Ebenso nutzte sie die Gelegenheit, den jungen Menschen eine Botschaft mit auf den Weg zu geben: Sie m\u00f6gen achtsam sein, damit sich so etwas nie wieder wiederholen k\u00f6nne.<\/p>\n\n\n\n<hr class=\"wp-block-separator is-style-default\"\/>\n\n\n\n<div class=\"wp-block-image\"><figure class=\"aligncenter size-full is-resized\"><a href=\"https:\/\/www.ars-pohlheim.net\/wp-content\/uploads\/2024\/11\/Eva-Umlauf-GAZ_9.11.24.png\"><img loading=\"lazy\" src=\"http:\/\/www.ars-pohlheim.net\/wp-content\/uploads\/2024\/11\/Eva-Umlauf-GAZ_9.11.24.png\" alt=\"\" class=\"wp-image-11655\" width=\"413\" height=\"371\" srcset=\"https:\/\/www.ars-pohlheim.net\/wp-content\/uploads\/2024\/11\/Eva-Umlauf-GAZ_9.11.24.png 794w, https:\/\/www.ars-pohlheim.net\/wp-content\/uploads\/2024\/11\/Eva-Umlauf-GAZ_9.11.24-300x269.png 300w, https:\/\/www.ars-pohlheim.net\/wp-content\/uploads\/2024\/11\/Eva-Umlauf-GAZ_9.11.24-768x689.png 768w\" sizes=\"(max-width: 413px) 100vw, 413px\" \/><\/a><figcaption>Gie\u00dfener Allgemeine, 09.11.24, S.44<\/figcaption><\/figure><\/div>\n\n\n\n<hr class=\"wp-block-separator\"\/>\n\n\n\n<p>Im Anschluss beantwortete sie geduldig die vielen Fragen des Publikums. Die Schulleiterin, Petra Br\u00fcll, dankte ihr sehr herzlich f\u00fcr den erneuten Besuch und den spannenden Einblick in ihr Leben. Sie rief besonders die Sch\u00fclerinnen und Sch\u00fcler auf, wachsam zu bleiben und gerade auch in den sozialen Netzwerken nicht rechtsextremen Parolen aufzusitzen, oder sich mitrei\u00dfen zu lassen und rechtsextrem umgedichtete Lieder mitzusingen.&nbsp;<\/p>\n\n\n\n<p>Mit einer Signierstunde ihrer B\u00fccher ging die Veranstaltung zu Ende.<br><br>Petra Br\u00fcll<br>Schulleiterin &nbsp;<\/p>\n","protected":false},"excerpt":{"rendered":"<p>Bereits zum zweiten Mal konnten wir Frau Dr. Eva Umlauf in der ARS begr\u00fc\u00dfen, die der Schulgemeinde erneut aus ihrer hochspannenden Biografie erz\u00e4hlte und aus ihrem Buch \u201eDie Nummer auf deinem Unterarm ist blau wie deine Augen\u201c Passagen vorlas. Sie ist als erstes Kind im Arbeitslager Nov\u00e0ky im Jahr 1942 zur Welt gekommen und wurde &hellip; <a href=\"https:\/\/www.ars-pohlheim.net\/?p=11637\" class=\"more-link\"><span class=\"screen-reader-text\">Die Nummer auf deinem Unterarm ist blau wie deine Augen<\/span> weiterlesen <span class=\"meta-nav\">&rarr;<\/span><\/a><\/p>\n","protected":false},"author":15,"featured_media":0,"comment_status":"closed","ping_status":"closed","sticky":false,"template":"","format":"standard","meta":{"ngg_post_thumbnail":0},"categories":[1],"tags":[],"_links":{"self":[{"href":"https:\/\/www.ars-pohlheim.net\/index.php?rest_route=\/wp\/v2\/posts\/11637"}],"collection":[{"href":"https:\/\/www.ars-pohlheim.net\/index.php?rest_route=\/wp\/v2\/posts"}],"about":[{"href":"https:\/\/www.ars-pohlheim.net\/index.php?rest_route=\/wp\/v2\/types\/post"}],"author":[{"embeddable":true,"href":"https:\/\/www.ars-pohlheim.net\/index.php?rest_route=\/wp\/v2\/users\/15"}],"replies":[{"embeddable":true,"href":"https:\/\/www.ars-pohlheim.net\/index.php?rest_route=%2Fwp%2Fv2%2Fcomments&post=11637"}],"version-history":[{"count":7,"href":"https:\/\/www.ars-pohlheim.net\/index.php?rest_route=\/wp\/v2\/posts\/11637\/revisions"}],"predecessor-version":[{"id":11659,"href":"https:\/\/www.ars-pohlheim.net\/index.php?rest_route=\/wp\/v2\/posts\/11637\/revisions\/11659"}],"wp:attachment":[{"href":"https:\/\/www.ars-pohlheim.net\/index.php?rest_route=%2Fwp%2Fv2%2Fmedia&parent=11637"}],"wp:term":[{"taxonomy":"category","embeddable":true,"href":"https:\/\/www.ars-pohlheim.net\/index.php?rest_route=%2Fwp%2Fv2%2Fcategories&post=11637"},{"taxonomy":"post_tag","embeddable":true,"href":"https:\/\/www.ars-pohlheim.net\/index.php?rest_route=%2Fwp%2Fv2%2Ftags&post=11637"}],"curies":[{"name":"wp","href":"https:\/\/api.w.org\/{rel}","templated":true}]}}