{"id":11541,"date":"2024-07-30T12:43:30","date_gmt":"2024-07-30T10:43:30","guid":{"rendered":"https:\/\/www.ars-pohlheim.net\/?p=11541"},"modified":"2024-07-30T12:43:32","modified_gmt":"2024-07-30T10:43:32","slug":"feriencamp-an-der-ars","status":"publish","type":"post","link":"https:\/\/www.ars-pohlheim.net\/?p=11541","title":{"rendered":"Feriencamp an der ARS"},"content":{"rendered":"\n<p>Das Feriencamp, das in den Osterferien erstmals an der Adolf-Reichwein-Schule durchgef\u00fchrt wurde, erwies sich als voller Erfolg. Und so ist es &#8222;Fu\u00dfball trifft Kultur&#8220; &#8211; einem Bildungsprojekt des Hessischen Kultusministeriums &#8211; zu verdanken, dass dieses in der ersten Sommerferienwoche gleich wiederholt werden konnte. <\/p>\n\n\n\n<figure class=\"wp-block-gallery columns-3 is-cropped\"><ul class=\"blocks-gallery-grid\"><li class=\"blocks-gallery-item\"><figure><img loading=\"lazy\" width=\"1024\" height=\"768\" src=\"https:\/\/www.ars-pohlheim.net\/wp-content\/uploads\/2024\/07\/IMG_1401-1024x768.jpeg\" alt=\"\" data-id=\"11544\" data-full-url=\"https:\/\/www.ars-pohlheim.net\/wp-content\/uploads\/2024\/07\/IMG_1401-rotated.jpeg\" data-link=\"https:\/\/www.ars-pohlheim.net\/?attachment_id=11544\" class=\"wp-image-11544\" srcset=\"https:\/\/www.ars-pohlheim.net\/wp-content\/uploads\/2024\/07\/IMG_1401-1024x768.jpeg 1024w, https:\/\/www.ars-pohlheim.net\/wp-content\/uploads\/2024\/07\/IMG_1401-300x225.jpeg 300w, https:\/\/www.ars-pohlheim.net\/wp-content\/uploads\/2024\/07\/IMG_1401-768x576.jpeg 768w, https:\/\/www.ars-pohlheim.net\/wp-content\/uploads\/2024\/07\/IMG_1401-rotated.jpeg 1280w\" sizes=\"(max-width: 1024px) 100vw, 1024px\" \/><\/figure><\/li><li class=\"blocks-gallery-item\"><figure><img loading=\"lazy\" width=\"1024\" height=\"768\" src=\"https:\/\/www.ars-pohlheim.net\/wp-content\/uploads\/2024\/07\/IMG_1442-1024x768.jpeg\" alt=\"\" data-id=\"11543\" data-full-url=\"https:\/\/www.ars-pohlheim.net\/wp-content\/uploads\/2024\/07\/IMG_1442.jpeg\" data-link=\"https:\/\/www.ars-pohlheim.net\/?attachment_id=11543\" class=\"wp-image-11543\" srcset=\"https:\/\/www.ars-pohlheim.net\/wp-content\/uploads\/2024\/07\/IMG_1442-1024x768.jpeg 1024w, https:\/\/www.ars-pohlheim.net\/wp-content\/uploads\/2024\/07\/IMG_1442-300x225.jpeg 300w, https:\/\/www.ars-pohlheim.net\/wp-content\/uploads\/2024\/07\/IMG_1442-768x576.jpeg 768w, https:\/\/www.ars-pohlheim.net\/wp-content\/uploads\/2024\/07\/IMG_1442.jpeg 1280w\" sizes=\"(max-width: 1024px) 100vw, 1024px\" \/><\/figure><\/li><li class=\"blocks-gallery-item\"><figure><img loading=\"lazy\" width=\"1024\" height=\"768\" src=\"https:\/\/www.ars-pohlheim.net\/wp-content\/uploads\/2024\/07\/PHOTO-2024-07-26-14-22-55-1024x768.jpeg\" alt=\"\" data-id=\"11548\" data-full-url=\"https:\/\/www.ars-pohlheim.net\/wp-content\/uploads\/2024\/07\/PHOTO-2024-07-26-14-22-55.jpeg\" data-link=\"https:\/\/www.ars-pohlheim.net\/?attachment_id=11548\" class=\"wp-image-11548\" srcset=\"https:\/\/www.ars-pohlheim.net\/wp-content\/uploads\/2024\/07\/PHOTO-2024-07-26-14-22-55-1024x768.jpeg 1024w, https:\/\/www.ars-pohlheim.net\/wp-content\/uploads\/2024\/07\/PHOTO-2024-07-26-14-22-55-300x225.jpeg 300w, https:\/\/www.ars-pohlheim.net\/wp-content\/uploads\/2024\/07\/PHOTO-2024-07-26-14-22-55-768x576.jpeg 768w, https:\/\/www.ars-pohlheim.net\/wp-content\/uploads\/2024\/07\/PHOTO-2024-07-26-14-22-55.jpeg 1280w\" sizes=\"(max-width: 1024px) 100vw, 1024px\" \/><\/figure><\/li><\/ul><\/figure>\n\n\n\n<p>An den f\u00fcnf ersten Ferientagen trafen sich neun fu\u00dfballbegeisterte Sch\u00fclerinnen und Sch\u00fcler aus den Jahrg\u00e4ngen 5 und 6 jeweils von 9 Uhr bis 13 Uhr mit den Projektleitern Katharina Osenegg und Daniel Glanz. Auf dem Programm standen neben dem Fu\u00dfballspielen auch Spiele, bei denen das Kennenlernen und Kooperieren im Vordergrund stand. Des Weiteren wurde an den einzelnen Tagen gebastelt und ein Quiz durchgef\u00fchrt. <\/p>\n\n\n\n<p>Zus\u00e4tzlich fuhr die Gruppe am Donnerstag gemeinsam nach Gie\u00dfen, um sich dort im Rahmen einer Stadtrallye unter anderem kulinarisch weiterzubilden. Anschlie\u00dfend wurde im Park gemeinsam gepicknickt und gespielt. An jedem der Tage a\u00df die Gruppe zusammen zu Mittag, wobei das Essen gemeinsam in der Schulk\u00fcche zubereitet wurde und  den Geschmack aller Teilnehmenden traf. Das Camp inklusive der Verpflegung war f\u00fcr die Teilnehmenden kostenlos, da der Tr\u00e4ger &#8222;Fu\u00dfball trifft Kultur&#8220; dies f\u00f6rderte.<\/p>\n","protected":false},"excerpt":{"rendered":"<p>Das Feriencamp, das in den Osterferien erstmals an der Adolf-Reichwein-Schule durchgef\u00fchrt wurde, erwies sich als voller Erfolg. Und so ist es &#8222;Fu\u00dfball trifft Kultur&#8220; &#8211; einem Bildungsprojekt des Hessischen Kultusministeriums &#8211; zu verdanken, dass dieses in der ersten Sommerferienwoche gleich wiederholt werden konnte. An den f\u00fcnf ersten Ferientagen trafen sich neun fu\u00dfballbegeisterte Sch\u00fclerinnen und Sch\u00fcler &hellip; <a href=\"https:\/\/www.ars-pohlheim.net\/?p=11541\" class=\"more-link\"><span class=\"screen-reader-text\">Feriencamp an der ARS<\/span> weiterlesen <span class=\"meta-nav\">&rarr;<\/span><\/a><\/p>\n","protected":false},"author":15,"featured_media":0,"comment_status":"closed","ping_status":"closed","sticky":false,"template":"","format":"standard","meta":{"ngg_post_thumbnail":0},"categories":[1],"tags":[],"_links":{"self":[{"href":"https:\/\/www.ars-pohlheim.net\/index.php?rest_route=\/wp\/v2\/posts\/11541"}],"collection":[{"href":"https:\/\/www.ars-pohlheim.net\/index.php?rest_route=\/wp\/v2\/posts"}],"about":[{"href":"https:\/\/www.ars-pohlheim.net\/index.php?rest_route=\/wp\/v2\/types\/post"}],"author":[{"embeddable":true,"href":"https:\/\/www.ars-pohlheim.net\/index.php?rest_route=\/wp\/v2\/users\/15"}],"replies":[{"embeddable":true,"href":"https:\/\/www.ars-pohlheim.net\/index.php?rest_route=%2Fwp%2Fv2%2Fcomments&post=11541"}],"version-history":[{"count":1,"href":"https:\/\/www.ars-pohlheim.net\/index.php?rest_route=\/wp\/v2\/posts\/11541\/revisions"}],"predecessor-version":[{"id":11549,"href":"https:\/\/www.ars-pohlheim.net\/index.php?rest_route=\/wp\/v2\/posts\/11541\/revisions\/11549"}],"wp:attachment":[{"href":"https:\/\/www.ars-pohlheim.net\/index.php?rest_route=%2Fwp%2Fv2%2Fmedia&parent=11541"}],"wp:term":[{"taxonomy":"category","embeddable":true,"href":"https:\/\/www.ars-pohlheim.net\/index.php?rest_route=%2Fwp%2Fv2%2Fcategories&post=11541"},{"taxonomy":"post_tag","embeddable":true,"href":"https:\/\/www.ars-pohlheim.net\/index.php?rest_route=%2Fwp%2Fv2%2Ftags&post=11541"}],"curies":[{"name":"wp","href":"https:\/\/api.w.org\/{rel}","templated":true}]}}