{"id":11529,"date":"2024-07-26T22:55:49","date_gmt":"2024-07-26T20:55:49","guid":{"rendered":"https:\/\/www.ars-pohlheim.net\/?p=11529"},"modified":"2024-07-26T22:55:51","modified_gmt":"2024-07-26T20:55:51","slug":"kuenstlerisch-grenzen-ueberwinden","status":"publish","type":"post","link":"https:\/\/www.ars-pohlheim.net\/?p=11529","title":{"rendered":"K\u00fcnstlerisch Grenzen \u00fcberwinden"},"content":{"rendered":"\n<p>Regierungspr\u00e4sident Ullrich ehrt Sch\u00fclerinnen der ARS in der regionalen Siegerehrung des Europ\u00e4ischen Wettbewerbs \u201eEuropa (un)limited\u201c<\/p>\n\n\n\n<figure class=\"wp-block-gallery columns-1 is-cropped\"><ul class=\"blocks-gallery-grid\"><li class=\"blocks-gallery-item\"><figure><img loading=\"lazy\" width=\"1024\" height=\"576\" src=\"https:\/\/www.ars-pohlheim.net\/wp-content\/uploads\/2024\/07\/Regionale-Siegerehrung_01-1024x576.jpg\" alt=\"\" data-id=\"11534\" data-full-url=\"https:\/\/www.ars-pohlheim.net\/wp-content\/uploads\/2024\/07\/Regionale-Siegerehrung_01-scaled.jpg\" data-link=\"https:\/\/www.ars-pohlheim.net\/?attachment_id=11534\" class=\"wp-image-11534\" srcset=\"https:\/\/www.ars-pohlheim.net\/wp-content\/uploads\/2024\/07\/Regionale-Siegerehrung_01-1024x576.jpg 1024w, https:\/\/www.ars-pohlheim.net\/wp-content\/uploads\/2024\/07\/Regionale-Siegerehrung_01-300x169.jpg 300w, https:\/\/www.ars-pohlheim.net\/wp-content\/uploads\/2024\/07\/Regionale-Siegerehrung_01-768x432.jpg 768w, https:\/\/www.ars-pohlheim.net\/wp-content\/uploads\/2024\/07\/Regionale-Siegerehrung_01-1536x864.jpg 1536w, https:\/\/www.ars-pohlheim.net\/wp-content\/uploads\/2024\/07\/Regionale-Siegerehrung_01-2048x1152.jpg 2048w\" sizes=\"(max-width: 1024px) 100vw, 1024px\" \/><\/figure><\/li><\/ul><\/figure>\n\n\n\n<p>Der Wahlpflichtkurs \u201eKreativwerkstatt\u201c hat unter der Leitung von Frau Bulut am diesj\u00e4hrigen Europ\u00e4ischen Wettbewerb teilgenommen. Dies ist ein von der Europ\u00e4ischen Bewegung Deutschland ausgerufener Sch\u00fclerwettbewerb. Erstmals 1953 in Frankreich als Aufsatzwettbewerb ausgeschrieben, beteiligte sich Nordrhein-Westfalen bereits 1954. Im folgenden Schuljahr zogen die anderen L\u00e4nder der Bundesrepublik Deutschland nach. Er ist damit der \u00e4lteste Sch\u00fclerwettbewerb Deutschlands und eine der \u00e4ltesten transnationalen Initiativen zur politischen Bildung in Europa. In der Bundesrepublik Deutschland steht der Europ\u00e4ische Wettbewerb unter der Schirmherrschaft des Bundespr\u00e4sidenten. J\u00e4hrlich nehmen bundesweit durchschnittlich 80.000 Sch\u00fclerinnen und Sch\u00fcler daran teil. Vier Module, nach Altersgruppen gestaffelt, geben unterschiedliche Themen vor, die sich am Motto des von der Europ\u00e4ischen Union ausgerufenen jeweiligen Europ\u00e4ischen Jahres orientieren.<\/p>\n\n\n\n<figure class=\"wp-block-gallery columns-2 is-cropped\"><ul class=\"blocks-gallery-grid\"><li class=\"blocks-gallery-item\"><figure><img loading=\"lazy\" width=\"1024\" height=\"576\" src=\"http:\/\/www.ars-pohlheim.net\/wp-content\/uploads\/2024\/07\/Regionale-Siegerehrung_02-1024x576.jpg\" alt=\"\" data-id=\"11533\" data-full-url=\"http:\/\/www.ars-pohlheim.net\/wp-content\/uploads\/2024\/07\/Regionale-Siegerehrung_02-scaled.jpg\" data-link=\"https:\/\/www.ars-pohlheim.net\/?attachment_id=11533\" class=\"wp-image-11533\" srcset=\"https:\/\/www.ars-pohlheim.net\/wp-content\/uploads\/2024\/07\/Regionale-Siegerehrung_02-1024x576.jpg 1024w, https:\/\/www.ars-pohlheim.net\/wp-content\/uploads\/2024\/07\/Regionale-Siegerehrung_02-300x169.jpg 300w, https:\/\/www.ars-pohlheim.net\/wp-content\/uploads\/2024\/07\/Regionale-Siegerehrung_02-768x432.jpg 768w, https:\/\/www.ars-pohlheim.net\/wp-content\/uploads\/2024\/07\/Regionale-Siegerehrung_02-1536x864.jpg 1536w, https:\/\/www.ars-pohlheim.net\/wp-content\/uploads\/2024\/07\/Regionale-Siegerehrung_02-2048x1152.jpg 2048w\" sizes=\"(max-width: 1024px) 100vw, 1024px\" \/><\/figure><\/li><li class=\"blocks-gallery-item\"><figure><img loading=\"lazy\" width=\"1024\" height=\"576\" src=\"http:\/\/www.ars-pohlheim.net\/wp-content\/uploads\/2024\/07\/Regionale-Siegerehrung_04-1024x576.jpeg\" alt=\"\" data-id=\"11532\" data-full-url=\"http:\/\/www.ars-pohlheim.net\/wp-content\/uploads\/2024\/07\/Regionale-Siegerehrung_04-scaled.jpeg\" data-link=\"https:\/\/www.ars-pohlheim.net\/?attachment_id=11532\" class=\"wp-image-11532\" srcset=\"https:\/\/www.ars-pohlheim.net\/wp-content\/uploads\/2024\/07\/Regionale-Siegerehrung_04-1024x576.jpeg 1024w, https:\/\/www.ars-pohlheim.net\/wp-content\/uploads\/2024\/07\/Regionale-Siegerehrung_04-300x169.jpeg 300w, https:\/\/www.ars-pohlheim.net\/wp-content\/uploads\/2024\/07\/Regionale-Siegerehrung_04-768x432.jpeg 768w, https:\/\/www.ars-pohlheim.net\/wp-content\/uploads\/2024\/07\/Regionale-Siegerehrung_04-1536x864.jpeg 1536w, https:\/\/www.ars-pohlheim.net\/wp-content\/uploads\/2024\/07\/Regionale-Siegerehrung_04-2048x1152.jpeg 2048w\" sizes=\"(max-width: 1024px) 100vw, 1024px\" \/><\/figure><\/li><\/ul><\/figure>\n\n\n\n<p>Die Europa-Union Hessen und das EU-Informationszentrum im Regierungspr\u00e4sidium Gie\u00dfen luden gemeinsam die erfolgreichen Sch\u00fclerinnen und Sch\u00fcler aus dem Lahn-Dill-Kreis und dem Landkreis Gie\u00dfen am 10.07.2024 ein. Der Europ\u00e4ische Wettbewerb stand in diesem Jahr unter dem leitenden Motto \u201eEuropa (un)limited\u201c.<\/p>\n\n\n\n<p>\u201eDie Grenzen unserer Vorstellungen von Europa zu erweitern und uns kreativ mit den M\u00f6glichkeiten und Herausforderungen auseinanderzusetzen, die unser Kontinent bietet, dazu fordert uns das Motto auf\u201c, sagte Regierungspr\u00e4sident Dr. Christoph Ullrich in seiner Begr\u00fc\u00dfung. \u201eMit euren Arbeiten, durch eure Kunst schafft ihr es, Grenzen zu \u00fcberwinden\u201c, lobte er die Jugendlichen. Gleichzeitig rief er den jungen G\u00e4sten zu: \u201eIn einer Welt, die immer st\u00e4rker vernetzt ist, bietet Europa eine einzigartige Plattform f\u00fcr kulturellen Austausch, wirtschaftliche Zusammenarbeit und politische Stabilit\u00e4t.\u201c<\/p>\n\n\n\n<figure class=\"wp-block-gallery columns-3 is-cropped\"><ul class=\"blocks-gallery-grid\"><li class=\"blocks-gallery-item\"><figure><img loading=\"lazy\" width=\"1024\" height=\"768\" src=\"https:\/\/www.ars-pohlheim.net\/wp-content\/uploads\/2024\/07\/Maja-Goldmann-1024x768.jpg\" alt=\"\" data-id=\"11535\" data-full-url=\"https:\/\/www.ars-pohlheim.net\/wp-content\/uploads\/2024\/07\/Maja-Goldmann-scaled.jpg\" data-link=\"https:\/\/www.ars-pohlheim.net\/?attachment_id=11535\" class=\"wp-image-11535\" srcset=\"https:\/\/www.ars-pohlheim.net\/wp-content\/uploads\/2024\/07\/Maja-Goldmann-1024x768.jpg 1024w, https:\/\/www.ars-pohlheim.net\/wp-content\/uploads\/2024\/07\/Maja-Goldmann-300x225.jpg 300w, https:\/\/www.ars-pohlheim.net\/wp-content\/uploads\/2024\/07\/Maja-Goldmann-768x576.jpg 768w, https:\/\/www.ars-pohlheim.net\/wp-content\/uploads\/2024\/07\/Maja-Goldmann-1536x1152.jpg 1536w, https:\/\/www.ars-pohlheim.net\/wp-content\/uploads\/2024\/07\/Maja-Goldmann-2048x1536.jpg 2048w\" sizes=\"(max-width: 1024px) 100vw, 1024px\" \/><\/figure><\/li><li class=\"blocks-gallery-item\"><figure><img loading=\"lazy\" width=\"1024\" height=\"768\" src=\"https:\/\/www.ars-pohlheim.net\/wp-content\/uploads\/2024\/07\/Nelly-Neh-1024x768.jpg\" alt=\"\" data-id=\"11536\" data-full-url=\"https:\/\/www.ars-pohlheim.net\/wp-content\/uploads\/2024\/07\/Nelly-Neh-scaled.jpg\" data-link=\"https:\/\/www.ars-pohlheim.net\/?attachment_id=11536\" class=\"wp-image-11536\" srcset=\"https:\/\/www.ars-pohlheim.net\/wp-content\/uploads\/2024\/07\/Nelly-Neh-1024x768.jpg 1024w, https:\/\/www.ars-pohlheim.net\/wp-content\/uploads\/2024\/07\/Nelly-Neh-300x225.jpg 300w, https:\/\/www.ars-pohlheim.net\/wp-content\/uploads\/2024\/07\/Nelly-Neh-768x576.jpg 768w, https:\/\/www.ars-pohlheim.net\/wp-content\/uploads\/2024\/07\/Nelly-Neh-1536x1152.jpg 1536w, https:\/\/www.ars-pohlheim.net\/wp-content\/uploads\/2024\/07\/Nelly-Neh-2048x1536.jpg 2048w\" sizes=\"(max-width: 1024px) 100vw, 1024px\" \/><\/figure><\/li><li class=\"blocks-gallery-item\"><figure><img loading=\"lazy\" width=\"768\" height=\"1024\" src=\"https:\/\/www.ars-pohlheim.net\/wp-content\/uploads\/2024\/07\/Aleria-Acar-768x1024.jpg\" alt=\"\" data-id=\"11538\" data-full-url=\"https:\/\/www.ars-pohlheim.net\/wp-content\/uploads\/2024\/07\/Aleria-Acar-scaled.jpg\" data-link=\"https:\/\/www.ars-pohlheim.net\/?attachment_id=11538\" class=\"wp-image-11538\" srcset=\"https:\/\/www.ars-pohlheim.net\/wp-content\/uploads\/2024\/07\/Aleria-Acar-768x1024.jpg 768w, https:\/\/www.ars-pohlheim.net\/wp-content\/uploads\/2024\/07\/Aleria-Acar-225x300.jpg 225w, https:\/\/www.ars-pohlheim.net\/wp-content\/uploads\/2024\/07\/Aleria-Acar-1152x1536.jpg 1152w, https:\/\/www.ars-pohlheim.net\/wp-content\/uploads\/2024\/07\/Aleria-Acar-1536x2048.jpg 1536w, https:\/\/www.ars-pohlheim.net\/wp-content\/uploads\/2024\/07\/Aleria-Acar-scaled.jpg 1920w\" sizes=\"(max-width: 768px) 100vw, 768px\" \/><\/figure><\/li><li class=\"blocks-gallery-item\"><figure><img loading=\"lazy\" width=\"1024\" height=\"768\" src=\"https:\/\/www.ars-pohlheim.net\/wp-content\/uploads\/2024\/07\/Hannah-Heckmann-1024x768.jpg\" alt=\"\" data-id=\"11537\" data-full-url=\"https:\/\/www.ars-pohlheim.net\/wp-content\/uploads\/2024\/07\/Hannah-Heckmann-scaled.jpg\" data-link=\"https:\/\/www.ars-pohlheim.net\/?attachment_id=11537\" class=\"wp-image-11537\" srcset=\"https:\/\/www.ars-pohlheim.net\/wp-content\/uploads\/2024\/07\/Hannah-Heckmann-1024x768.jpg 1024w, https:\/\/www.ars-pohlheim.net\/wp-content\/uploads\/2024\/07\/Hannah-Heckmann-300x225.jpg 300w, https:\/\/www.ars-pohlheim.net\/wp-content\/uploads\/2024\/07\/Hannah-Heckmann-768x576.jpg 768w, https:\/\/www.ars-pohlheim.net\/wp-content\/uploads\/2024\/07\/Hannah-Heckmann-1536x1152.jpg 1536w, https:\/\/www.ars-pohlheim.net\/wp-content\/uploads\/2024\/07\/Hannah-Heckmann-2048x1536.jpg 2048w\" sizes=\"(max-width: 1024px) 100vw, 1024px\" \/><\/figure><\/li><\/ul><\/figure>\n\n\n\n<p>Sieben der mittelhessischen Preistr\u00e4ger waren der Einladung an den Landgraf-Philipp-Platz gefolgt, darunter auch die Sch\u00fclerinnen der ARS Aleria Acar, Maja Sue Goldmann, Hannah Heckmann und Nelly Neh, begleitet durch den Stufenleiter 9\/10 Simon Schunk.<\/p>\n\n\n\n<p>Von den Leistungen der Sch\u00fclerinnen und Sch\u00fcler angetan war auch Thomas Mann, Vorsitzender der Europa-Union Hessen sowie ehemaliger Europaabgeordneter: \u201eEs ist gerade die Vielfalt der Arbeiten, die mich jedes Jahr aufs Neue bewegt. Mit Gedichten, selbst gemalten Bildern und Videos h\u00e4tten die Kinder und Jugendlichen gezeigt, was f\u00fcr sie ein grenzenloses Europa bedeute. Sie haben sich dabei mit den sichtbaren und unsichtbaren Grenzen Europas besch\u00e4ftigt.\u201c Vom Konzept des \u00e4ltesten Sch\u00fclerwettbewerbs in Deutschland ist er \u00fcberzeugt. Er vereine die Begeisterung der jungen Menschen f\u00fcr Europa und deren kreative Talente.<\/p>\n\n\n\n<p>Filiz Bulut\/PB RP Gie\u00dfen<\/p>\n","protected":false},"excerpt":{"rendered":"<p>Regierungspr\u00e4sident Ullrich ehrt Sch\u00fclerinnen der ARS in der regionalen Siegerehrung des Europ\u00e4ischen Wettbewerbs \u201eEuropa (un)limited\u201c Der Wahlpflichtkurs \u201eKreativwerkstatt\u201c hat unter der Leitung von Frau Bulut am diesj\u00e4hrigen Europ\u00e4ischen Wettbewerb teilgenommen. Dies ist ein von der Europ\u00e4ischen Bewegung Deutschland ausgerufener Sch\u00fclerwettbewerb. Erstmals 1953 in Frankreich als Aufsatzwettbewerb ausgeschrieben, beteiligte sich Nordrhein-Westfalen bereits 1954. Im folgenden Schuljahr &hellip; <a href=\"https:\/\/www.ars-pohlheim.net\/?p=11529\" class=\"more-link\"><span class=\"screen-reader-text\">K\u00fcnstlerisch Grenzen \u00fcberwinden<\/span> weiterlesen <span class=\"meta-nav\">&rarr;<\/span><\/a><\/p>\n","protected":false},"author":15,"featured_media":0,"comment_status":"closed","ping_status":"closed","sticky":false,"template":"","format":"standard","meta":{"ngg_post_thumbnail":0},"categories":[1],"tags":[],"_links":{"self":[{"href":"https:\/\/www.ars-pohlheim.net\/index.php?rest_route=\/wp\/v2\/posts\/11529"}],"collection":[{"href":"https:\/\/www.ars-pohlheim.net\/index.php?rest_route=\/wp\/v2\/posts"}],"about":[{"href":"https:\/\/www.ars-pohlheim.net\/index.php?rest_route=\/wp\/v2\/types\/post"}],"author":[{"embeddable":true,"href":"https:\/\/www.ars-pohlheim.net\/index.php?rest_route=\/wp\/v2\/users\/15"}],"replies":[{"embeddable":true,"href":"https:\/\/www.ars-pohlheim.net\/index.php?rest_route=%2Fwp%2Fv2%2Fcomments&post=11529"}],"version-history":[{"count":2,"href":"https:\/\/www.ars-pohlheim.net\/index.php?rest_route=\/wp\/v2\/posts\/11529\/revisions"}],"predecessor-version":[{"id":11539,"href":"https:\/\/www.ars-pohlheim.net\/index.php?rest_route=\/wp\/v2\/posts\/11529\/revisions\/11539"}],"wp:attachment":[{"href":"https:\/\/www.ars-pohlheim.net\/index.php?rest_route=%2Fwp%2Fv2%2Fmedia&parent=11529"}],"wp:term":[{"taxonomy":"category","embeddable":true,"href":"https:\/\/www.ars-pohlheim.net\/index.php?rest_route=%2Fwp%2Fv2%2Fcategories&post=11529"},{"taxonomy":"post_tag","embeddable":true,"href":"https:\/\/www.ars-pohlheim.net\/index.php?rest_route=%2Fwp%2Fv2%2Ftags&post=11529"}],"curies":[{"name":"wp","href":"https:\/\/api.w.org\/{rel}","templated":true}]}}