{"id":11501,"date":"2024-07-17T14:21:46","date_gmt":"2024-07-17T12:21:46","guid":{"rendered":"https:\/\/www.ars-pohlheim.net\/?p=11501"},"modified":"2024-07-17T14:21:47","modified_gmt":"2024-07-17T12:21:47","slug":"der-geschichte-auf-der-spur","status":"publish","type":"post","link":"https:\/\/www.ars-pohlheim.net\/?p=11501","title":{"rendered":"Der Geschichte auf der Spur"},"content":{"rendered":"\n<p><strong>Das Anne-Frank-Projekt an der ARS<\/strong><\/p>\n\n\n\n<p>Der Anne-Frank-Tag ist ein besonderes bildungspolitisches Projekt, das j\u00e4hrlich am 12. Juni an Anne Franks Geburtstag in Kooperation mit Schulen in ganz Deutschland stattfindet. Ziel dieses Tages ist es, an Anne Frank und den Holocaust zu erinnern und Sch\u00fclerinnen und Sch\u00fcler f\u00fcr Antisemitismus und Rassismus zu sensibilisieren. In diesem Kontext hat der Jahrgang 8 der Adolf-Reichwein-Schule Pohlheim ein Projekt im Fach Projektorientiertes Lernen (PL) durchgef\u00fchrt, bei dem sie Tagebucheintr\u00e4ge von Holocaust\u00fcberlebenden mit aktuellen Bez\u00fcgen in heutigen Kriegsberichten in Form von Collagen umgesetzt haben. <\/p>\n\n\n\n<figure class=\"wp-block-gallery columns-3 is-cropped\"><ul class=\"blocks-gallery-grid\"><li class=\"blocks-gallery-item\"><figure><img loading=\"lazy\" width=\"768\" height=\"1024\" src=\"https:\/\/www.ars-pohlheim.net\/wp-content\/uploads\/2024\/07\/IMG_0909-768x1024.jpeg\" alt=\"\" data-id=\"11502\" data-full-url=\"https:\/\/www.ars-pohlheim.net\/wp-content\/uploads\/2024\/07\/IMG_0909-scaled.jpeg\" data-link=\"https:\/\/www.ars-pohlheim.net\/?attachment_id=11502\" class=\"wp-image-11502\" srcset=\"https:\/\/www.ars-pohlheim.net\/wp-content\/uploads\/2024\/07\/IMG_0909-768x1024.jpeg 768w, https:\/\/www.ars-pohlheim.net\/wp-content\/uploads\/2024\/07\/IMG_0909-225x300.jpeg 225w, https:\/\/www.ars-pohlheim.net\/wp-content\/uploads\/2024\/07\/IMG_0909-1152x1536.jpeg 1152w, https:\/\/www.ars-pohlheim.net\/wp-content\/uploads\/2024\/07\/IMG_0909-1536x2048.jpeg 1536w, https:\/\/www.ars-pohlheim.net\/wp-content\/uploads\/2024\/07\/IMG_0909-scaled.jpeg 1920w\" sizes=\"(max-width: 768px) 100vw, 768px\" \/><\/figure><\/li><li class=\"blocks-gallery-item\"><figure><img loading=\"lazy\" width=\"768\" height=\"1024\" src=\"https:\/\/www.ars-pohlheim.net\/wp-content\/uploads\/2024\/07\/IMG_0910-768x1024.jpeg\" alt=\"\" data-id=\"11503\" data-full-url=\"https:\/\/www.ars-pohlheim.net\/wp-content\/uploads\/2024\/07\/IMG_0910-scaled.jpeg\" data-link=\"https:\/\/www.ars-pohlheim.net\/?attachment_id=11503\" class=\"wp-image-11503\" srcset=\"https:\/\/www.ars-pohlheim.net\/wp-content\/uploads\/2024\/07\/IMG_0910-768x1024.jpeg 768w, https:\/\/www.ars-pohlheim.net\/wp-content\/uploads\/2024\/07\/IMG_0910-225x300.jpeg 225w, https:\/\/www.ars-pohlheim.net\/wp-content\/uploads\/2024\/07\/IMG_0910-1152x1536.jpeg 1152w, https:\/\/www.ars-pohlheim.net\/wp-content\/uploads\/2024\/07\/IMG_0910-1536x2048.jpeg 1536w, https:\/\/www.ars-pohlheim.net\/wp-content\/uploads\/2024\/07\/IMG_0910-scaled.jpeg 1920w\" sizes=\"(max-width: 768px) 100vw, 768px\" \/><\/figure><\/li><li class=\"blocks-gallery-item\"><figure><img loading=\"lazy\" width=\"1024\" height=\"768\" src=\"https:\/\/www.ars-pohlheim.net\/wp-content\/uploads\/2024\/07\/IMG_0912-1024x768.jpeg\" alt=\"\" data-id=\"11504\" data-full-url=\"https:\/\/www.ars-pohlheim.net\/wp-content\/uploads\/2024\/07\/IMG_0912-scaled.jpeg\" data-link=\"https:\/\/www.ars-pohlheim.net\/?attachment_id=11504\" class=\"wp-image-11504\" srcset=\"https:\/\/www.ars-pohlheim.net\/wp-content\/uploads\/2024\/07\/IMG_0912-1024x768.jpeg 1024w, https:\/\/www.ars-pohlheim.net\/wp-content\/uploads\/2024\/07\/IMG_0912-300x225.jpeg 300w, https:\/\/www.ars-pohlheim.net\/wp-content\/uploads\/2024\/07\/IMG_0912-768x576.jpeg 768w, https:\/\/www.ars-pohlheim.net\/wp-content\/uploads\/2024\/07\/IMG_0912-1536x1152.jpeg 1536w, https:\/\/www.ars-pohlheim.net\/wp-content\/uploads\/2024\/07\/IMG_0912-2048x1536.jpeg 2048w\" sizes=\"(max-width: 1024px) 100vw, 1024px\" \/><\/figure><\/li><\/ul><\/figure>\n\n\n\n<p>Die Sch\u00fclerinnen und Sch\u00fcler setzten sich intensiv mit zwei Themen aus Anne Franks Tagebuch auseinander: Identit\u00e4t und Diskriminierung. Diese Themen greifen die Lebenswelt der Jugendlichen auf und regen zum Nachdenken an. Sie stellen sich Fragen wie \u201cWer bin ich? Wer m\u00f6chte ich sein?\u201d und &#8222;Warum werden nicht alle Menschen gleich behandelt? Was kann ich tun?&#8220;. <\/p>\n\n\n\n<figure class=\"wp-block-gallery columns-2 is-cropped\"><ul class=\"blocks-gallery-grid\"><li class=\"blocks-gallery-item\"><figure><img loading=\"lazy\" width=\"1024\" height=\"768\" src=\"http:\/\/www.ars-pohlheim.net\/wp-content\/uploads\/2024\/07\/IMG_0914-1024x768.jpeg\" alt=\"\" data-id=\"11506\" data-full-url=\"http:\/\/www.ars-pohlheim.net\/wp-content\/uploads\/2024\/07\/IMG_0914-scaled.jpeg\" data-link=\"https:\/\/www.ars-pohlheim.net\/?attachment_id=11506\" class=\"wp-image-11506\" srcset=\"https:\/\/www.ars-pohlheim.net\/wp-content\/uploads\/2024\/07\/IMG_0914-1024x768.jpeg 1024w, https:\/\/www.ars-pohlheim.net\/wp-content\/uploads\/2024\/07\/IMG_0914-300x225.jpeg 300w, https:\/\/www.ars-pohlheim.net\/wp-content\/uploads\/2024\/07\/IMG_0914-768x576.jpeg 768w, https:\/\/www.ars-pohlheim.net\/wp-content\/uploads\/2024\/07\/IMG_0914-1536x1152.jpeg 1536w, https:\/\/www.ars-pohlheim.net\/wp-content\/uploads\/2024\/07\/IMG_0914-2048x1536.jpeg 2048w\" sizes=\"(max-width: 1024px) 100vw, 1024px\" \/><\/figure><\/li><li class=\"blocks-gallery-item\"><figure><img loading=\"lazy\" width=\"768\" height=\"1024\" src=\"http:\/\/www.ars-pohlheim.net\/wp-content\/uploads\/2024\/07\/IMG_0913-scaled-e1721218259509-768x1024.jpeg\" alt=\"\" data-id=\"11505\" data-full-url=\"http:\/\/www.ars-pohlheim.net\/wp-content\/uploads\/2024\/07\/IMG_0913-scaled-e1721218259509.jpeg\" data-link=\"https:\/\/www.ars-pohlheim.net\/?attachment_id=11505\" class=\"wp-image-11505\" srcset=\"https:\/\/www.ars-pohlheim.net\/wp-content\/uploads\/2024\/07\/IMG_0913-scaled-e1721218259509-768x1024.jpeg 768w, https:\/\/www.ars-pohlheim.net\/wp-content\/uploads\/2024\/07\/IMG_0913-scaled-e1721218259509-225x300.jpeg 225w, https:\/\/www.ars-pohlheim.net\/wp-content\/uploads\/2024\/07\/IMG_0913-scaled-e1721218259509-1152x1536.jpeg 1152w, https:\/\/www.ars-pohlheim.net\/wp-content\/uploads\/2024\/07\/IMG_0913-scaled-e1721218259509-1536x2048.jpeg 1536w, https:\/\/www.ars-pohlheim.net\/wp-content\/uploads\/2024\/07\/IMG_0913-scaled-e1721218259509.jpeg 1920w\" sizes=\"(max-width: 768px) 100vw, 768px\" \/><\/figure><\/li><\/ul><\/figure>\n\n\n\n<p>Das Projekt soll die Erinnerung an Anne Frank und den Holocaust wachhalten. Es sensibilisiert Sch\u00fclerinnen und Sch\u00fcler f\u00fcr die historischen Ereignisse und die Bedeutung von Toleranz, Menschlichkeit und Demokratie. Durch die Besch\u00e4ftigung mit Tagebucheintr\u00e4gen von Holocaust\u00fcberlebenden sollen die Sch\u00fclerinnen und Sch\u00fcler ein besseres Verst\u00e4ndnis f\u00fcr die individuellen Erfahrungen und Leiden der Opfer entwickeln. Empathie und Mitgef\u00fchl werden gef\u00f6rdert. Das Projekt regt zur Reflexion \u00fcber aktuelle Themen wie Diskriminierung, Rassismus und Menschenrechte an. Die Sch\u00fclerinnen und Sch\u00fcler sollen kritisch \u00fcber ihre eigene Rolle in der Gesellschaft nachdenken. <\/p>\n\n\n\n<figure class=\"wp-block-gallery columns-3 is-cropped\"><ul class=\"blocks-gallery-grid\"><li class=\"blocks-gallery-item\"><figure><img loading=\"lazy\" width=\"739\" height=\"1024\" src=\"http:\/\/www.ars-pohlheim.net\/wp-content\/uploads\/2024\/07\/IMG-20240711-WA0003-739x1024.jpg\" alt=\"\" data-id=\"11510\" data-full-url=\"http:\/\/www.ars-pohlheim.net\/wp-content\/uploads\/2024\/07\/IMG-20240711-WA0003.jpg\" data-link=\"https:\/\/www.ars-pohlheim.net\/?attachment_id=11510\" class=\"wp-image-11510\" srcset=\"https:\/\/www.ars-pohlheim.net\/wp-content\/uploads\/2024\/07\/IMG-20240711-WA0003-739x1024.jpg 739w, https:\/\/www.ars-pohlheim.net\/wp-content\/uploads\/2024\/07\/IMG-20240711-WA0003-216x300.jpg 216w, https:\/\/www.ars-pohlheim.net\/wp-content\/uploads\/2024\/07\/IMG-20240711-WA0003-768x1065.jpg 768w, https:\/\/www.ars-pohlheim.net\/wp-content\/uploads\/2024\/07\/IMG-20240711-WA0003-1108x1536.jpg 1108w, https:\/\/www.ars-pohlheim.net\/wp-content\/uploads\/2024\/07\/IMG-20240711-WA0003.jpg 1154w\" sizes=\"(max-width: 739px) 100vw, 739px\" \/><\/figure><\/li><li class=\"blocks-gallery-item\"><figure><img loading=\"lazy\" width=\"744\" height=\"1024\" src=\"http:\/\/www.ars-pohlheim.net\/wp-content\/uploads\/2024\/07\/IMG-20240711-WA0004-744x1024.jpg\" alt=\"\" data-id=\"11511\" data-full-url=\"http:\/\/www.ars-pohlheim.net\/wp-content\/uploads\/2024\/07\/IMG-20240711-WA0004.jpg\" data-link=\"https:\/\/www.ars-pohlheim.net\/?attachment_id=11511\" class=\"wp-image-11511\" srcset=\"https:\/\/www.ars-pohlheim.net\/wp-content\/uploads\/2024\/07\/IMG-20240711-WA0004-744x1024.jpg 744w, https:\/\/www.ars-pohlheim.net\/wp-content\/uploads\/2024\/07\/IMG-20240711-WA0004-218x300.jpg 218w, https:\/\/www.ars-pohlheim.net\/wp-content\/uploads\/2024\/07\/IMG-20240711-WA0004-768x1057.jpg 768w, https:\/\/www.ars-pohlheim.net\/wp-content\/uploads\/2024\/07\/IMG-20240711-WA0004-1116x1536.jpg 1116w, https:\/\/www.ars-pohlheim.net\/wp-content\/uploads\/2024\/07\/IMG-20240711-WA0004.jpg 1162w\" sizes=\"(max-width: 744px) 100vw, 744px\" \/><\/figure><\/li><li class=\"blocks-gallery-item\"><figure><img loading=\"lazy\" width=\"756\" height=\"1024\" src=\"http:\/\/www.ars-pohlheim.net\/wp-content\/uploads\/2024\/07\/IMG-20240711-WA0000-756x1024.jpg\" alt=\"\" data-id=\"11508\" data-full-url=\"http:\/\/www.ars-pohlheim.net\/wp-content\/uploads\/2024\/07\/IMG-20240711-WA0000.jpg\" data-link=\"https:\/\/www.ars-pohlheim.net\/?attachment_id=11508\" class=\"wp-image-11508\" srcset=\"https:\/\/www.ars-pohlheim.net\/wp-content\/uploads\/2024\/07\/IMG-20240711-WA0000-756x1024.jpg 756w, https:\/\/www.ars-pohlheim.net\/wp-content\/uploads\/2024\/07\/IMG-20240711-WA0000-222x300.jpg 222w, https:\/\/www.ars-pohlheim.net\/wp-content\/uploads\/2024\/07\/IMG-20240711-WA0000-768x1040.jpg 768w, https:\/\/www.ars-pohlheim.net\/wp-content\/uploads\/2024\/07\/IMG-20240711-WA0000-1135x1536.jpg 1135w, https:\/\/www.ars-pohlheim.net\/wp-content\/uploads\/2024\/07\/IMG-20240711-WA0000.jpg 1182w\" sizes=\"(max-width: 756px) 100vw, 756px\" \/><\/figure><\/li><\/ul><\/figure>\n\n\n\n<p>Die Umsetzung der Tagebucheintr\u00e4ge in Form von Collagen ermutigt die Sch\u00fclerinnen und Sch\u00fcler, ihre kreativen F\u00e4higkeiten zu nutzen und ihre Gedanken visuell auszudr\u00fccken. Durch den Vergleich mit heutigen Kriegsberichten sollen sie ein Bewusstsein f\u00fcr aktuelle Konflikte und Menschenrechtsverletzungen entwickeln auf diese Weise erkennen, dass die Geschichte auch heute noch relevant ist. Insgesamt zielt das Projekt darauf ab, Wissen zu vermitteln, Empathie zu f\u00f6rdern und junge Menschen zu engagierten und verantwortungsbewussten B\u00fcrgerinnen und B\u00fcrgern zu erziehen. <\/p>\n\n\n\n<p>Filiz Bulut<\/p>\n","protected":false},"excerpt":{"rendered":"<p>Das Anne-Frank-Projekt an der ARS Der Anne-Frank-Tag ist ein besonderes bildungspolitisches Projekt, das j\u00e4hrlich am 12. Juni an Anne Franks Geburtstag in Kooperation mit Schulen in ganz Deutschland stattfindet. Ziel dieses Tages ist es, an Anne Frank und den Holocaust zu erinnern und Sch\u00fclerinnen und Sch\u00fcler f\u00fcr Antisemitismus und Rassismus zu sensibilisieren. In diesem Kontext &hellip; <a href=\"https:\/\/www.ars-pohlheim.net\/?p=11501\" class=\"more-link\"><span class=\"screen-reader-text\">Der Geschichte auf der Spur<\/span> weiterlesen <span class=\"meta-nav\">&rarr;<\/span><\/a><\/p>\n","protected":false},"author":15,"featured_media":0,"comment_status":"closed","ping_status":"closed","sticky":false,"template":"","format":"standard","meta":{"ngg_post_thumbnail":0},"categories":[1],"tags":[],"_links":{"self":[{"href":"https:\/\/www.ars-pohlheim.net\/index.php?rest_route=\/wp\/v2\/posts\/11501"}],"collection":[{"href":"https:\/\/www.ars-pohlheim.net\/index.php?rest_route=\/wp\/v2\/posts"}],"about":[{"href":"https:\/\/www.ars-pohlheim.net\/index.php?rest_route=\/wp\/v2\/types\/post"}],"author":[{"embeddable":true,"href":"https:\/\/www.ars-pohlheim.net\/index.php?rest_route=\/wp\/v2\/users\/15"}],"replies":[{"embeddable":true,"href":"https:\/\/www.ars-pohlheim.net\/index.php?rest_route=%2Fwp%2Fv2%2Fcomments&post=11501"}],"version-history":[{"count":2,"href":"https:\/\/www.ars-pohlheim.net\/index.php?rest_route=\/wp\/v2\/posts\/11501\/revisions"}],"predecessor-version":[{"id":11513,"href":"https:\/\/www.ars-pohlheim.net\/index.php?rest_route=\/wp\/v2\/posts\/11501\/revisions\/11513"}],"wp:attachment":[{"href":"https:\/\/www.ars-pohlheim.net\/index.php?rest_route=%2Fwp%2Fv2%2Fmedia&parent=11501"}],"wp:term":[{"taxonomy":"category","embeddable":true,"href":"https:\/\/www.ars-pohlheim.net\/index.php?rest_route=%2Fwp%2Fv2%2Fcategories&post=11501"},{"taxonomy":"post_tag","embeddable":true,"href":"https:\/\/www.ars-pohlheim.net\/index.php?rest_route=%2Fwp%2Fv2%2Ftags&post=11501"}],"curies":[{"name":"wp","href":"https:\/\/api.w.org\/{rel}","templated":true}]}}