{"id":11484,"date":"2024-06-11T18:14:11","date_gmt":"2024-06-11T16:14:11","guid":{"rendered":"https:\/\/www.ars-pohlheim.net\/?p=11484"},"modified":"2024-06-11T18:14:13","modified_gmt":"2024-06-11T16:14:13","slug":"wo-hatte-man-eine-solche-entwuerdigung-verdient","status":"publish","type":"post","link":"https:\/\/www.ars-pohlheim.net\/?p=11484","title":{"rendered":"\u201eWo hatte man eine solche Entw\u00fcrdigung verdient?"},"content":{"rendered":"\n<p><strong><em>So begegnete man keinem Vieh. \u2013 Mittelhessische Frauen im Konzentrationslager Ravensbr\u00fcck\u201c \u2013 Wanderausstellung an der ARS<\/em><\/strong><\/p>\n\n\n\n<p>Die Ausstellung \u201cFrauen im KZ Ravensbr\u00fcck\u201d an der Adolf-Reichwein-Schule in Pohlheim ist eine bedeutende Gelegenheit f\u00fcr Sch\u00fclerinnen und Sch\u00fcler, sich intensiv mit einem dunklen Kapitel der deutschen Geschichte auseinanderzusetzen. Vom 21. Mai bis zum 7. Juni 2024 bot diese Ausstellung einen tiefen Einblick in die Lebensgeschichten der Frauen, die im Frauenkonzentrationslager Ravensbr\u00fcck w\u00e4hrend des Nationalsozialismus inhaftiert waren. Den Geschichten einiger dieser Frauen geht die Ausstellung nach. Lehramtsstudierende der JLU Gie\u00dfen recherchierten unter der Seminarleitung von Soziologin Randi Becker im Sommersemester 2022 zu ausgew\u00e4hlten Biografien dieser Frauen, die in Mittelhessen geboren wurden oder hier gelebt haben und im Laufe des Nationalsozialismus in Ravensbr\u00fcck inhaftiert waren. Teils sind sie dort oder in anderen Konzentrationslagern gestorben, teils \u00fcberlebten sie den Nationalsozialismus. Aus diesen Recherchen sind 12 Frauenportraits und ein M\u00e4nnerportrait entstanden, die unterschiedlichste Verfolgungsgeschichten abbilden.<\/p>\n\n\n\n<div class=\"wp-block-image\"><figure class=\"aligncenter size-large is-resized\"><img loading=\"lazy\" src=\"http:\/\/www.ars-pohlheim.net\/wp-content\/uploads\/2024\/06\/Ausstellung-1-768x1024.jpg\" alt=\"\" class=\"wp-image-11485\" width=\"293\" height=\"391\" srcset=\"https:\/\/www.ars-pohlheim.net\/wp-content\/uploads\/2024\/06\/Ausstellung-1-768x1024.jpg 768w, https:\/\/www.ars-pohlheim.net\/wp-content\/uploads\/2024\/06\/Ausstellung-1-225x300.jpg 225w, https:\/\/www.ars-pohlheim.net\/wp-content\/uploads\/2024\/06\/Ausstellung-1-1152x1536.jpg 1152w, https:\/\/www.ars-pohlheim.net\/wp-content\/uploads\/2024\/06\/Ausstellung-1-1536x2048.jpg 1536w, https:\/\/www.ars-pohlheim.net\/wp-content\/uploads\/2024\/06\/Ausstellung-1-scaled.jpg 1920w\" sizes=\"(max-width: 293px) 100vw, 293px\" \/><\/figure><\/div>\n\n\n\n<p>Die Ausstellung vermittelte nicht nur historisches Wissen, sondern f\u00f6rderte auch das kritische Denken und das Bewusstsein f\u00fcr Menschenrechte. <a href=\"https:\/\/www.uni-giessen.de\/de\/ueber-uns\/veranstaltungen\/ausstellungen\/mittelhessische-frauen-im-kz-ravensbrueck\" target=\"_blank\" rel=\"noreferrer noopener\">Durch die Auseinandersetzung mit den Biografien der inhaftierten Frauen, die aus Gie\u00dfen und Umgebung stammten<\/a><a href=\"https:\/\/www.uni-giessen.de\/de\/ueber-uns\/veranstaltungen\/ausstellungen\/mittelhessische-frauen-im-kz-ravensbrueck\" target=\"_blank\" rel=\"noreferrer noopener\"><\/a>, konnten die Sch\u00fclerinnen und Sch\u00fcler eine pers\u00f6nliche Verbindung zur lokalen Geschichte herstellen und trotz der geografischen Entfernung hat das KZ Ravensbr\u00fcck dadurch ein gro\u00dfe Bedeutung f\u00fcr die lokale mittelhessische Geschichte. Dies st\u00e4rkt das Verst\u00e4ndnis f\u00fcr die Bedeutung von Toleranz, Respekt und Demokratie in der heutigen Gesellschaft.<\/p>\n\n\n\n<figure class=\"wp-block-gallery columns-2 is-cropped\"><ul class=\"blocks-gallery-grid\"><li class=\"blocks-gallery-item\"><figure><img loading=\"lazy\" width=\"768\" height=\"1024\" src=\"http:\/\/www.ars-pohlheim.net\/wp-content\/uploads\/2024\/06\/Ausstellung-4-768x1024.jpg\" alt=\"\" data-id=\"11487\" data-full-url=\"http:\/\/www.ars-pohlheim.net\/wp-content\/uploads\/2024\/06\/Ausstellung-4-scaled.jpg\" data-link=\"https:\/\/www.ars-pohlheim.net\/?attachment_id=11487\" class=\"wp-image-11487\" srcset=\"https:\/\/www.ars-pohlheim.net\/wp-content\/uploads\/2024\/06\/Ausstellung-4-768x1024.jpg 768w, https:\/\/www.ars-pohlheim.net\/wp-content\/uploads\/2024\/06\/Ausstellung-4-225x300.jpg 225w, https:\/\/www.ars-pohlheim.net\/wp-content\/uploads\/2024\/06\/Ausstellung-4-1152x1536.jpg 1152w, https:\/\/www.ars-pohlheim.net\/wp-content\/uploads\/2024\/06\/Ausstellung-4-1536x2048.jpg 1536w, https:\/\/www.ars-pohlheim.net\/wp-content\/uploads\/2024\/06\/Ausstellung-4-scaled.jpg 1920w\" sizes=\"(max-width: 768px) 100vw, 768px\" \/><\/figure><\/li><li class=\"blocks-gallery-item\"><figure><img loading=\"lazy\" width=\"768\" height=\"1024\" src=\"http:\/\/www.ars-pohlheim.net\/wp-content\/uploads\/2024\/06\/Ausstellung-2-768x1024.jpg\" alt=\"\" data-id=\"11486\" data-full-url=\"http:\/\/www.ars-pohlheim.net\/wp-content\/uploads\/2024\/06\/Ausstellung-2-scaled.jpg\" data-link=\"https:\/\/www.ars-pohlheim.net\/?attachment_id=11486\" class=\"wp-image-11486\" srcset=\"https:\/\/www.ars-pohlheim.net\/wp-content\/uploads\/2024\/06\/Ausstellung-2-768x1024.jpg 768w, https:\/\/www.ars-pohlheim.net\/wp-content\/uploads\/2024\/06\/Ausstellung-2-225x300.jpg 225w, https:\/\/www.ars-pohlheim.net\/wp-content\/uploads\/2024\/06\/Ausstellung-2-1152x1536.jpg 1152w, https:\/\/www.ars-pohlheim.net\/wp-content\/uploads\/2024\/06\/Ausstellung-2-1536x2048.jpg 1536w, https:\/\/www.ars-pohlheim.net\/wp-content\/uploads\/2024\/06\/Ausstellung-2-scaled.jpg 1920w\" sizes=\"(max-width: 768px) 100vw, 768px\" \/><\/figure><\/li><\/ul><\/figure>\n\n\n\n<p>Die Ausstellung bot auch Ankn\u00fcpfungspunkte f\u00fcr verschiedene Schulf\u00e4cher. Im Geschichtsunterricht konnte die Ausstellung als Grundlage f\u00fcr die Behandlung der NS-Zeit dienen. Im Deutschunterricht wurde die Ausstellung in eine Lekt\u00fcreeinheit zur Holocaustjugendliteratur in unterschiedlichen Jahrg\u00e4ngen eingebettet. Auch im Kunstunterricht konnten die Sch\u00fclerinnen und Sch\u00fcler Plakate erstellen, die ihre Eindr\u00fccke und Gedanken zu Aspekten der Ausstellung ausdr\u00fcckten.<\/p>\n\n\n\n<p>Die Auseinandersetzung mit den Schicksalen der Frauen im KZ Ravensbr\u00fcck konnte bei den Sch\u00fclerinnen und Sch\u00fclern Empathie und ein tieferes Verst\u00e4ndnis f\u00fcr die Auswirkungen von Diskriminierung und Gewalt f\u00f6rdern. Dies tr\u00e4gt zur pers\u00f6nlichen Entwicklung bei und bereitet sie darauf vor, als verantwortungsbewusste B\u00fcrgerinnen und B\u00fcrger zu handeln.<\/p>\n\n\n\n<p>Die Ausstellung \u201cFrauen im KZ Ravensbr\u00fcck\u201d war somit eine wertvolle p\u00e4dagogische Ressource, die den Sch\u00fclerinnen und Sch\u00fclern der Adolf-Reichwein-Schule in Pohlheim erm\u00f6glichte, aus der Vergangenheit zu lernen und die Lehren f\u00fcr die Gestaltung einer besseren Zukunft zu nutzen. Die Adolf-Reichwein-Schule bedankt sich ausdr\u00fccklich bei Frau Randi Becker, die diese Ausstellung bei uns erm\u00f6glicht hat.<\/p>\n\n\n\n<p>Filiz Bulut<\/p>\n","protected":false},"excerpt":{"rendered":"<p>So begegnete man keinem Vieh. \u2013 Mittelhessische Frauen im Konzentrationslager Ravensbr\u00fcck\u201c \u2013 Wanderausstellung an der ARS Die Ausstellung \u201cFrauen im KZ Ravensbr\u00fcck\u201d an der Adolf-Reichwein-Schule in Pohlheim ist eine bedeutende Gelegenheit f\u00fcr Sch\u00fclerinnen und Sch\u00fcler, sich intensiv mit einem dunklen Kapitel der deutschen Geschichte auseinanderzusetzen. Vom 21. Mai bis zum 7. Juni 2024 bot diese &hellip; <a href=\"https:\/\/www.ars-pohlheim.net\/?p=11484\" class=\"more-link\"><span class=\"screen-reader-text\">\u201eWo hatte man eine solche Entw\u00fcrdigung verdient?<\/span> weiterlesen <span class=\"meta-nav\">&rarr;<\/span><\/a><\/p>\n","protected":false},"author":15,"featured_media":0,"comment_status":"closed","ping_status":"closed","sticky":false,"template":"","format":"standard","meta":{"ngg_post_thumbnail":0},"categories":[1],"tags":[],"_links":{"self":[{"href":"https:\/\/www.ars-pohlheim.net\/index.php?rest_route=\/wp\/v2\/posts\/11484"}],"collection":[{"href":"https:\/\/www.ars-pohlheim.net\/index.php?rest_route=\/wp\/v2\/posts"}],"about":[{"href":"https:\/\/www.ars-pohlheim.net\/index.php?rest_route=\/wp\/v2\/types\/post"}],"author":[{"embeddable":true,"href":"https:\/\/www.ars-pohlheim.net\/index.php?rest_route=\/wp\/v2\/users\/15"}],"replies":[{"embeddable":true,"href":"https:\/\/www.ars-pohlheim.net\/index.php?rest_route=%2Fwp%2Fv2%2Fcomments&post=11484"}],"version-history":[{"count":1,"href":"https:\/\/www.ars-pohlheim.net\/index.php?rest_route=\/wp\/v2\/posts\/11484\/revisions"}],"predecessor-version":[{"id":11488,"href":"https:\/\/www.ars-pohlheim.net\/index.php?rest_route=\/wp\/v2\/posts\/11484\/revisions\/11488"}],"wp:attachment":[{"href":"https:\/\/www.ars-pohlheim.net\/index.php?rest_route=%2Fwp%2Fv2%2Fmedia&parent=11484"}],"wp:term":[{"taxonomy":"category","embeddable":true,"href":"https:\/\/www.ars-pohlheim.net\/index.php?rest_route=%2Fwp%2Fv2%2Fcategories&post=11484"},{"taxonomy":"post_tag","embeddable":true,"href":"https:\/\/www.ars-pohlheim.net\/index.php?rest_route=%2Fwp%2Fv2%2Ftags&post=11484"}],"curies":[{"name":"wp","href":"https:\/\/api.w.org\/{rel}","templated":true}]}}