{"id":11394,"date":"2024-02-22T16:54:01","date_gmt":"2024-02-22T15:54:01","guid":{"rendered":"https:\/\/www.ars-pohlheim.net\/?p=11394"},"modified":"2024-02-22T16:55:23","modified_gmt":"2024-02-22T15:55:23","slug":"das-wuerde-ich-mir-am-liebsten-selbst-in-den-garten-stellen","status":"publish","type":"post","link":"https:\/\/www.ars-pohlheim.net\/?p=11394","title":{"rendered":"\u201eDas w\u00fcrde ich mir am liebsten selbst in den Garten stellen!\u201c"},"content":{"rendered":"\n<p><strong>\u00dcbergabe der Projektpr\u00fcfungsarbeiten an das Alloheim Pohlheim<\/strong><\/p>\n\n\n\n<p>\u201eDas w\u00fcrde ich mir am liebsten selbst in den Garten stellen!\u201c<\/p>\n\n\n\n<p>Mit diesen Worten nahmen Susanne M\u00e4rke und Daniela Raimann von der Alloheim Senioren-Residenz \u201eHaus Neue Mitte\u201c in Pohlheim vergangene Woche verschiedene Projektarbeiten von Sch\u00fclerinnen und Sch\u00fclern der ARS entgegen. Zu den Sch\u00fclerarbeiten, die im Rahmen der diesj\u00e4hrigen Hauptschulprojektpr\u00fcfungen im Jg. 9 produziert und von der Pflegeeinrichtung zuvor in Auftrag gegeben wurden, z\u00e4hlten ein Insektenhotel, ein Nistkasten sowie Baumschmuck, der sowohl den Garten des Alloheim dekorativ schm\u00fccken als auch V\u00f6geln Futter bieten wird. Alle Produkte hinterlie\u00dfen bei den Mitarbeitenden des Alloheims wie auch bei den Lehrkr\u00e4ften der ARS staunende Gesichter. \u201eDie Arbeiten k\u00f6nnten so in einem Gesch\u00e4ft verkauft werden!\u201c oder \u201eDas w\u00fcnsche ich mir auch f\u00fcr meinen Garten.\u201c waren nur einige von vielen lobenden Worten, die die Sch\u00fclerinnen und Sch\u00fcler als R\u00fcckmeldung f\u00fcr ihre hervorragenden Pr\u00fcfungsergebnisse erhielten.<\/p>\n\n\n\n<div class=\"wp-block-image\"><figure class=\"aligncenter size-large is-resized\"><img loading=\"lazy\" src=\"https:\/\/www.ars-pohlheim.net\/wp-content\/uploads\/2024\/02\/PP-Uebergabe-Alloheim-2024_Insektenhotel-1024x634.jpeg\" alt=\"\" class=\"wp-image-11395\" width=\"373\" height=\"231\" srcset=\"https:\/\/www.ars-pohlheim.net\/wp-content\/uploads\/2024\/02\/PP-Uebergabe-Alloheim-2024_Insektenhotel-1024x634.jpeg 1024w, https:\/\/www.ars-pohlheim.net\/wp-content\/uploads\/2024\/02\/PP-Uebergabe-Alloheim-2024_Insektenhotel-300x186.jpeg 300w, https:\/\/www.ars-pohlheim.net\/wp-content\/uploads\/2024\/02\/PP-Uebergabe-Alloheim-2024_Insektenhotel-768x475.jpeg 768w, https:\/\/www.ars-pohlheim.net\/wp-content\/uploads\/2024\/02\/PP-Uebergabe-Alloheim-2024_Insektenhotel-1536x950.jpeg 1536w, https:\/\/www.ars-pohlheim.net\/wp-content\/uploads\/2024\/02\/PP-Uebergabe-Alloheim-2024_Insektenhotel-2048x1267.jpeg 2048w\" sizes=\"(max-width: 373px) 100vw, 373px\" \/><figcaption>Foto 1: Insektenhotel der Sch\u00fclerinnen Marlene Lisa Seray Vogel,<br>Leonie Kullbach, Karla Joulan und Clara Empelmann.<\/figcaption><\/figure><\/div>\n\n\n\n<div class=\"wp-block-image is-style-rounded\"><figure class=\"aligncenter size-large is-resized\"><img loading=\"lazy\" src=\"https:\/\/www.ars-pohlheim.net\/wp-content\/uploads\/2024\/02\/PP-Uebergabe-Alloheim-2024_Nistkasten-1024x736.jpeg\" alt=\"\" class=\"wp-image-11396\" width=\"373\" height=\"268\" srcset=\"https:\/\/www.ars-pohlheim.net\/wp-content\/uploads\/2024\/02\/PP-Uebergabe-Alloheim-2024_Nistkasten-1024x736.jpeg 1024w, https:\/\/www.ars-pohlheim.net\/wp-content\/uploads\/2024\/02\/PP-Uebergabe-Alloheim-2024_Nistkasten-300x216.jpeg 300w, https:\/\/www.ars-pohlheim.net\/wp-content\/uploads\/2024\/02\/PP-Uebergabe-Alloheim-2024_Nistkasten-768x552.jpeg 768w, https:\/\/www.ars-pohlheim.net\/wp-content\/uploads\/2024\/02\/PP-Uebergabe-Alloheim-2024_Nistkasten-1536x1104.jpeg 1536w, https:\/\/www.ars-pohlheim.net\/wp-content\/uploads\/2024\/02\/PP-Uebergabe-Alloheim-2024_Nistkasten-2048x1472.jpeg 2048w\" sizes=\"(max-width: 373px) 100vw, 373px\" \/><figcaption>Foto 2: Nistkasten der Sch\u00fcler Jim Dridiger, John Matthies und Mano Mano.<\/figcaption><\/figure><\/div>\n\n\n\n<div class=\"wp-block-image\"><figure class=\"aligncenter size-large is-resized\"><img loading=\"lazy\" src=\"https:\/\/www.ars-pohlheim.net\/wp-content\/uploads\/2024\/02\/PP-Uebergabe-Alloheim-2024_Baumschmuck-1024x660.jpeg\" alt=\"\" class=\"wp-image-11397\" width=\"373\" height=\"240\" srcset=\"https:\/\/www.ars-pohlheim.net\/wp-content\/uploads\/2024\/02\/PP-Uebergabe-Alloheim-2024_Baumschmuck-1024x660.jpeg 1024w, https:\/\/www.ars-pohlheim.net\/wp-content\/uploads\/2024\/02\/PP-Uebergabe-Alloheim-2024_Baumschmuck-300x193.jpeg 300w, https:\/\/www.ars-pohlheim.net\/wp-content\/uploads\/2024\/02\/PP-Uebergabe-Alloheim-2024_Baumschmuck-768x495.jpeg 768w, https:\/\/www.ars-pohlheim.net\/wp-content\/uploads\/2024\/02\/PP-Uebergabe-Alloheim-2024_Baumschmuck-1536x990.jpeg 1536w, https:\/\/www.ars-pohlheim.net\/wp-content\/uploads\/2024\/02\/PP-Uebergabe-Alloheim-2024_Baumschmuck-2048x1321.jpeg 2048w\" sizes=\"(max-width: 373px) 100vw, 373px\" \/><figcaption>Foto 3: Baumschmuck der Sch\u00fclerinnen Marie Sch\u00f6ps, Lisa Sophie J\u00e4ger und Marielle \u00dcnal.<\/figcaption><\/figure><\/div>\n\n\n\n<p>Bereits seit drei Jahren kooperieren die ARS und das Alloheim Pohlheim erfolgreich im Rahmen der Hauptschulprojektpr\u00fcfungen im Jg. 9. Das Ziel der Zusammenarbeit blieb \u00fcber die Jahre hinweg unver\u00e4ndert: Gemeinsam Br\u00fccken zwischen den Generationen bauen und sich als Nachbarn begegnen. Seinen Dank zeigte das Pflegeheim auch in diesem Jahr wieder auf doppelte Weise: mit s\u00fc\u00dfen Leckereien und hei\u00dfem Kakao f\u00fcr die stolzen Sch\u00fclerinnen und Sch\u00fcler und mit einer Spende an den F\u00f6rderverein der ARS Pohlheim e.V. f\u00fcr Projekte der Berufsorientierung.<\/p>\n\n\n\n<p>Andreas Pieh<\/p>\n","protected":false},"excerpt":{"rendered":"<p>\u00dcbergabe der Projektpr\u00fcfungsarbeiten an das Alloheim Pohlheim \u201eDas w\u00fcrde ich mir am liebsten selbst in den Garten stellen!\u201c Mit diesen Worten nahmen Susanne M\u00e4rke und Daniela Raimann von der Alloheim Senioren-Residenz \u201eHaus Neue Mitte\u201c in Pohlheim vergangene Woche verschiedene Projektarbeiten von Sch\u00fclerinnen und Sch\u00fclern der ARS entgegen. Zu den Sch\u00fclerarbeiten, die im Rahmen der diesj\u00e4hrigen &hellip; <a href=\"https:\/\/www.ars-pohlheim.net\/?p=11394\" class=\"more-link\"><span class=\"screen-reader-text\">\u201eDas w\u00fcrde ich mir am liebsten selbst in den Garten stellen!\u201c<\/span> weiterlesen <span class=\"meta-nav\">&rarr;<\/span><\/a><\/p>\n","protected":false},"author":15,"featured_media":0,"comment_status":"closed","ping_status":"closed","sticky":false,"template":"","format":"standard","meta":{"ngg_post_thumbnail":0},"categories":[1],"tags":[],"_links":{"self":[{"href":"https:\/\/www.ars-pohlheim.net\/index.php?rest_route=\/wp\/v2\/posts\/11394"}],"collection":[{"href":"https:\/\/www.ars-pohlheim.net\/index.php?rest_route=\/wp\/v2\/posts"}],"about":[{"href":"https:\/\/www.ars-pohlheim.net\/index.php?rest_route=\/wp\/v2\/types\/post"}],"author":[{"embeddable":true,"href":"https:\/\/www.ars-pohlheim.net\/index.php?rest_route=\/wp\/v2\/users\/15"}],"replies":[{"embeddable":true,"href":"https:\/\/www.ars-pohlheim.net\/index.php?rest_route=%2Fwp%2Fv2%2Fcomments&post=11394"}],"version-history":[{"count":2,"href":"https:\/\/www.ars-pohlheim.net\/index.php?rest_route=\/wp\/v2\/posts\/11394\/revisions"}],"predecessor-version":[{"id":11399,"href":"https:\/\/www.ars-pohlheim.net\/index.php?rest_route=\/wp\/v2\/posts\/11394\/revisions\/11399"}],"wp:attachment":[{"href":"https:\/\/www.ars-pohlheim.net\/index.php?rest_route=%2Fwp%2Fv2%2Fmedia&parent=11394"}],"wp:term":[{"taxonomy":"category","embeddable":true,"href":"https:\/\/www.ars-pohlheim.net\/index.php?rest_route=%2Fwp%2Fv2%2Fcategories&post=11394"},{"taxonomy":"post_tag","embeddable":true,"href":"https:\/\/www.ars-pohlheim.net\/index.php?rest_route=%2Fwp%2Fv2%2Ftags&post=11394"}],"curies":[{"name":"wp","href":"https:\/\/api.w.org\/{rel}","templated":true}]}}