{"id":11388,"date":"2024-02-15T09:38:54","date_gmt":"2024-02-15T08:38:54","guid":{"rendered":"https:\/\/www.ars-pohlheim.net\/?p=11388"},"modified":"2024-02-15T10:00:58","modified_gmt":"2024-02-15T09:00:58","slug":"stolpersteinbegehung-am-26-januar","status":"publish","type":"post","link":"https:\/\/www.ars-pohlheim.net\/?p=11388","title":{"rendered":"Stolpersteinbegehung am 26. Januar"},"content":{"rendered":"\n<p>Anl\u00e4sslich des Holocaustgedenktages hat der Fachbereich Gesellschaftslehre in Kooperation mit dem Verein \u201eStolpersteine Pohlheim e.V.\u201c in diesem Jahr an den am 17.12.2023 verstorbenen Zeitzeugen und Holocaust\u00fcberlebenden Werner Siegbert Katz erinnert und die Stolpersteine der Familie Katz am Kreuzplatz 3 in Watzenborn-Steinberg begangen. Werner Katz war der letzte \u00dcberlebende der Shoah aus Watzenborn.<\/p>\n\n\n\n<p>Die Begehung fand am Freitag, dem 26. Januar 2024 in zwei Gruppen statt. <\/p>\n\n\n\n<figure class=\"wp-block-gallery columns-3 is-cropped\"><ul class=\"blocks-gallery-grid\"><li class=\"blocks-gallery-item\"><figure><img loading=\"lazy\" width=\"1024\" height=\"781\" src=\"http:\/\/www.ars-pohlheim.net\/wp-content\/uploads\/2024\/02\/DSC_4027-Kreuzplatz-01-1024x781.jpg\" alt=\"\" data-id=\"11385\" data-full-url=\"http:\/\/www.ars-pohlheim.net\/wp-content\/uploads\/2024\/02\/DSC_4027-Kreuzplatz-01-scaled.jpg\" data-link=\"https:\/\/www.ars-pohlheim.net\/?attachment_id=11385\" class=\"wp-image-11385\" srcset=\"https:\/\/www.ars-pohlheim.net\/wp-content\/uploads\/2024\/02\/DSC_4027-Kreuzplatz-01-1024x781.jpg 1024w, https:\/\/www.ars-pohlheim.net\/wp-content\/uploads\/2024\/02\/DSC_4027-Kreuzplatz-01-300x229.jpg 300w, https:\/\/www.ars-pohlheim.net\/wp-content\/uploads\/2024\/02\/DSC_4027-Kreuzplatz-01-768x586.jpg 768w, https:\/\/www.ars-pohlheim.net\/wp-content\/uploads\/2024\/02\/DSC_4027-Kreuzplatz-01-1536x1172.jpg 1536w, https:\/\/www.ars-pohlheim.net\/wp-content\/uploads\/2024\/02\/DSC_4027-Kreuzplatz-01-2048x1562.jpg 2048w\" sizes=\"(max-width: 1024px) 100vw, 1024px\" \/><\/figure><\/li><li class=\"blocks-gallery-item\"><figure><img loading=\"lazy\" width=\"1024\" height=\"683\" src=\"http:\/\/www.ars-pohlheim.net\/wp-content\/uploads\/2024\/02\/DSC_4033-Simone-van-Slobbe-1024x683.jpg\" alt=\"\" data-id=\"11384\" data-full-url=\"http:\/\/www.ars-pohlheim.net\/wp-content\/uploads\/2024\/02\/DSC_4033-Simone-van-Slobbe-scaled.jpg\" data-link=\"https:\/\/www.ars-pohlheim.net\/?attachment_id=11384\" class=\"wp-image-11384\" srcset=\"https:\/\/www.ars-pohlheim.net\/wp-content\/uploads\/2024\/02\/DSC_4033-Simone-van-Slobbe-1024x683.jpg 1024w, https:\/\/www.ars-pohlheim.net\/wp-content\/uploads\/2024\/02\/DSC_4033-Simone-van-Slobbe-300x200.jpg 300w, https:\/\/www.ars-pohlheim.net\/wp-content\/uploads\/2024\/02\/DSC_4033-Simone-van-Slobbe-768x512.jpg 768w, https:\/\/www.ars-pohlheim.net\/wp-content\/uploads\/2024\/02\/DSC_4033-Simone-van-Slobbe-1536x1024.jpg 1536w, https:\/\/www.ars-pohlheim.net\/wp-content\/uploads\/2024\/02\/DSC_4033-Simone-van-Slobbe-2048x1365.jpg 2048w\" sizes=\"(max-width: 1024px) 100vw, 1024px\" \/><\/figure><\/li><li class=\"blocks-gallery-item\"><figure><img loading=\"lazy\" width=\"1024\" height=\"773\" src=\"http:\/\/www.ars-pohlheim.net\/wp-content\/uploads\/2024\/02\/DSC_4031-Stolpersteine-Kreuzplatz-1024x773.jpg\" alt=\"\" data-id=\"11383\" data-full-url=\"http:\/\/www.ars-pohlheim.net\/wp-content\/uploads\/2024\/02\/DSC_4031-Stolpersteine-Kreuzplatz-scaled.jpg\" data-link=\"https:\/\/www.ars-pohlheim.net\/?attachment_id=11383\" class=\"wp-image-11383\" srcset=\"https:\/\/www.ars-pohlheim.net\/wp-content\/uploads\/2024\/02\/DSC_4031-Stolpersteine-Kreuzplatz-1024x773.jpg 1024w, https:\/\/www.ars-pohlheim.net\/wp-content\/uploads\/2024\/02\/DSC_4031-Stolpersteine-Kreuzplatz-300x226.jpg 300w, https:\/\/www.ars-pohlheim.net\/wp-content\/uploads\/2024\/02\/DSC_4031-Stolpersteine-Kreuzplatz-768x580.jpg 768w, https:\/\/www.ars-pohlheim.net\/wp-content\/uploads\/2024\/02\/DSC_4031-Stolpersteine-Kreuzplatz-1536x1159.jpg 1536w, https:\/\/www.ars-pohlheim.net\/wp-content\/uploads\/2024\/02\/DSC_4031-Stolpersteine-Kreuzplatz-2048x1546.jpg 2048w\" sizes=\"(max-width: 1024px) 100vw, 1024px\" \/><figcaption class=\"blocks-gallery-item__caption\">Bilder: van Slobbe<\/figcaption><\/figure><\/li><\/ul><\/figure>\n\n\n\n<p>Es wurde aus der Trauerrede der Tochter von Werner Siegbert Katz und den von ihm selbst verfassten Aufsatz &#8222;Die Porzellanteekanne&#8220; vorgelesen. Neben den Sch\u00fclerinnen und Sch\u00fclern der ARS waren alle B\u00fcrgerinnen und B\u00fcrger aus Pohlheim zu dieser gemeinsamen Begehung eingeladen. Aufgrund der ung\u00fcnstigen Wetterverh\u00e4ltnisse wurden Teile der Veranstaltung in die R\u00e4umlichkeiten der ARS verlegt.<\/p>\n\n\n\n<figure class=\"wp-block-gallery columns-3 is-cropped\"><ul class=\"blocks-gallery-grid\"><li class=\"blocks-gallery-item\"><figure><img loading=\"lazy\" width=\"1024\" height=\"683\" src=\"http:\/\/www.ars-pohlheim.net\/wp-content\/uploads\/2024\/02\/DSC_4038-Gruppe-01-Petra-Bruell-1024x683.jpg\" alt=\"\" data-id=\"11381\" data-full-url=\"http:\/\/www.ars-pohlheim.net\/wp-content\/uploads\/2024\/02\/DSC_4038-Gruppe-01-Petra-Bruell-scaled.jpg\" data-link=\"https:\/\/www.ars-pohlheim.net\/?attachment_id=11381\" class=\"wp-image-11381\" srcset=\"https:\/\/www.ars-pohlheim.net\/wp-content\/uploads\/2024\/02\/DSC_4038-Gruppe-01-Petra-Bruell-1024x683.jpg 1024w, https:\/\/www.ars-pohlheim.net\/wp-content\/uploads\/2024\/02\/DSC_4038-Gruppe-01-Petra-Bruell-300x200.jpg 300w, https:\/\/www.ars-pohlheim.net\/wp-content\/uploads\/2024\/02\/DSC_4038-Gruppe-01-Petra-Bruell-768x512.jpg 768w, https:\/\/www.ars-pohlheim.net\/wp-content\/uploads\/2024\/02\/DSC_4038-Gruppe-01-Petra-Bruell-1536x1024.jpg 1536w, https:\/\/www.ars-pohlheim.net\/wp-content\/uploads\/2024\/02\/DSC_4038-Gruppe-01-Petra-Bruell-2048x1365.jpg 2048w\" sizes=\"(max-width: 1024px) 100vw, 1024px\" \/><\/figure><\/li><li class=\"blocks-gallery-item\"><figure><img loading=\"lazy\" width=\"1024\" height=\"602\" src=\"http:\/\/www.ars-pohlheim.net\/wp-content\/uploads\/2024\/02\/DSC_4035-Gruppe-01-1024x602.jpg\" alt=\"\" data-id=\"11382\" data-full-url=\"http:\/\/www.ars-pohlheim.net\/wp-content\/uploads\/2024\/02\/DSC_4035-Gruppe-01-scaled.jpg\" data-link=\"https:\/\/www.ars-pohlheim.net\/?attachment_id=11382\" class=\"wp-image-11382\" srcset=\"https:\/\/www.ars-pohlheim.net\/wp-content\/uploads\/2024\/02\/DSC_4035-Gruppe-01-1024x602.jpg 1024w, https:\/\/www.ars-pohlheim.net\/wp-content\/uploads\/2024\/02\/DSC_4035-Gruppe-01-300x176.jpg 300w, https:\/\/www.ars-pohlheim.net\/wp-content\/uploads\/2024\/02\/DSC_4035-Gruppe-01-768x451.jpg 768w, https:\/\/www.ars-pohlheim.net\/wp-content\/uploads\/2024\/02\/DSC_4035-Gruppe-01-1536x903.jpg 1536w, https:\/\/www.ars-pohlheim.net\/wp-content\/uploads\/2024\/02\/DSC_4035-Gruppe-01-2048x1204.jpg 2048w\" sizes=\"(max-width: 1024px) 100vw, 1024px\" \/><\/figure><\/li><li class=\"blocks-gallery-item\"><figure><img loading=\"lazy\" width=\"1024\" height=\"599\" src=\"http:\/\/www.ars-pohlheim.net\/wp-content\/uploads\/2024\/02\/DSC_4043-Gruppe-02-1024x599.jpg\" alt=\"\" data-id=\"11380\" data-full-url=\"http:\/\/www.ars-pohlheim.net\/wp-content\/uploads\/2024\/02\/DSC_4043-Gruppe-02-scaled.jpg\" data-link=\"https:\/\/www.ars-pohlheim.net\/?attachment_id=11380\" class=\"wp-image-11380\" srcset=\"https:\/\/www.ars-pohlheim.net\/wp-content\/uploads\/2024\/02\/DSC_4043-Gruppe-02-1024x599.jpg 1024w, https:\/\/www.ars-pohlheim.net\/wp-content\/uploads\/2024\/02\/DSC_4043-Gruppe-02-300x175.jpg 300w, https:\/\/www.ars-pohlheim.net\/wp-content\/uploads\/2024\/02\/DSC_4043-Gruppe-02-768x449.jpg 768w, https:\/\/www.ars-pohlheim.net\/wp-content\/uploads\/2024\/02\/DSC_4043-Gruppe-02-1536x899.jpg 1536w, https:\/\/www.ars-pohlheim.net\/wp-content\/uploads\/2024\/02\/DSC_4043-Gruppe-02-2048x1198.jpg 2048w\" sizes=\"(max-width: 1024px) 100vw, 1024px\" \/><figcaption class=\"blocks-gallery-item__caption\">Bilder: van Slobbe<\/figcaption><\/figure><\/li><\/ul><\/figure>\n\n\n\n<p>Werner Katz war sieben Jahre alt, als er seine Heimat verlassen musste. Er und sein Bruder sind mit einem Kindertransport in die Niederlande geflohen und von dort aus weiter nach Gro\u00dfbritannien, um sp\u00e4ter in die USA zu gelangen. W\u00e4hrend sie ihr Leben retten konnten, kamen die Eltern in Treblinka ums Leben.<\/p>\n\n\n\n<p>> <a rel=\"noreferrer noopener\" href=\"https:\/\/www.giessener-allgemeine.de\/kreis-giessen\/pohlheim-ort848776\/herr-katz-und-die-porzellankanne-92794575.html\" target=\"_blank\"><em> Herr Katz und die Porzellankanne<\/em> (Gie\u00dfener Allgemeine, 24.01.24)<\/a><\/p>\n\n\n\n<p>Alle Anwesenden waren sehr bewegt und bekr\u00e4ftigten, dass es in Anbetracht der j\u00fcngsten Ereignisse von entscheidender Bedeutung sei, dass diese Erinnerungen wachgehalten und weitererz\u00e4hlt werden, damit sich die Vergangenheit nicht wiederholt und gegen Rassismus und Antisemitismus ein Zeichen gesetzt wird.<\/p>\n\n\n\n<p>Filiz Bulut<\/p>\n\n\n\n<p><\/p>\n","protected":false},"excerpt":{"rendered":"<p>Anl\u00e4sslich des Holocaustgedenktages hat der Fachbereich Gesellschaftslehre in Kooperation mit dem Verein \u201eStolpersteine Pohlheim e.V.\u201c in diesem Jahr an den am 17.12.2023 verstorbenen Zeitzeugen und Holocaust\u00fcberlebenden Werner Siegbert Katz erinnert und die Stolpersteine der Familie Katz am Kreuzplatz 3 in Watzenborn-Steinberg begangen. Werner Katz war der letzte \u00dcberlebende der Shoah aus Watzenborn. Die Begehung fand &hellip; <a href=\"https:\/\/www.ars-pohlheim.net\/?p=11388\" class=\"more-link\"><span class=\"screen-reader-text\">Stolpersteinbegehung am 26. Januar<\/span> weiterlesen <span class=\"meta-nav\">&rarr;<\/span><\/a><\/p>\n","protected":false},"author":15,"featured_media":0,"comment_status":"closed","ping_status":"closed","sticky":false,"template":"","format":"standard","meta":{"ngg_post_thumbnail":0},"categories":[1],"tags":[],"_links":{"self":[{"href":"https:\/\/www.ars-pohlheim.net\/index.php?rest_route=\/wp\/v2\/posts\/11388"}],"collection":[{"href":"https:\/\/www.ars-pohlheim.net\/index.php?rest_route=\/wp\/v2\/posts"}],"about":[{"href":"https:\/\/www.ars-pohlheim.net\/index.php?rest_route=\/wp\/v2\/types\/post"}],"author":[{"embeddable":true,"href":"https:\/\/www.ars-pohlheim.net\/index.php?rest_route=\/wp\/v2\/users\/15"}],"replies":[{"embeddable":true,"href":"https:\/\/www.ars-pohlheim.net\/index.php?rest_route=%2Fwp%2Fv2%2Fcomments&post=11388"}],"version-history":[{"count":4,"href":"https:\/\/www.ars-pohlheim.net\/index.php?rest_route=\/wp\/v2\/posts\/11388\/revisions"}],"predecessor-version":[{"id":11393,"href":"https:\/\/www.ars-pohlheim.net\/index.php?rest_route=\/wp\/v2\/posts\/11388\/revisions\/11393"}],"wp:attachment":[{"href":"https:\/\/www.ars-pohlheim.net\/index.php?rest_route=%2Fwp%2Fv2%2Fmedia&parent=11388"}],"wp:term":[{"taxonomy":"category","embeddable":true,"href":"https:\/\/www.ars-pohlheim.net\/index.php?rest_route=%2Fwp%2Fv2%2Fcategories&post=11388"},{"taxonomy":"post_tag","embeddable":true,"href":"https:\/\/www.ars-pohlheim.net\/index.php?rest_route=%2Fwp%2Fv2%2Ftags&post=11388"}],"curies":[{"name":"wp","href":"https:\/\/api.w.org\/{rel}","templated":true}]}}