{"id":11318,"date":"2024-01-17T18:21:39","date_gmt":"2024-01-17T17:21:39","guid":{"rendered":"https:\/\/www.ars-pohlheim.net\/?p=11318"},"modified":"2024-01-17T18:23:56","modified_gmt":"2024-01-17T17:23:56","slug":"kein-praesenzunterricht-am-18-januar","status":"publish","type":"post","link":"https:\/\/www.ars-pohlheim.net\/?p=11318","title":{"rendered":"Kein Pr\u00e4senzunterricht am 18. Januar"},"content":{"rendered":"\n<p>Liebe Eltern,<br><br>durch das Staatliche Schulamt wurde heute mitgeteilt,  dass die Pr\u00e4senzpflicht f\u00fcr den 18. Januar aufgrund der aktuellen Wetterlage ausgesetzt wurde. <br><br>Aus diesem Grund findet der Pr\u00e4senzunterricht morgen nicht statt. Stattdessen haben wir uns an der ARS morgen f\u00fcr einen\u00a0<br><span style=\"color:#ac0904\" class=\"has-inline-color\"><strong>Distanzunterricht f\u00fcr alle<\/strong><\/span> entschieden. <br><br>Einzig Sch\u00fclerinnen und Sch\u00fcler aus den <span style=\"color:#a60c04\" class=\"has-inline-color\">Jahrg\u00e4ngen 5 und 6<\/span> k\u00f6nnen zur <span style=\"color:#a70303\" class=\"has-inline-color\">Notbetreuung<\/span> in die Schule kommen. <\/p>\n\n\n\n<p>Der Unterricht wird nach dem normalen Stundenplan f\u00fcr den Donnerstag stattfinden. Die Lehrkr\u00e4fte werden sich z\u00fcgig mit ihren Lerngruppen in Verbindung zu setzen, um zu kl\u00e4ren wie die Ausgestaltung gedacht ist: Videokonferenzen, Treffen im Messenger, Nutzung des Aufgabenmoduls etc.<\/p>\n\n\n\n<p>Bitte unterst\u00fctzen Sie Ihre Kinder dahingehend, dass Sie sie motivieren und eventuell technische Unterst\u00fctzung leisten.  Vielen Dank vorab!<br><br>Wir hoffen, dass wir dann am Freitag wieder zu einem normalen Unterrichtsgeschehen \u00fcbergehen k\u00f6nnen.<\/p>\n\n\n\n<p>Petra Br\u00fcll<\/p>\n","protected":false},"excerpt":{"rendered":"<p>Liebe Eltern, durch das Staatliche Schulamt wurde heute mitgeteilt, dass die Pr\u00e4senzpflicht f\u00fcr den 18. Januar aufgrund der aktuellen Wetterlage ausgesetzt wurde. Aus diesem Grund findet der Pr\u00e4senzunterricht morgen nicht statt. Stattdessen haben wir uns an der ARS morgen f\u00fcr einen\u00a0Distanzunterricht f\u00fcr alle entschieden. Einzig Sch\u00fclerinnen und Sch\u00fcler aus den Jahrg\u00e4ngen 5 und 6 k\u00f6nnen &hellip; <a href=\"https:\/\/www.ars-pohlheim.net\/?p=11318\" class=\"more-link\"><span class=\"screen-reader-text\">Kein Pr\u00e4senzunterricht am 18. Januar<\/span> weiterlesen <span class=\"meta-nav\">&rarr;<\/span><\/a><\/p>\n","protected":false},"author":15,"featured_media":0,"comment_status":"closed","ping_status":"closed","sticky":false,"template":"","format":"standard","meta":{"ngg_post_thumbnail":0},"categories":[1],"tags":[],"_links":{"self":[{"href":"https:\/\/www.ars-pohlheim.net\/index.php?rest_route=\/wp\/v2\/posts\/11318"}],"collection":[{"href":"https:\/\/www.ars-pohlheim.net\/index.php?rest_route=\/wp\/v2\/posts"}],"about":[{"href":"https:\/\/www.ars-pohlheim.net\/index.php?rest_route=\/wp\/v2\/types\/post"}],"author":[{"embeddable":true,"href":"https:\/\/www.ars-pohlheim.net\/index.php?rest_route=\/wp\/v2\/users\/15"}],"replies":[{"embeddable":true,"href":"https:\/\/www.ars-pohlheim.net\/index.php?rest_route=%2Fwp%2Fv2%2Fcomments&post=11318"}],"version-history":[{"count":3,"href":"https:\/\/www.ars-pohlheim.net\/index.php?rest_route=\/wp\/v2\/posts\/11318\/revisions"}],"predecessor-version":[{"id":11322,"href":"https:\/\/www.ars-pohlheim.net\/index.php?rest_route=\/wp\/v2\/posts\/11318\/revisions\/11322"}],"wp:attachment":[{"href":"https:\/\/www.ars-pohlheim.net\/index.php?rest_route=%2Fwp%2Fv2%2Fmedia&parent=11318"}],"wp:term":[{"taxonomy":"category","embeddable":true,"href":"https:\/\/www.ars-pohlheim.net\/index.php?rest_route=%2Fwp%2Fv2%2Fcategories&post=11318"},{"taxonomy":"post_tag","embeddable":true,"href":"https:\/\/www.ars-pohlheim.net\/index.php?rest_route=%2Fwp%2Fv2%2Ftags&post=11318"}],"curies":[{"name":"wp","href":"https:\/\/api.w.org\/{rel}","templated":true}]}}