{"id":11233,"date":"2023-12-09T14:25:53","date_gmt":"2023-12-09T13:25:53","guid":{"rendered":"https:\/\/www.ars-pohlheim.net\/?p=11233"},"modified":"2023-12-09T14:25:54","modified_gmt":"2023-12-09T13:25:54","slug":"sara-dedic-gewinnt-den-vorlesewettbewerb","status":"publish","type":"post","link":"https:\/\/www.ars-pohlheim.net\/?p=11233","title":{"rendered":"Sara Dedic gewinnt den Vorlesewettbewerb"},"content":{"rendered":"\n<h1>Vorlesewettbewerb 2023<\/h1>\n\n\n\n<p>Wie es schon seit Jahrzehnten Tradition ist, so wurde auch in diesem Jahr der Vorlesewettbewerb durchgef\u00fchrt \u2013 das Finale fand am 07.12.2023 in der Aula statt, wobei die Klassensieger von ihren Mitsch\u00fclern lautstark unterst\u00fctzt wurden.<\/p>\n\n\n\n<p>Die Sch\u00fclerinnen und Sch\u00fcler des Jahrgangs 6 hatten zun\u00e4chst in Vorausscheidungen die Klassenbesten ermittelt, die nun um den Sieg lasen. Per Los bestimmte die Jury zun\u00e4chst die Reihenfolge, in der gelesen werden sollte.<\/p>\n\n\n\n<p>Alle Teilnehmer hatten interessante Textstellen ausgew\u00e4hlt und verstanden es, die Zuh\u00f6rer zu fesseln.<\/p>\n\n\n\n<figure class=\"wp-block-image size-large is-resized is-style-default\"><img loading=\"lazy\" src=\"https:\/\/www.ars-pohlheim.net\/wp-content\/uploads\/2023\/12\/Vorlesewettbewerb-2023b-1024x628.jpg\" alt=\"\" class=\"wp-image-11237\" width=\"799\" height=\"490\" srcset=\"https:\/\/www.ars-pohlheim.net\/wp-content\/uploads\/2023\/12\/Vorlesewettbewerb-2023b-1024x628.jpg 1024w, https:\/\/www.ars-pohlheim.net\/wp-content\/uploads\/2023\/12\/Vorlesewettbewerb-2023b-300x184.jpg 300w, https:\/\/www.ars-pohlheim.net\/wp-content\/uploads\/2023\/12\/Vorlesewettbewerb-2023b-768x471.jpg 768w, https:\/\/www.ars-pohlheim.net\/wp-content\/uploads\/2023\/12\/Vorlesewettbewerb-2023b-1536x941.jpg 1536w, https:\/\/www.ars-pohlheim.net\/wp-content\/uploads\/2023\/12\/Vorlesewettbewerb-2023b-2048x1255.jpg 2048w\" sizes=\"(max-width: 799px) 100vw, 799px\" \/><figcaption>Klassensieger des Vorlesewettbewerbs<\/figcaption><\/figure>\n\n\n\n<p>Wie immer war die Bandbreite der vorgestellten B\u00fccher gro\u00df, sowohl Klassiker als auch eher Ausgefallenes erfreuten das Publikum, denn Melesa Asia und Chelsea Can (6a), <a><span class=\"has-inline-color has-black-color\">Sarah Kramer und Elias Thielmann<\/span> <\/a>(6b), Sara Dedic und Lebita Yacoub (6c) sowie Ben Hofmann und Levi G\u00f6rzen (6d) gaben ihr Bestes. Im Anschluss an die individuellen Vortr\u00e4ge mussten die Sch\u00fclerinnen und Sch\u00fcler dann jeweils noch einen Abschnitt aus einem vorher nicht bekannten Buch vorlesen.<\/p>\n\n\n\n<p>Es war eine knappe Entscheidung, doch zum Schluss war sich die Jury einig: Die Vorjahressiegerin Charlotte Vogel sowie die Deutschlehrerinnen Antonia D\u00f6ring, Alina Herrmann, Beate Witt und Almut Peters gaben Sara Dedic, die aus der zweiten Staffel der \u201eWarrior Cats\u201c von Erin Hunter gelesen hatte, die meisten Punkte.<\/p>\n\n\n\n<p>Abschlie\u00dfend erhielten alle Klassensieger je eine Urkunde und einen vom F\u00f6rderverein finanzierten Buchgutschein. Sara wird somit die ARS im Februar beim Regionalentscheid vertreten, wof\u00fcr wir ihr fest die Daumen dr\u00fccken.<\/p>\n","protected":false},"excerpt":{"rendered":"<p>Vorlesewettbewerb 2023 Wie es schon seit Jahrzehnten Tradition ist, so wurde auch in diesem Jahr der Vorlesewettbewerb durchgef\u00fchrt \u2013 das Finale fand am 07.12.2023 in der Aula statt, wobei die Klassensieger von ihren Mitsch\u00fclern lautstark unterst\u00fctzt wurden. Die Sch\u00fclerinnen und Sch\u00fcler des Jahrgangs 6 hatten zun\u00e4chst in Vorausscheidungen die Klassenbesten ermittelt, die nun um den &hellip; <a href=\"https:\/\/www.ars-pohlheim.net\/?p=11233\" class=\"more-link\"><span class=\"screen-reader-text\">Sara Dedic gewinnt den Vorlesewettbewerb<\/span> weiterlesen <span class=\"meta-nav\">&rarr;<\/span><\/a><\/p>\n","protected":false},"author":15,"featured_media":0,"comment_status":"closed","ping_status":"closed","sticky":false,"template":"","format":"standard","meta":{"ngg_post_thumbnail":0},"categories":[1],"tags":[],"_links":{"self":[{"href":"https:\/\/www.ars-pohlheim.net\/index.php?rest_route=\/wp\/v2\/posts\/11233"}],"collection":[{"href":"https:\/\/www.ars-pohlheim.net\/index.php?rest_route=\/wp\/v2\/posts"}],"about":[{"href":"https:\/\/www.ars-pohlheim.net\/index.php?rest_route=\/wp\/v2\/types\/post"}],"author":[{"embeddable":true,"href":"https:\/\/www.ars-pohlheim.net\/index.php?rest_route=\/wp\/v2\/users\/15"}],"replies":[{"embeddable":true,"href":"https:\/\/www.ars-pohlheim.net\/index.php?rest_route=%2Fwp%2Fv2%2Fcomments&post=11233"}],"version-history":[{"count":3,"href":"https:\/\/www.ars-pohlheim.net\/index.php?rest_route=\/wp\/v2\/posts\/11233\/revisions"}],"predecessor-version":[{"id":11239,"href":"https:\/\/www.ars-pohlheim.net\/index.php?rest_route=\/wp\/v2\/posts\/11233\/revisions\/11239"}],"wp:attachment":[{"href":"https:\/\/www.ars-pohlheim.net\/index.php?rest_route=%2Fwp%2Fv2%2Fmedia&parent=11233"}],"wp:term":[{"taxonomy":"category","embeddable":true,"href":"https:\/\/www.ars-pohlheim.net\/index.php?rest_route=%2Fwp%2Fv2%2Fcategories&post=11233"},{"taxonomy":"post_tag","embeddable":true,"href":"https:\/\/www.ars-pohlheim.net\/index.php?rest_route=%2Fwp%2Fv2%2Ftags&post=11233"}],"curies":[{"name":"wp","href":"https:\/\/api.w.org\/{rel}","templated":true}]}}