{"id":1118,"date":"2013-10-06T13:51:43","date_gmt":"2013-10-06T11:51:43","guid":{"rendered":"http:\/\/www.ars-pohlheim.net\/?p=1118"},"modified":"2013-10-06T14:05:34","modified_gmt":"2013-10-06T12:05:34","slug":"mit-mulsum-onager-und-hydraulos","status":"publish","type":"post","link":"https:\/\/www.ars-pohlheim.net\/?p=1118","title":{"rendered":"Mit mulsum, onager und hydraulos"},"content":{"rendered":"<h4>ARS bei Pohlheimer Limeswanderung dabei<\/h4>\n<p>&nbsp;<\/p>\n<p>Auch in diesem Jahr waren Sch\u00fclerinnen, Sch\u00fcler (vornehmlich kost\u00fcmierte Lateiner) und Lehrerkr\u00e4fte wieder vor Ort, als es hie\u00df: \u201eAuf zur Limeswanderung!\u201c<\/p>\n<p style=\"text-align: left;\">Bei Bilderbuchwetter und Rekordbesucherzahl hatte die ARS in guter Tradition wieder eine Ausstellung zur R\u00f6merzeit \u00a0in der Stadtverwaltung aufgebaut.<!--more--><\/p>\n<figure id=\"attachment_1119\" aria-describedby=\"caption-attachment-1119\" style=\"width: 300px\" class=\"wp-caption aligncenter\"><a href=\"http:\/\/www.ars-pohlheim.net\/wp-content\/uploads\/2013\/10\/Kulinarisches.jpg\"><img loading=\"lazy\" class=\"size-medium wp-image-1119\" alt=\"Kulinarisches nach r\u00f6mischer Rezeptur\" src=\"http:\/\/www.ars-pohlheim.net\/wp-content\/uploads\/2013\/10\/Kulinarisches-300x281.jpg\" width=\"300\" height=\"281\" srcset=\"https:\/\/www.ars-pohlheim.net\/wp-content\/uploads\/2013\/10\/Kulinarisches-300x281.jpg 300w, https:\/\/www.ars-pohlheim.net\/wp-content\/uploads\/2013\/10\/Kulinarisches.jpg 640w\" sizes=\"(max-width: 300px) 100vw, 300px\" \/><\/a><figcaption id=\"caption-attachment-1119\" class=\"wp-caption-text\">Kulinarisches nach r\u00f6mischer Rezeptur<\/figcaption><\/figure>\n<p><!--more--><!--more--><\/p>\n<p>Lateinlehrerin Jessica Walter hatte gemeinsam mit einigen ihrer <i>discipuli<\/i> des 7. Und 8. Jahrgangs, einer Kollegin aus der Wetterau, Kollege Gerd Sennhenn und Schulleiter Norbert Kissel einiges zur Technik des Altertums zusammengetragen.<!--more--><\/p>\n<figure id=\"attachment_1120\" aria-describedby=\"caption-attachment-1120\" style=\"width: 236px\" class=\"wp-caption aligncenter\"><a href=\"http:\/\/www.ars-pohlheim.net\/wp-content\/uploads\/2013\/10\/Hydraulos.jpg\"><img loading=\"lazy\" class=\"size-medium wp-image-1120 \" alt=\"An der Wasserorgel\" src=\"http:\/\/www.ars-pohlheim.net\/wp-content\/uploads\/2013\/10\/Hydraulos-236x300.jpg\" width=\"236\" height=\"300\" srcset=\"https:\/\/www.ars-pohlheim.net\/wp-content\/uploads\/2013\/10\/Hydraulos-236x300.jpg 236w, https:\/\/www.ars-pohlheim.net\/wp-content\/uploads\/2013\/10\/Hydraulos.jpg 600w\" sizes=\"(max-width: 236px) 100vw, 236px\" \/><\/a><figcaption id=\"caption-attachment-1120\" class=\"wp-caption-text\">An der Wasserorgel<\/figcaption><\/figure>\n<p>W\u00e4hrend die Besucher drau\u00dfen vor dem Geb\u00e4ude der Stadtverwaltung mit allerlei Leckerem aus r\u00f6mischen Rezeptb\u00fcchern, mit scharfen Fischso\u00dfen und edlem <i>mulsum<\/i> (Gew\u00fcrzwein) verw\u00f6hnt wurden, ging es gleich am Eingang musikalisch zu und zwar mit der Darstellung einer r\u00f6mischen Wasserorgel (<i>hyraulos), <\/i>deren Funktionsweise in Bild und Modell erl\u00e4utert wurde<i>.<\/i><\/p>\n<p><i>\u00a0<\/i><\/p>\n<figure id=\"attachment_1126\" aria-describedby=\"caption-attachment-1126\" style=\"width: 300px\" class=\"wp-caption aligncenter\"><a href=\"http:\/\/www.ars-pohlheim.net\/wp-content\/uploads\/2013\/10\/R\u00f6mische-Artstokraten.jpg\"><img loading=\"lazy\" class=\"size-medium wp-image-1126\" alt=\"R\u00f6mische Artstokraten\" src=\"http:\/\/www.ars-pohlheim.net\/wp-content\/uploads\/2013\/10\/R\u00f6mische-Artstokraten-300x226.jpg\" width=\"300\" height=\"226\" srcset=\"https:\/\/www.ars-pohlheim.net\/wp-content\/uploads\/2013\/10\/R\u00f6mische-Artstokraten-300x226.jpg 300w, https:\/\/www.ars-pohlheim.net\/wp-content\/uploads\/2013\/10\/R\u00f6mische-Artstokraten.jpg 793w\" sizes=\"(max-width: 300px) 100vw, 300px\" \/><\/a><figcaption id=\"caption-attachment-1126\" class=\"wp-caption-text\">R\u00f6mische Artstokraten<\/figcaption><\/figure>\n<figure id=\"attachment_1125\" aria-describedby=\"caption-attachment-1125\" style=\"width: 218px\" class=\"wp-caption aligncenter\"><a href=\"http:\/\/www.ars-pohlheim.net\/wp-content\/uploads\/2013\/10\/Am-Katapult.jpg\"><img loading=\"lazy\" class=\"size-medium wp-image-1125 \" alt=\"Am Katapult\" src=\"http:\/\/www.ars-pohlheim.net\/wp-content\/uploads\/2013\/10\/Am-Katapult-218x300.jpg\" width=\"218\" height=\"300\" srcset=\"https:\/\/www.ars-pohlheim.net\/wp-content\/uploads\/2013\/10\/Am-Katapult-218x300.jpg 218w, https:\/\/www.ars-pohlheim.net\/wp-content\/uploads\/2013\/10\/Am-Katapult.jpg 600w\" sizes=\"(max-width: 218px) 100vw, 218px\" \/><\/a><figcaption id=\"caption-attachment-1125\" class=\"wp-caption-text\">Am Katapult<\/figcaption><\/figure>\n<p style=\"text-align: left;\">Nicht ganz ungef\u00e4hrlich wurde es dann im Inneren des Geb\u00e4udes: Dort hatte Gerd Sennhenn inmitten von Modellen, Repliken und Bildern mit einem selbstgebauten \u201eOnager\u201c, einem sp\u00e4tantiken Katapult, Stellung bezogen. Mit R\u00fccksicht auf das Inventar des Rathauses wurden jedoch keine Brands\u00e4tze oder Mauerbrecher verschossen, sondern nur kleine, barbarenfreundliche Sands\u00e4ckchen.<\/p>\n<p>&nbsp;<\/p>\n<figure id=\"attachment_1128\" aria-describedby=\"caption-attachment-1128\" style=\"width: 209px\" class=\"wp-caption aligncenter\"><a href=\"http:\/\/www.ars-pohlheim.net\/wp-content\/uploads\/2013\/10\/r\u00f6mische-gratiae.jpg\"><img loading=\"lazy\" class=\"size-medium wp-image-1128\" alt=\"&quot;gratiae&quot;\" src=\"http:\/\/www.ars-pohlheim.net\/wp-content\/uploads\/2013\/10\/r\u00f6mische-gratiae-209x300.jpg\" width=\"209\" height=\"300\" srcset=\"https:\/\/www.ars-pohlheim.net\/wp-content\/uploads\/2013\/10\/r\u00f6mische-gratiae-209x300.jpg 209w, https:\/\/www.ars-pohlheim.net\/wp-content\/uploads\/2013\/10\/r\u00f6mische-gratiae.jpg 600w\" sizes=\"(max-width: 209px) 100vw, 209px\" \/><\/a><figcaption id=\"caption-attachment-1128\" class=\"wp-caption-text\">&#8222;gratiae&#8220;<\/figcaption><\/figure>\n<p>Auch Lehrerin Sabine Hasselbach war mit ihrer Klasse zum Wandern erschienen. So war die ARS in Station und Weg vertreten und demonstrierte damit auch ihre Verbundenheit mit der Stadt und dem Vorbereitungsteam der Limeswanderung.<\/p>\n","protected":false},"excerpt":{"rendered":"<p>ARS bei Pohlheimer Limeswanderung dabei &nbsp; Auch in diesem Jahr waren Sch\u00fclerinnen, Sch\u00fcler (vornehmlich kost\u00fcmierte Lateiner) und Lehrerkr\u00e4fte wieder vor Ort, als es hie\u00df: \u201eAuf zur Limeswanderung!\u201c Bei Bilderbuchwetter und Rekordbesucherzahl hatte die ARS in guter Tradition wieder eine Ausstellung zur R\u00f6merzeit \u00a0in der Stadtverwaltung aufgebaut.<\/p>\n","protected":false},"author":1,"featured_media":1119,"comment_status":"open","ping_status":"open","sticky":false,"template":"","format":"standard","meta":{"ngg_post_thumbnail":0},"categories":[1],"tags":[],"_links":{"self":[{"href":"https:\/\/www.ars-pohlheim.net\/index.php?rest_route=\/wp\/v2\/posts\/1118"}],"collection":[{"href":"https:\/\/www.ars-pohlheim.net\/index.php?rest_route=\/wp\/v2\/posts"}],"about":[{"href":"https:\/\/www.ars-pohlheim.net\/index.php?rest_route=\/wp\/v2\/types\/post"}],"author":[{"embeddable":true,"href":"https:\/\/www.ars-pohlheim.net\/index.php?rest_route=\/wp\/v2\/users\/1"}],"replies":[{"embeddable":true,"href":"https:\/\/www.ars-pohlheim.net\/index.php?rest_route=%2Fwp%2Fv2%2Fcomments&post=1118"}],"version-history":[{"count":19,"href":"https:\/\/www.ars-pohlheim.net\/index.php?rest_route=\/wp\/v2\/posts\/1118\/revisions"}],"predecessor-version":[{"id":1145,"href":"https:\/\/www.ars-pohlheim.net\/index.php?rest_route=\/wp\/v2\/posts\/1118\/revisions\/1145"}],"wp:featuredmedia":[{"embeddable":true,"href":"https:\/\/www.ars-pohlheim.net\/index.php?rest_route=\/wp\/v2\/media\/1119"}],"wp:attachment":[{"href":"https:\/\/www.ars-pohlheim.net\/index.php?rest_route=%2Fwp%2Fv2%2Fmedia&parent=1118"}],"wp:term":[{"taxonomy":"category","embeddable":true,"href":"https:\/\/www.ars-pohlheim.net\/index.php?rest_route=%2Fwp%2Fv2%2Fcategories&post=1118"},{"taxonomy":"post_tag","embeddable":true,"href":"https:\/\/www.ars-pohlheim.net\/index.php?rest_route=%2Fwp%2Fv2%2Ftags&post=1118"}],"curies":[{"name":"wp","href":"https:\/\/api.w.org\/{rel}","templated":true}]}}