{"id":11160,"date":"2023-11-14T19:06:03","date_gmt":"2023-11-14T18:06:03","guid":{"rendered":"https:\/\/www.ars-pohlheim.net\/?p=11160"},"modified":"2023-11-14T19:06:06","modified_gmt":"2023-11-14T18:06:06","slug":"die-perspektive","status":"publish","type":"post","link":"https:\/\/www.ars-pohlheim.net\/?p=11160","title":{"rendered":"Die Perspektive"},"content":{"rendered":"\n<p><strong>Berufsorientierungsmesse am 22. November<\/strong><\/p>\n\n\n\n<p>Welche Betriebe gibt es in deiner Umgebung? In welcher Firma kannst du dein n\u00e4chstes Praktikum absolvieren? Welche beruflichen Perspektiven hast du nach deiner Schulzeit? Mit diesen und weiteren Fragen kannst du dich auf unserer Berufsorientierungsmesse besch\u00e4ftigen.<\/p>\n\n\n\n<div class=\"wp-block-image\"><figure class=\"aligncenter size-full is-resized\"><a href=\"https:\/\/www.ars-pohlheim.net\/wp-content\/uploads\/2023\/11\/Plakat-Bild.jpg\"><img loading=\"lazy\" src=\"https:\/\/www.ars-pohlheim.net\/wp-content\/uploads\/2023\/11\/Plakat-Bild.jpg\" alt=\"\" class=\"wp-image-11161\" width=\"299\" height=\"422\" srcset=\"https:\/\/www.ars-pohlheim.net\/wp-content\/uploads\/2023\/11\/Plakat-Bild.jpg 591w, https:\/\/www.ars-pohlheim.net\/wp-content\/uploads\/2023\/11\/Plakat-Bild-212x300.jpg 212w\" sizes=\"(max-width: 299px) 100vw, 299px\" \/><\/a><\/figure><\/div>\n\n\n\n<p>Unsere diesj\u00e4hrige \u201cPERSPEKTIVE\u201d, die erstmals von einer Sch\u00fclerfirma des Jahrgangs 9 organisiert wurde, findet am 22. November von 16:00 &#8211; 19:00 Uhr in der Adolf-Reichwein-Schule in Pohlheim statt.<\/p>\n\n\n\n<p>60 Firmen werden vor Ort sein, um ihre Berufsfelder wie z. B. Metallbau, Landwirtschaft und Einzelhandel vorzustellen und dabei unseren Sch\u00fclerinnen und Sch\u00fclern die M\u00f6glichkeit zu geben, sich mit ihrer beruflichen Zukunft auseinanderzusetzen, indem sie sich \u00fcber die mit den unterschiedlichen Berufen verbundenen T\u00e4tigkeiten, die schulischen Voraussetzungen und Erwartungen informieren. Auf diese Weise kannst du ein Bild von vielen verschiedenen Berufen entwickeln.<\/p>\n\n\n\n<p>Alle Sch\u00fclerinnen und Sch\u00fcler der Jahrg\u00e4nge 8-10 sind herzlich dazu eingeladen, sich auf der Perspektive \u00fcber ihre Ausbildung Gedanken zu machen, nach dem n\u00e4chsten Praktikumsplatz zu suchen oder sich \u00fcber Ferienjobs zu informieren.<\/p>\n\n\n\n<p>Unsere Berufsorientierungsmesse stellt eine j\u00e4hrliche Kooperation zwischen der Adolf-Reichwein-Schule und der Dietrich-Bonhoeffer-Schule dar, die wechselweise in Pohlheim und Lich veranstaltet wird. In diesem Jahr freuen wir uns sehr darauf, dich an der ARS begr\u00fc\u00dfen zu d\u00fcrfen.<\/p>\n\n\n\n<p>Neben den vielen informativen St\u00e4nden rund um die Berufswelt ist f\u00fcr das leibliche Wohl bestens gesorgt.<\/p>\n","protected":false},"excerpt":{"rendered":"<p>Berufsorientierungsmesse am 22. November Welche Betriebe gibt es in deiner Umgebung? In welcher Firma kannst du dein n\u00e4chstes Praktikum absolvieren? Welche beruflichen Perspektiven hast du nach deiner Schulzeit? Mit diesen und weiteren Fragen kannst du dich auf unserer Berufsorientierungsmesse besch\u00e4ftigen. Unsere diesj\u00e4hrige \u201cPERSPEKTIVE\u201d, die erstmals von einer Sch\u00fclerfirma des Jahrgangs 9 organisiert wurde, findet am &hellip; <a href=\"https:\/\/www.ars-pohlheim.net\/?p=11160\" class=\"more-link\"><span class=\"screen-reader-text\">Die Perspektive<\/span> weiterlesen <span class=\"meta-nav\">&rarr;<\/span><\/a><\/p>\n","protected":false},"author":15,"featured_media":0,"comment_status":"closed","ping_status":"closed","sticky":false,"template":"","format":"standard","meta":{"ngg_post_thumbnail":0},"categories":[1],"tags":[],"_links":{"self":[{"href":"https:\/\/www.ars-pohlheim.net\/index.php?rest_route=\/wp\/v2\/posts\/11160"}],"collection":[{"href":"https:\/\/www.ars-pohlheim.net\/index.php?rest_route=\/wp\/v2\/posts"}],"about":[{"href":"https:\/\/www.ars-pohlheim.net\/index.php?rest_route=\/wp\/v2\/types\/post"}],"author":[{"embeddable":true,"href":"https:\/\/www.ars-pohlheim.net\/index.php?rest_route=\/wp\/v2\/users\/15"}],"replies":[{"embeddable":true,"href":"https:\/\/www.ars-pohlheim.net\/index.php?rest_route=%2Fwp%2Fv2%2Fcomments&post=11160"}],"version-history":[{"count":2,"href":"https:\/\/www.ars-pohlheim.net\/index.php?rest_route=\/wp\/v2\/posts\/11160\/revisions"}],"predecessor-version":[{"id":11163,"href":"https:\/\/www.ars-pohlheim.net\/index.php?rest_route=\/wp\/v2\/posts\/11160\/revisions\/11163"}],"wp:attachment":[{"href":"https:\/\/www.ars-pohlheim.net\/index.php?rest_route=%2Fwp%2Fv2%2Fmedia&parent=11160"}],"wp:term":[{"taxonomy":"category","embeddable":true,"href":"https:\/\/www.ars-pohlheim.net\/index.php?rest_route=%2Fwp%2Fv2%2Fcategories&post=11160"},{"taxonomy":"post_tag","embeddable":true,"href":"https:\/\/www.ars-pohlheim.net\/index.php?rest_route=%2Fwp%2Fv2%2Ftags&post=11160"}],"curies":[{"name":"wp","href":"https:\/\/api.w.org\/{rel}","templated":true}]}}