{"id":11056,"date":"2023-10-14T17:56:41","date_gmt":"2023-10-14T15:56:41","guid":{"rendered":"https:\/\/www.ars-pohlheim.net\/?p=11056"},"modified":"2023-10-14T17:59:08","modified_gmt":"2023-10-14T15:59:08","slug":"asl-friedel-wallenstein-deportiert-wurde","status":"publish","type":"post","link":"https:\/\/www.ars-pohlheim.net\/?p=11056","title":{"rendered":"Als Friedel Wallenstein deportiert wurde"},"content":{"rendered":"\n<p><strong>Als Friedel Wallenstein deportiert wurde<\/strong><\/p>\n\n\n\n<p>Sch\u00fclerinnen und Sch\u00fcler der ARS besuchen die Gedenkst\u00e4tte Gro\u00dfmarkthalle<\/p>\n\n\n\n<p>In diesem Schulhalbjahr hat der Fachbereich Gesellschaftslehre eine Gedenkst\u00e4ttenfahrt angeboten, die sich an alle Interessierten der Jahrg\u00e4nge 7-10 richtete. Diese Veranstaltung wurde in Kooperation mit dem Verein Stolpersteine Pohlheim e.V. organisiert.<\/p>\n\n\n\n<p>Das gemeinsame Ziel war die Gedenkst\u00e4tte Gro\u00dfmarkthalle auf dem Gel\u00e4nde der Europ\u00e4ischen Zentralbank in Frankfurt.<\/p>\n\n\n\n<figure class=\"wp-block-gallery columns-3 is-cropped\"><ul class=\"blocks-gallery-grid\"><li class=\"blocks-gallery-item\"><figure><img loading=\"lazy\" width=\"1024\" height=\"873\" src=\"http:\/\/www.ars-pohlheim.net\/wp-content\/uploads\/2023\/10\/DSC_0573-gut-1024x873.jpg\" alt=\"\" data-id=\"11067\" data-full-url=\"http:\/\/www.ars-pohlheim.net\/wp-content\/uploads\/2023\/10\/DSC_0573-gut-scaled.jpg\" data-link=\"https:\/\/www.ars-pohlheim.net\/?attachment_id=11067\" class=\"wp-image-11067\" srcset=\"https:\/\/www.ars-pohlheim.net\/wp-content\/uploads\/2023\/10\/DSC_0573-gut-1024x873.jpg 1024w, https:\/\/www.ars-pohlheim.net\/wp-content\/uploads\/2023\/10\/DSC_0573-gut-300x256.jpg 300w, https:\/\/www.ars-pohlheim.net\/wp-content\/uploads\/2023\/10\/DSC_0573-gut-768x655.jpg 768w, https:\/\/www.ars-pohlheim.net\/wp-content\/uploads\/2023\/10\/DSC_0573-gut-1536x1310.jpg 1536w, https:\/\/www.ars-pohlheim.net\/wp-content\/uploads\/2023\/10\/DSC_0573-gut-2048x1747.jpg 2048w\" sizes=\"(max-width: 1024px) 100vw, 1024px\" \/><\/figure><\/li><li class=\"blocks-gallery-item\"><figure><img loading=\"lazy\" width=\"1024\" height=\"683\" src=\"http:\/\/www.ars-pohlheim.net\/wp-content\/uploads\/2023\/10\/DSC_0490-gut-1024x683.jpg\" alt=\"\" data-id=\"11060\" data-full-url=\"http:\/\/www.ars-pohlheim.net\/wp-content\/uploads\/2023\/10\/DSC_0490-gut-scaled.jpg\" data-link=\"https:\/\/www.ars-pohlheim.net\/?attachment_id=11060\" class=\"wp-image-11060\" srcset=\"https:\/\/www.ars-pohlheim.net\/wp-content\/uploads\/2023\/10\/DSC_0490-gut-1024x683.jpg 1024w, https:\/\/www.ars-pohlheim.net\/wp-content\/uploads\/2023\/10\/DSC_0490-gut-300x200.jpg 300w, https:\/\/www.ars-pohlheim.net\/wp-content\/uploads\/2023\/10\/DSC_0490-gut-768x512.jpg 768w, https:\/\/www.ars-pohlheim.net\/wp-content\/uploads\/2023\/10\/DSC_0490-gut-1536x1024.jpg 1536w, https:\/\/www.ars-pohlheim.net\/wp-content\/uploads\/2023\/10\/DSC_0490-gut-2048x1365.jpg 2048w\" sizes=\"(max-width: 1024px) 100vw, 1024px\" \/><\/figure><\/li><li class=\"blocks-gallery-item\"><figure><img loading=\"lazy\" width=\"1024\" height=\"715\" src=\"http:\/\/www.ars-pohlheim.net\/wp-content\/uploads\/2023\/10\/DSC_0503-1024x715.jpg\" alt=\"\" data-id=\"11061\" data-full-url=\"http:\/\/www.ars-pohlheim.net\/wp-content\/uploads\/2023\/10\/DSC_0503-scaled.jpg\" data-link=\"https:\/\/www.ars-pohlheim.net\/?attachment_id=11061\" class=\"wp-image-11061\" srcset=\"https:\/\/www.ars-pohlheim.net\/wp-content\/uploads\/2023\/10\/DSC_0503-1024x715.jpg 1024w, https:\/\/www.ars-pohlheim.net\/wp-content\/uploads\/2023\/10\/DSC_0503-300x209.jpg 300w, https:\/\/www.ars-pohlheim.net\/wp-content\/uploads\/2023\/10\/DSC_0503-768x536.jpg 768w, https:\/\/www.ars-pohlheim.net\/wp-content\/uploads\/2023\/10\/DSC_0503-1536x1072.jpg 1536w, https:\/\/www.ars-pohlheim.net\/wp-content\/uploads\/2023\/10\/DSC_0503-2048x1430.jpg 2048w\" sizes=\"(max-width: 1024px) 100vw, 1024px\" \/><\/figure><\/li><\/ul><\/figure>\n\n\n\n<p>In eindringlicher Weise haben die Teilnehmenden der Fahrt erfahren, dass die Gro\u00dfmarkthalle ein Ort ist, der mit der Geschichte einer j\u00fcdischen Familie aus Pohlheim verbunden ist. Am Beispiel des Schicksals der 10j\u00e4hrigen Friedel Wallenstein aus Pohlheim-Gr\u00fcningen wurde aufgezeigt, wie es tausenden von anderen Juden ergangen ist, die durch das nationalsozialistische Regime aus Frankfurt deportiert und ermordet wurden.<\/p>\n\n\n<script type=\"text\/javascript\">jQuery(function() { _initLayerSlider( '#layerslider_38_1vqfu4xuer7l4', {createdWith: '7.2.4', sliderVersion: '7.2.4', slideDuration: 3500, startInViewport: false, keybNav: false, touchNav: false, skin: 'v6', navStartStop: false, navButtons: false, showCircleTimer: false, useSrcset: true, skinsPath: 'https:\/\/www.ars-pohlheim.net\/wp-content\/plugins\/LayerSlider\/assets\/static\/layerslider\/skins\/'}); });<\/script><div id=\"layerslider_38_1vqfu4xuer7l4\" class=\"ls-wp-container fitvidsignore\" style=\"width:1280px;height:720px;margin:0 auto;margin-bottom: 0px;\"><div class=\"ls-slide\" data-ls=\"kenburnsscale:1.2;\"><\/div><div class=\"ls-slide\" data-ls=\"kenburnsscale:1.2;\"><img width=\"2560\" height=\"1552\" src=\"https:\/\/www.ars-pohlheim.net\/wp-content\/uploads\/2023\/10\/DSC_0606-scaled.jpg\" class=\"ls-bg\" alt=\"\" srcset=\"https:\/\/www.ars-pohlheim.net\/wp-content\/uploads\/2023\/10\/DSC_0606-scaled.jpg 2560w, https:\/\/www.ars-pohlheim.net\/wp-content\/uploads\/2023\/10\/DSC_0606-300x182.jpg 300w, https:\/\/www.ars-pohlheim.net\/wp-content\/uploads\/2023\/10\/DSC_0606-1024x621.jpg 1024w, https:\/\/www.ars-pohlheim.net\/wp-content\/uploads\/2023\/10\/DSC_0606-768x466.jpg 768w, https:\/\/www.ars-pohlheim.net\/wp-content\/uploads\/2023\/10\/DSC_0606-1536x931.jpg 1536w, https:\/\/www.ars-pohlheim.net\/wp-content\/uploads\/2023\/10\/DSC_0606-2048x1242.jpg 2048w\" sizes=\"(max-width: 2560px) 100vw, 2560px\" \/><\/div><div class=\"ls-slide\" data-ls=\"kenburnsscale:1.2;\"><img width=\"2560\" height=\"1707\" src=\"https:\/\/www.ars-pohlheim.net\/wp-content\/uploads\/2023\/10\/DSC_0502-scaled.jpg\" class=\"ls-bg\" alt=\"\" srcset=\"https:\/\/www.ars-pohlheim.net\/wp-content\/uploads\/2023\/10\/DSC_0502-scaled.jpg 2560w, https:\/\/www.ars-pohlheim.net\/wp-content\/uploads\/2023\/10\/DSC_0502-300x200.jpg 300w, https:\/\/www.ars-pohlheim.net\/wp-content\/uploads\/2023\/10\/DSC_0502-1024x683.jpg 1024w, https:\/\/www.ars-pohlheim.net\/wp-content\/uploads\/2023\/10\/DSC_0502-768x512.jpg 768w, https:\/\/www.ars-pohlheim.net\/wp-content\/uploads\/2023\/10\/DSC_0502-1536x1024.jpg 1536w, https:\/\/www.ars-pohlheim.net\/wp-content\/uploads\/2023\/10\/DSC_0502-2048x1365.jpg 2048w\" sizes=\"(max-width: 2560px) 100vw, 2560px\" \/><\/div><div class=\"ls-slide\" data-ls=\"kenburnsscale:1.2;\"><img width=\"2560\" height=\"1707\" src=\"https:\/\/www.ars-pohlheim.net\/wp-content\/uploads\/2023\/10\/DSC_0574-scaled.jpg\" class=\"ls-bg\" alt=\"\" srcset=\"https:\/\/www.ars-pohlheim.net\/wp-content\/uploads\/2023\/10\/DSC_0574-scaled.jpg 2560w, https:\/\/www.ars-pohlheim.net\/wp-content\/uploads\/2023\/10\/DSC_0574-300x200.jpg 300w, https:\/\/www.ars-pohlheim.net\/wp-content\/uploads\/2023\/10\/DSC_0574-1024x683.jpg 1024w, https:\/\/www.ars-pohlheim.net\/wp-content\/uploads\/2023\/10\/DSC_0574-768x512.jpg 768w, https:\/\/www.ars-pohlheim.net\/wp-content\/uploads\/2023\/10\/DSC_0574-1536x1024.jpg 1536w, https:\/\/www.ars-pohlheim.net\/wp-content\/uploads\/2023\/10\/DSC_0574-2048x1365.jpg 2048w\" sizes=\"(max-width: 2560px) 100vw, 2560px\" \/><\/div><div class=\"ls-slide\" data-ls=\"kenburnsscale:1.2;\"><img width=\"2560\" height=\"1886\" src=\"https:\/\/www.ars-pohlheim.net\/wp-content\/uploads\/2023\/10\/DSC_0604-CUT-scaled.jpg\" class=\"ls-bg\" alt=\"\" srcset=\"https:\/\/www.ars-pohlheim.net\/wp-content\/uploads\/2023\/10\/DSC_0604-CUT-scaled.jpg 2560w, https:\/\/www.ars-pohlheim.net\/wp-content\/uploads\/2023\/10\/DSC_0604-CUT-300x221.jpg 300w, https:\/\/www.ars-pohlheim.net\/wp-content\/uploads\/2023\/10\/DSC_0604-CUT-1024x754.jpg 1024w, https:\/\/www.ars-pohlheim.net\/wp-content\/uploads\/2023\/10\/DSC_0604-CUT-768x566.jpg 768w, https:\/\/www.ars-pohlheim.net\/wp-content\/uploads\/2023\/10\/DSC_0604-CUT-1536x1131.jpg 1536w, https:\/\/www.ars-pohlheim.net\/wp-content\/uploads\/2023\/10\/DSC_0604-CUT-2048x1508.jpg 2048w\" sizes=\"(max-width: 2560px) 100vw, 2560px\" \/><\/div><div class=\"ls-slide\" data-ls=\"kenburnsscale:1.2;\"><img width=\"2560\" height=\"2184\" src=\"https:\/\/www.ars-pohlheim.net\/wp-content\/uploads\/2023\/10\/DSC_0573-gut-scaled.jpg\" class=\"ls-bg\" alt=\"\" srcset=\"https:\/\/www.ars-pohlheim.net\/wp-content\/uploads\/2023\/10\/DSC_0573-gut-scaled.jpg 2560w, https:\/\/www.ars-pohlheim.net\/wp-content\/uploads\/2023\/10\/DSC_0573-gut-300x256.jpg 300w, https:\/\/www.ars-pohlheim.net\/wp-content\/uploads\/2023\/10\/DSC_0573-gut-1024x873.jpg 1024w, https:\/\/www.ars-pohlheim.net\/wp-content\/uploads\/2023\/10\/DSC_0573-gut-768x655.jpg 768w, https:\/\/www.ars-pohlheim.net\/wp-content\/uploads\/2023\/10\/DSC_0573-gut-1536x1310.jpg 1536w, https:\/\/www.ars-pohlheim.net\/wp-content\/uploads\/2023\/10\/DSC_0573-gut-2048x1747.jpg 2048w\" sizes=\"(max-width: 2560px) 100vw, 2560px\" \/><\/div><div class=\"ls-slide\" data-ls=\"kenburnsscale:1.2;\"><img width=\"2560\" height=\"1707\" src=\"https:\/\/www.ars-pohlheim.net\/wp-content\/uploads\/2023\/10\/DSC_0547-scaled.jpg\" class=\"ls-bg\" alt=\"\" srcset=\"https:\/\/www.ars-pohlheim.net\/wp-content\/uploads\/2023\/10\/DSC_0547-scaled.jpg 2560w, https:\/\/www.ars-pohlheim.net\/wp-content\/uploads\/2023\/10\/DSC_0547-300x200.jpg 300w, https:\/\/www.ars-pohlheim.net\/wp-content\/uploads\/2023\/10\/DSC_0547-1024x683.jpg 1024w, https:\/\/www.ars-pohlheim.net\/wp-content\/uploads\/2023\/10\/DSC_0547-768x512.jpg 768w, https:\/\/www.ars-pohlheim.net\/wp-content\/uploads\/2023\/10\/DSC_0547-1536x1024.jpg 1536w, https:\/\/www.ars-pohlheim.net\/wp-content\/uploads\/2023\/10\/DSC_0547-2048x1365.jpg 2048w\" sizes=\"(max-width: 2560px) 100vw, 2560px\" \/><\/div><div class=\"ls-slide\" data-ls=\"kenburnsscale:1.2;\"><img width=\"2560\" height=\"1707\" src=\"https:\/\/www.ars-pohlheim.net\/wp-content\/uploads\/2023\/10\/DSC_0556-gut-scaled.jpg\" class=\"ls-bg\" alt=\"\" srcset=\"https:\/\/www.ars-pohlheim.net\/wp-content\/uploads\/2023\/10\/DSC_0556-gut-scaled.jpg 2560w, https:\/\/www.ars-pohlheim.net\/wp-content\/uploads\/2023\/10\/DSC_0556-gut-300x200.jpg 300w, https:\/\/www.ars-pohlheim.net\/wp-content\/uploads\/2023\/10\/DSC_0556-gut-1024x683.jpg 1024w, https:\/\/www.ars-pohlheim.net\/wp-content\/uploads\/2023\/10\/DSC_0556-gut-768x512.jpg 768w, https:\/\/www.ars-pohlheim.net\/wp-content\/uploads\/2023\/10\/DSC_0556-gut-1536x1024.jpg 1536w, https:\/\/www.ars-pohlheim.net\/wp-content\/uploads\/2023\/10\/DSC_0556-gut-2048x1365.jpg 2048w\" sizes=\"(max-width: 2560px) 100vw, 2560px\" \/><\/div><div class=\"ls-slide\" data-ls=\"kenburnsscale:1.2;\"><img width=\"2560\" height=\"1605\" src=\"https:\/\/www.ars-pohlheim.net\/wp-content\/uploads\/2023\/10\/DSC_0523-gut-scaled.jpg\" class=\"ls-bg\" alt=\"\" srcset=\"https:\/\/www.ars-pohlheim.net\/wp-content\/uploads\/2023\/10\/DSC_0523-gut-scaled.jpg 2560w, https:\/\/www.ars-pohlheim.net\/wp-content\/uploads\/2023\/10\/DSC_0523-gut-300x188.jpg 300w, https:\/\/www.ars-pohlheim.net\/wp-content\/uploads\/2023\/10\/DSC_0523-gut-1024x642.jpg 1024w, https:\/\/www.ars-pohlheim.net\/wp-content\/uploads\/2023\/10\/DSC_0523-gut-768x482.jpg 768w, https:\/\/www.ars-pohlheim.net\/wp-content\/uploads\/2023\/10\/DSC_0523-gut-1536x963.jpg 1536w, https:\/\/www.ars-pohlheim.net\/wp-content\/uploads\/2023\/10\/DSC_0523-gut-2048x1284.jpg 2048w\" sizes=\"(max-width: 2560px) 100vw, 2560px\" \/><\/div><div class=\"ls-slide\" data-ls=\"kenburnsscale:1.2;\"><img width=\"2560\" height=\"1707\" src=\"https:\/\/www.ars-pohlheim.net\/wp-content\/uploads\/2023\/10\/DSC_0521-scaled.jpg\" class=\"ls-bg\" alt=\"\" srcset=\"https:\/\/www.ars-pohlheim.net\/wp-content\/uploads\/2023\/10\/DSC_0521-scaled.jpg 2560w, https:\/\/www.ars-pohlheim.net\/wp-content\/uploads\/2023\/10\/DSC_0521-300x200.jpg 300w, https:\/\/www.ars-pohlheim.net\/wp-content\/uploads\/2023\/10\/DSC_0521-1024x683.jpg 1024w, https:\/\/www.ars-pohlheim.net\/wp-content\/uploads\/2023\/10\/DSC_0521-768x512.jpg 768w, https:\/\/www.ars-pohlheim.net\/wp-content\/uploads\/2023\/10\/DSC_0521-1536x1024.jpg 1536w, https:\/\/www.ars-pohlheim.net\/wp-content\/uploads\/2023\/10\/DSC_0521-2048x1365.jpg 2048w\" sizes=\"(max-width: 2560px) 100vw, 2560px\" \/><\/div><div class=\"ls-slide\" data-ls=\"kenburnsscale:1.2;\"><img width=\"2560\" height=\"1707\" src=\"https:\/\/www.ars-pohlheim.net\/wp-content\/uploads\/2023\/10\/DSC_0490-gut-scaled.jpg\" class=\"ls-bg\" alt=\"\" srcset=\"https:\/\/www.ars-pohlheim.net\/wp-content\/uploads\/2023\/10\/DSC_0490-gut-scaled.jpg 2560w, https:\/\/www.ars-pohlheim.net\/wp-content\/uploads\/2023\/10\/DSC_0490-gut-300x200.jpg 300w, https:\/\/www.ars-pohlheim.net\/wp-content\/uploads\/2023\/10\/DSC_0490-gut-1024x683.jpg 1024w, https:\/\/www.ars-pohlheim.net\/wp-content\/uploads\/2023\/10\/DSC_0490-gut-768x512.jpg 768w, https:\/\/www.ars-pohlheim.net\/wp-content\/uploads\/2023\/10\/DSC_0490-gut-1536x1024.jpg 1536w, https:\/\/www.ars-pohlheim.net\/wp-content\/uploads\/2023\/10\/DSC_0490-gut-2048x1365.jpg 2048w\" sizes=\"(max-width: 2560px) 100vw, 2560px\" \/><\/div><\/div>\n\n\n\n<p><br>Friedel Wallenstein lebte mit ihren Eltern in einem Fachwerkhaus in Gr\u00fcningen in der heutigen Taunusstrasse. Nach den Novemberpogromen wurde es allen j\u00fcdischen Kindern verboten, \u00f6ffentliche Schulen zu besuchen. Aus diesem Grund musste Friedel Wallenstein die Schule in Gr\u00fcningen verlassen, besuchte daraufhin die J\u00fcdische Bezirksschule in Bad Nauheim und wohnte dort vor\u00fcbergehend im Internat. Als auch diese Schule geschlossen werden musste, zog Friedel zun\u00e4chst zu ihren Eltern nach Gie\u00dfen, dann wieder nach Gr\u00fcningen, um letztlich nach Frankfurt zu fliehen, um in der Anonymit\u00e4t der Gro\u00dfstadt unterzutauchen. In Frankfurt war sie mit ihren Eltern und Gro\u00dfeltern im Baumweg 25 gemeldet. Von dort wurden sie mit weiteren 1052 j\u00fcdischen Menschen am 11.-12. November 1941 in der Gro\u00dfmarkthalle Frankfurt zusammengef\u00fchrt und am 12. November in Waggons eingepfercht \u00fcber Warschau und Bialystock nach Minsk deportiert und dort ermordet. Vermutlich haben nur zehn der \u00fcber tausend Menschen die Deportation \u00fcberlebt. Das Todesdatum von ihr, ihren Eltern und Gro\u00dfeltern ist nicht bekannt.<\/p>\n\n\n\n<!--more-->\n\n\n\n<p>Die Gro\u00dfmarkthalle war in den 1920er Jahren bautechnisch auf h\u00f6chstem Niveau konzipiert f\u00fcr den modernen Handel und reibungslosen Umschlag von Obst und Gem\u00fcse: mit praktischen Laderampen, gro\u00dfz\u00fcgig dimensionierten K\u00fchlkellern, Bahnanschl\u00fcssen mit \u00fcberdachten Gleisen und einem eigenen Befehlsstellwerk. Dieses Geb\u00e4ude nutzte die Geheime Staatspolizei (Gestapo) und NSDAP-Gauleitung und seine Funktionalit\u00e4t ab 1941 f\u00fcr Massendeportationen von Juden. Die Wahl war auf diesen Ort gefallen, da er innenstadtnah und verkehrstechnisch g\u00fcnstig zwischen Hafenbahn und Ostbahnhof lag. Deshalb mietete die Gestapo den \u00f6stlichen Kellerbereich als Sammelplatz zur Durchf\u00fchrung der Deportationen. Der Keller bot Schutz vor neugierigen Blicken auf das Verbrechen und notd\u00fcrftig Platz f\u00fcr Hunderte Menschen. Frauen, M\u00e4nner und Kinder wurden durch das eingesetzte Personal gedem\u00fctigt und k\u00f6rperlich misshandelt. Auch Friedel erging es so.<\/p>\n\n\n\n<p>Letzter Habseligkeiten beraubt, zwang man sie schlie\u00dflich an das Gleisfeld vor der Halle. Dort standen die Z\u00fcge der Deutschen Reichsbahn f\u00fcr die Transporte in die Ghettos und Konzentrationslager bereit. Direkt nebenan ging der t\u00e4gliche Marktbetrieb weiter. Dabei blieben die grausamen Vorg\u00e4nge den dort Besch\u00e4ftigten nicht verborgen. Bei der Gro\u00dfmarkthalle waren nicht nur Gestapo-Beamte und Parteifunktion\u00e4re im Einsatz. Auch \u201enormale\u201c Polizisten, Finanz- und Eisenbahnbeamte sowie die Mitarbeiter verschiedener st\u00e4dtischer \u00c4mter wirkten an den Deportationen mit. Die Stadtverwaltung sowie viele nicht-j\u00fcdische B\u00fcrgerinnen und B\u00fcrger profitierten vom zur\u00fcckgelassenen Besitz der Verschleppten. Andere bezogen Wohnungen und H\u00e4user, aus denen Juden vertrieben worden waren.<\/p>\n\n\n\n<p><br>Mit dem Besuch der Gedenkst\u00e4tte will der Fachbereich Gesellschaftslehre einen Beitrag dazu leisten, junge Menschen gegen Populismus und Antisemitismus zu st\u00e4rken und dass sie sich f\u00fcr Menschenrechte, Pluralit\u00e4t und Demokratie einsetzen. Au\u00dferdem soll ihnen erm\u00f6glicht werden, sich aktiv mit der NS-Vergangenheit in ihrer unmittelbaren Umgebung auseinanderzusetzen. Die Verbrechen fanden nicht irgendwo statt, sondern direkt vor unserer Haust\u00fcr.<\/p>\n\n\n\n<p>Filiz Bulut<br>Fachleiterin GL<\/p>\n\n\n\n<p><a href=\"http:\/\/www.ars-pohlheim.net\/wp-content\/uploads\/2023\/10\/IMG_1301.jpg\" target=\"_blank\" rel=\"noreferrer noopener\">Spurensuche &#8211; Sch\u00fcler besuchen Gedenkst\u00e4tte<\/a><br>Gie\u00dfener Allgemeine, 12.10.2023 (Seite 37)<\/p>\n","protected":false},"excerpt":{"rendered":"<p>Als Friedel Wallenstein deportiert wurde Sch\u00fclerinnen und Sch\u00fcler der ARS besuchen die Gedenkst\u00e4tte Gro\u00dfmarkthalle In diesem Schulhalbjahr hat der Fachbereich Gesellschaftslehre eine Gedenkst\u00e4ttenfahrt angeboten, die sich an alle Interessierten der Jahrg\u00e4nge 7-10 richtete. Diese Veranstaltung wurde in Kooperation mit dem Verein Stolpersteine Pohlheim e.V. organisiert. Das gemeinsame Ziel war die Gedenkst\u00e4tte Gro\u00dfmarkthalle auf dem Gel\u00e4nde &hellip; <a href=\"https:\/\/www.ars-pohlheim.net\/?p=11056\" class=\"more-link\"><span class=\"screen-reader-text\">Als Friedel Wallenstein deportiert wurde<\/span> weiterlesen <span class=\"meta-nav\">&rarr;<\/span><\/a><\/p>\n","protected":false},"author":15,"featured_media":0,"comment_status":"closed","ping_status":"closed","sticky":false,"template":"","format":"standard","meta":{"ngg_post_thumbnail":0},"categories":[1],"tags":[],"_links":{"self":[{"href":"https:\/\/www.ars-pohlheim.net\/index.php?rest_route=\/wp\/v2\/posts\/11056"}],"collection":[{"href":"https:\/\/www.ars-pohlheim.net\/index.php?rest_route=\/wp\/v2\/posts"}],"about":[{"href":"https:\/\/www.ars-pohlheim.net\/index.php?rest_route=\/wp\/v2\/types\/post"}],"author":[{"embeddable":true,"href":"https:\/\/www.ars-pohlheim.net\/index.php?rest_route=\/wp\/v2\/users\/15"}],"replies":[{"embeddable":true,"href":"https:\/\/www.ars-pohlheim.net\/index.php?rest_route=%2Fwp%2Fv2%2Fcomments&post=11056"}],"version-history":[{"count":7,"href":"https:\/\/www.ars-pohlheim.net\/index.php?rest_route=\/wp\/v2\/posts\/11056\/revisions"}],"predecessor-version":[{"id":11078,"href":"https:\/\/www.ars-pohlheim.net\/index.php?rest_route=\/wp\/v2\/posts\/11056\/revisions\/11078"}],"wp:attachment":[{"href":"https:\/\/www.ars-pohlheim.net\/index.php?rest_route=%2Fwp%2Fv2%2Fmedia&parent=11056"}],"wp:term":[{"taxonomy":"category","embeddable":true,"href":"https:\/\/www.ars-pohlheim.net\/index.php?rest_route=%2Fwp%2Fv2%2Fcategories&post=11056"},{"taxonomy":"post_tag","embeddable":true,"href":"https:\/\/www.ars-pohlheim.net\/index.php?rest_route=%2Fwp%2Fv2%2Ftags&post=11056"}],"curies":[{"name":"wp","href":"https:\/\/api.w.org\/{rel}","templated":true}]}}