{"id":11047,"date":"2023-10-13T16:24:10","date_gmt":"2023-10-13T14:24:10","guid":{"rendered":"https:\/\/www.ars-pohlheim.net\/?p=11047"},"modified":"2023-10-13T16:24:13","modified_gmt":"2023-10-13T14:24:13","slug":"juniorwahl-2023-die-ars-hat-gewaehlt","status":"publish","type":"post","link":"https:\/\/www.ars-pohlheim.net\/?p=11047","title":{"rendered":"Juniorwahl 2023 &#8211; Die ARS hat gew\u00e4hlt!"},"content":{"rendered":"\n<div class=\"wp-block-image\"><figure class=\"aligncenter size-full is-resized\"><img loading=\"lazy\" src=\"https:\/\/www.ars-pohlheim.net\/wp-content\/uploads\/2023\/10\/Juniorwahl-5.png\" alt=\"\" class=\"wp-image-11048\" width=\"109\" height=\"222\"\/><\/figure><\/div>\n\n\n\n<p>Parallel zur Hessischen Landtagswahl am 08.10.2023 f\u00fchrte der Bundestag gemeinsam mit der Bundeszentrale f\u00fcr politische Bildung und dem Bildungsverein Kumulus e.V. das Projekt \u201eJuniorwahl\u201c an hessischen Schulen durch. Mehrere tausend Schulen nahmen an diesem Projekt teil. Eine davon ist die Adolf-Reichwein-Schule in Pohlheim\/Watzenborn-Steinberg.<\/p>\n\n\n\n<figure class=\"wp-block-gallery columns-3 is-cropped\"><ul class=\"blocks-gallery-grid\"><li class=\"blocks-gallery-item\"><figure><img loading=\"lazy\" width=\"768\" height=\"1024\" src=\"http:\/\/www.ars-pohlheim.net\/wp-content\/uploads\/2023\/10\/Juniorwahl-4-768x1024.jpg\" alt=\"\" data-id=\"11049\" data-full-url=\"http:\/\/www.ars-pohlheim.net\/wp-content\/uploads\/2023\/10\/Juniorwahl-4-scaled.jpg\" data-link=\"https:\/\/www.ars-pohlheim.net\/?attachment_id=11049\" class=\"wp-image-11049\" srcset=\"https:\/\/www.ars-pohlheim.net\/wp-content\/uploads\/2023\/10\/Juniorwahl-4-768x1024.jpg 768w, https:\/\/www.ars-pohlheim.net\/wp-content\/uploads\/2023\/10\/Juniorwahl-4-225x300.jpg 225w, https:\/\/www.ars-pohlheim.net\/wp-content\/uploads\/2023\/10\/Juniorwahl-4-1152x1536.jpg 1152w, https:\/\/www.ars-pohlheim.net\/wp-content\/uploads\/2023\/10\/Juniorwahl-4-1536x2048.jpg 1536w, https:\/\/www.ars-pohlheim.net\/wp-content\/uploads\/2023\/10\/Juniorwahl-4-scaled.jpg 1920w\" sizes=\"(max-width: 768px) 100vw, 768px\" \/><\/figure><\/li><li class=\"blocks-gallery-item\"><figure><img loading=\"lazy\" width=\"96\" height=\"72\" src=\"http:\/\/www.ars-pohlheim.net\/wp-content\/uploads\/2023\/10\/Juniorwahl-1.png\" alt=\"\" data-id=\"11050\" data-full-url=\"http:\/\/www.ars-pohlheim.net\/wp-content\/uploads\/2023\/10\/Juniorwahl-1.png\" data-link=\"https:\/\/www.ars-pohlheim.net\/?attachment_id=11050\" class=\"wp-image-11050\"\/><\/figure><\/li><li class=\"blocks-gallery-item\"><figure><img loading=\"lazy\" width=\"768\" height=\"1024\" src=\"http:\/\/www.ars-pohlheim.net\/wp-content\/uploads\/2023\/10\/Juniorwahl-3-768x1024.jpg\" alt=\"\" data-id=\"11052\" data-full-url=\"http:\/\/www.ars-pohlheim.net\/wp-content\/uploads\/2023\/10\/Juniorwahl-3-scaled.jpg\" data-link=\"https:\/\/www.ars-pohlheim.net\/?attachment_id=11052\" class=\"wp-image-11052\" srcset=\"https:\/\/www.ars-pohlheim.net\/wp-content\/uploads\/2023\/10\/Juniorwahl-3-768x1024.jpg 768w, https:\/\/www.ars-pohlheim.net\/wp-content\/uploads\/2023\/10\/Juniorwahl-3-225x300.jpg 225w, https:\/\/www.ars-pohlheim.net\/wp-content\/uploads\/2023\/10\/Juniorwahl-3-1152x1536.jpg 1152w, https:\/\/www.ars-pohlheim.net\/wp-content\/uploads\/2023\/10\/Juniorwahl-3-1536x2048.jpg 1536w, https:\/\/www.ars-pohlheim.net\/wp-content\/uploads\/2023\/10\/Juniorwahl-3-scaled.jpg 1920w\" sizes=\"(max-width: 768px) 100vw, 768px\" \/><\/figure><\/li><\/ul><\/figure>\n\n\n\n<p>Die Jahrg\u00e4nge 7 bis 10 wurden zur Wahl aufgerufen. Bei der Juniorwahl ging es um das \u00dcben und Erleben von Demokratie. Zun\u00e4chst stand das Thema \u201eDemokratie und Wahlen\u201c auf dem Stundenplan. Die Sch\u00fclerinnen und Sch\u00fcler werden dadurch im Unterricht auf die Themen Demokratie und Wahlen vorbereitet. Gleichzeitig weckt die Juniorwahl das Interesse an Politik, Teilhabe und den Prozessen der demokratischen Willensbildung. Abschlie\u00dfend ging es dann an die Wahlurne, die den H\u00f6hepunkt f\u00fcr die Sch\u00fclerinnen und Sch\u00fcler darstellte.<\/p>\n\n\n\n<div class=\"wp-block-image\"><figure class=\"aligncenter size-large is-resized\"><img loading=\"lazy\" src=\"http:\/\/www.ars-pohlheim.net\/wp-content\/uploads\/2023\/10\/Juniorwahl-2-scaled-e1697206813695-782x1024.jpg\" alt=\"\" class=\"wp-image-11051\" width=\"225\" height=\"294\" srcset=\"https:\/\/www.ars-pohlheim.net\/wp-content\/uploads\/2023\/10\/Juniorwahl-2-scaled-e1697206813695-782x1024.jpg 782w, https:\/\/www.ars-pohlheim.net\/wp-content\/uploads\/2023\/10\/Juniorwahl-2-scaled-e1697206813695-229x300.jpg 229w, https:\/\/www.ars-pohlheim.net\/wp-content\/uploads\/2023\/10\/Juniorwahl-2-scaled-e1697206813695-768x1006.jpg 768w, https:\/\/www.ars-pohlheim.net\/wp-content\/uploads\/2023\/10\/Juniorwahl-2-scaled-e1697206813695-1173x1536.jpg 1173w, https:\/\/www.ars-pohlheim.net\/wp-content\/uploads\/2023\/10\/Juniorwahl-2-scaled-e1697206813695-1564x2048.jpg 1564w, https:\/\/www.ars-pohlheim.net\/wp-content\/uploads\/2023\/10\/Juniorwahl-2-scaled-e1697206813695.jpg 1817w\" sizes=\"(max-width: 225px) 100vw, 225px\" \/><\/figure><\/div>\n\n\n\n<p>Die Wahl wurde an der ARS in der Woche vor dem Wahlsonntag am 05. Oktober 2023 durchgef\u00fchrt. Wie bei der \u201eechten\u201c Wahl erhielt jeder Sch\u00fcler eine Wahlbenachrichtigung und wurde in das W\u00e4hlerverzeichnis aufgef\u00fchrt. Der Wahlvorstand der Adolf-Reichwein-Schule wurde von Sch\u00fclerinnen aus der Klasse 10a gestellt und versuchte die Wahl so realit\u00e4tsnah wie m\u00f6glich durchzuf\u00fchren. Die Wahlbeteiligung lag bei 89,80%. Das Ziel des Fachbereichs Gesellschaftslehre der ARS ist es, dass die Sch\u00fclerinnen und Sch\u00fcler selbst gestalten und mitreden sollen, wenn es um ihre Zukunft geht.<br><br>Die Juniorwahl ist konkrete Demokratief\u00f6rderung am Lernort Schule. Es ist eine gute M\u00f6glichkeit f\u00fcr Sch\u00fclerinnen und Sch\u00fcler, die bisher nicht w\u00e4hlen d\u00fcrfen, sich mit den politischen Schwerpunkten der Parteien auseinander zu setzen und sich zu beteiligen.<\/p>\n\n\n\n<p>Wie bei der Hessischen Landtagswahl hat die CDU die meisten Stimmen erhalten. Zweitpatzierte Partei war an der ARS die SPD. Auch das Direktmandat ging an den CDU-Kandidaten Lucas Schmitz.<\/p>\n\n\n\n<p>Filiz Bulut<br>Fachsprecherin GL<\/p>\n","protected":false},"excerpt":{"rendered":"<p>Parallel zur Hessischen Landtagswahl am 08.10.2023 f\u00fchrte der Bundestag gemeinsam mit der Bundeszentrale f\u00fcr politische Bildung und dem Bildungsverein Kumulus e.V. das Projekt \u201eJuniorwahl\u201c an hessischen Schulen durch. Mehrere tausend Schulen nahmen an diesem Projekt teil. Eine davon ist die Adolf-Reichwein-Schule in Pohlheim\/Watzenborn-Steinberg. Die Jahrg\u00e4nge 7 bis 10 wurden zur Wahl aufgerufen. Bei der Juniorwahl &hellip; <a href=\"https:\/\/www.ars-pohlheim.net\/?p=11047\" class=\"more-link\"><span class=\"screen-reader-text\">Juniorwahl 2023 &#8211; Die ARS hat gew\u00e4hlt!<\/span> weiterlesen <span class=\"meta-nav\">&rarr;<\/span><\/a><\/p>\n","protected":false},"author":15,"featured_media":0,"comment_status":"closed","ping_status":"closed","sticky":false,"template":"","format":"standard","meta":{"ngg_post_thumbnail":0},"categories":[1],"tags":[],"_links":{"self":[{"href":"https:\/\/www.ars-pohlheim.net\/index.php?rest_route=\/wp\/v2\/posts\/11047"}],"collection":[{"href":"https:\/\/www.ars-pohlheim.net\/index.php?rest_route=\/wp\/v2\/posts"}],"about":[{"href":"https:\/\/www.ars-pohlheim.net\/index.php?rest_route=\/wp\/v2\/types\/post"}],"author":[{"embeddable":true,"href":"https:\/\/www.ars-pohlheim.net\/index.php?rest_route=\/wp\/v2\/users\/15"}],"replies":[{"embeddable":true,"href":"https:\/\/www.ars-pohlheim.net\/index.php?rest_route=%2Fwp%2Fv2%2Fcomments&post=11047"}],"version-history":[{"count":3,"href":"https:\/\/www.ars-pohlheim.net\/index.php?rest_route=\/wp\/v2\/posts\/11047\/revisions"}],"predecessor-version":[{"id":11055,"href":"https:\/\/www.ars-pohlheim.net\/index.php?rest_route=\/wp\/v2\/posts\/11047\/revisions\/11055"}],"wp:attachment":[{"href":"https:\/\/www.ars-pohlheim.net\/index.php?rest_route=%2Fwp%2Fv2%2Fmedia&parent=11047"}],"wp:term":[{"taxonomy":"category","embeddable":true,"href":"https:\/\/www.ars-pohlheim.net\/index.php?rest_route=%2Fwp%2Fv2%2Fcategories&post=11047"},{"taxonomy":"post_tag","embeddable":true,"href":"https:\/\/www.ars-pohlheim.net\/index.php?rest_route=%2Fwp%2Fv2%2Ftags&post=11047"}],"curies":[{"name":"wp","href":"https:\/\/api.w.org\/{rel}","templated":true}]}}