{"id":10861,"date":"2023-05-14T21:40:31","date_gmt":"2023-05-14T19:40:31","guid":{"rendered":"https:\/\/www.ars-pohlheim.net\/?p=10861"},"modified":"2023-05-14T21:40:33","modified_gmt":"2023-05-14T19:40:33","slug":"die-kinder-von-auschwitz","status":"publish","type":"post","link":"https:\/\/www.ars-pohlheim.net\/?p=10861","title":{"rendered":"\u201eDie Kinder von Auschwitz\u201c"},"content":{"rendered":"\n<p><strong> Vortrag in der Adolf-Reichwein-Schule<\/strong><\/p>\n\n\n\n<p>Der Journalist Alwin Meyer hat sich seit 1972 in mehreren L\u00e4ndern auf Spurensuche nach den Kindern von Auschwitz gemacht. Er hat mehrere B\u00fccher, u. a. zum Thema Rechtsextremismus ver\u00f6ffentlicht und wurde 1982 mit dem Preis &#8218;Das politische Buch des Jahres&#8216; der Friedrich-Ebert-Stiftung ausgezeichnet.<\/p>\n\n\n\n<p>Am 11.05.2023 war nun Alwin Meyer zu Gast in der Adolf-Reichwein-Schule und hat vor dem Jahrgang 8 von seinen Recherchen \u00fcber die Kinder von Auschwitz berichtet:<\/p>\n\n\n\n<figure class=\"wp-block-gallery columns-2 is-cropped\"><ul class=\"blocks-gallery-grid\"><li class=\"blocks-gallery-item\"><figure><img loading=\"lazy\" width=\"1024\" height=\"768\" src=\"http:\/\/www.ars-pohlheim.net\/wp-content\/uploads\/2023\/05\/D36C4B65-33A8-4D76-997F-BDA55749DCDE-1024x768.jpeg\" alt=\"\" data-id=\"10863\" data-full-url=\"http:\/\/www.ars-pohlheim.net\/wp-content\/uploads\/2023\/05\/D36C4B65-33A8-4D76-997F-BDA55749DCDE-scaled.jpeg\" data-link=\"https:\/\/www.ars-pohlheim.net\/?attachment_id=10863\" class=\"wp-image-10863\" srcset=\"https:\/\/www.ars-pohlheim.net\/wp-content\/uploads\/2023\/05\/D36C4B65-33A8-4D76-997F-BDA55749DCDE-1024x768.jpeg 1024w, https:\/\/www.ars-pohlheim.net\/wp-content\/uploads\/2023\/05\/D36C4B65-33A8-4D76-997F-BDA55749DCDE-300x225.jpeg 300w, https:\/\/www.ars-pohlheim.net\/wp-content\/uploads\/2023\/05\/D36C4B65-33A8-4D76-997F-BDA55749DCDE-768x576.jpeg 768w, https:\/\/www.ars-pohlheim.net\/wp-content\/uploads\/2023\/05\/D36C4B65-33A8-4D76-997F-BDA55749DCDE-1536x1152.jpeg 1536w, https:\/\/www.ars-pohlheim.net\/wp-content\/uploads\/2023\/05\/D36C4B65-33A8-4D76-997F-BDA55749DCDE-2048x1536.jpeg 2048w\" sizes=\"(max-width: 1024px) 100vw, 1024px\" \/><\/figure><\/li><li class=\"blocks-gallery-item\"><figure><img loading=\"lazy\" width=\"1024\" height=\"768\" src=\"http:\/\/www.ars-pohlheim.net\/wp-content\/uploads\/2023\/05\/C6FD4ADC-6B43-4829-8CF2-75606253AE7D-1024x768.jpeg\" alt=\"\" data-id=\"10862\" data-full-url=\"http:\/\/www.ars-pohlheim.net\/wp-content\/uploads\/2023\/05\/C6FD4ADC-6B43-4829-8CF2-75606253AE7D-scaled.jpeg\" data-link=\"https:\/\/www.ars-pohlheim.net\/?attachment_id=10862\" class=\"wp-image-10862\" srcset=\"https:\/\/www.ars-pohlheim.net\/wp-content\/uploads\/2023\/05\/C6FD4ADC-6B43-4829-8CF2-75606253AE7D-1024x768.jpeg 1024w, https:\/\/www.ars-pohlheim.net\/wp-content\/uploads\/2023\/05\/C6FD4ADC-6B43-4829-8CF2-75606253AE7D-300x225.jpeg 300w, https:\/\/www.ars-pohlheim.net\/wp-content\/uploads\/2023\/05\/C6FD4ADC-6B43-4829-8CF2-75606253AE7D-768x576.jpeg 768w, https:\/\/www.ars-pohlheim.net\/wp-content\/uploads\/2023\/05\/C6FD4ADC-6B43-4829-8CF2-75606253AE7D-1536x1152.jpeg 1536w, https:\/\/www.ars-pohlheim.net\/wp-content\/uploads\/2023\/05\/C6FD4ADC-6B43-4829-8CF2-75606253AE7D-2048x1536.jpeg 2048w\" sizes=\"(max-width: 1024px) 100vw, 1024px\" \/><\/figure><\/li><\/ul><\/figure>\n\n\n\n<p>Das ist der dunkelste Fleck einer dunklen Geschichte. Die Kinder wurden mit ihren Familien nach Auschwitz verschleppt oder kamen dort unter unvorstellbaren Bedingungen zur Welt. Nur wenige haben \u00fcberlebt. Alwin Meyer berichtet, dass sie Zeit ihres Lebens die Spuren des Erlittenen auf dem K\u00f6rper und in ihren Seelen tragen. Am Unterarm, Oberschenkel oder dem Ges\u00e4\u00df eint\u00e4towiert, w\u00e4chst sie mit, die H\u00e4ftlingsnummer. Im \u201eKinderblock\u201c wurden an ihnen durch den SS-Lagerarzt Mengele Experimente durchgef\u00fchrt. St\u00e4ndig hatten sie Hunger und ihnen war kalt. Sie sehnten sich nach ihren Eltern, einem warmen Bett, nach Geborgenheit und sogar nach der Schule.<\/p>\n\n\n\n<p>Auschwitz war f\u00fcr diese Kinder allgegenw\u00e4rtig. Auch nach der Befreiung des Lagers. Manche von ihnen kannten weder ihren Namen, ihr Alter noch ihre Herkunft. Fast alle waren Waisen. Sie trauten lange Zeit keinem Menschen mehr, mussten mit ihren Kr\u00e4ften haushalten und waren voller Angst.<\/p>\n\n\n\n<p>Wie leben nach Auschwitz? Geduldig hat Alwin Meyer \u00fcber Jahrzehnte hinweg die Kinder von Auschwitz gesucht, einf\u00fchlsam mit ihnen gesprochen und ihr Vertrauen gewonnen. Viele erz\u00e4hlen zum ersten Mal vom Lagerleben, von einer Kindheit, in der der Tod immer pr\u00e4sent und nie nat\u00fcrlich war.<\/p>\n\n\n\n<p>Die Sch\u00fclerinnen und Sch\u00fcler des Jahrgangs 8 waren sehr beeindruckt und bewegt, was sich auch im anschlie\u00dfenden Gespr\u00e4ch durch die Fragen der Lernenden zeigte.<\/p>\n\n\n\n<p>Filiz Bulut<\/p>\n\n\n\n<p><a href=\"https:\/\/www.giessener-allgemeine.de\/kreis-giessen\/pohlheim-ort848776\/mit-zwei-jahren-das-kz-ueberlebt-92272318.html\" target=\"_blank\" rel=\"noreferrer noopener\">Mit zwei Jahren das KZ \u00fcberlebt: <\/a><br><a href=\"https:\/\/www.giessener-allgemeine.de\/kreis-giessen\/pohlheim-ort848776\/mit-zwei-jahren-das-kz-ueberlebt-92272318.html\" target=\"_blank\" rel=\"noreferrer noopener\">Gie\u00dfener Allgemeine (12.05.23)<\/a><\/p>\n","protected":false},"excerpt":{"rendered":"<p>Vortrag in der Adolf-Reichwein-Schule Der Journalist Alwin Meyer hat sich seit 1972 in mehreren L\u00e4ndern auf Spurensuche nach den Kindern von Auschwitz gemacht. Er hat mehrere B\u00fccher, u. a. zum Thema Rechtsextremismus ver\u00f6ffentlicht und wurde 1982 mit dem Preis &#8218;Das politische Buch des Jahres&#8216; der Friedrich-Ebert-Stiftung ausgezeichnet. Am 11.05.2023 war nun Alwin Meyer zu Gast &hellip; <a href=\"https:\/\/www.ars-pohlheim.net\/?p=10861\" class=\"more-link\"><span class=\"screen-reader-text\">\u201eDie Kinder von Auschwitz\u201c<\/span> weiterlesen <span class=\"meta-nav\">&rarr;<\/span><\/a><\/p>\n","protected":false},"author":15,"featured_media":0,"comment_status":"closed","ping_status":"closed","sticky":false,"template":"","format":"standard","meta":{"ngg_post_thumbnail":0},"categories":[1],"tags":[],"_links":{"self":[{"href":"https:\/\/www.ars-pohlheim.net\/index.php?rest_route=\/wp\/v2\/posts\/10861"}],"collection":[{"href":"https:\/\/www.ars-pohlheim.net\/index.php?rest_route=\/wp\/v2\/posts"}],"about":[{"href":"https:\/\/www.ars-pohlheim.net\/index.php?rest_route=\/wp\/v2\/types\/post"}],"author":[{"embeddable":true,"href":"https:\/\/www.ars-pohlheim.net\/index.php?rest_route=\/wp\/v2\/users\/15"}],"replies":[{"embeddable":true,"href":"https:\/\/www.ars-pohlheim.net\/index.php?rest_route=%2Fwp%2Fv2%2Fcomments&post=10861"}],"version-history":[{"count":2,"href":"https:\/\/www.ars-pohlheim.net\/index.php?rest_route=\/wp\/v2\/posts\/10861\/revisions"}],"predecessor-version":[{"id":10865,"href":"https:\/\/www.ars-pohlheim.net\/index.php?rest_route=\/wp\/v2\/posts\/10861\/revisions\/10865"}],"wp:attachment":[{"href":"https:\/\/www.ars-pohlheim.net\/index.php?rest_route=%2Fwp%2Fv2%2Fmedia&parent=10861"}],"wp:term":[{"taxonomy":"category","embeddable":true,"href":"https:\/\/www.ars-pohlheim.net\/index.php?rest_route=%2Fwp%2Fv2%2Fcategories&post=10861"},{"taxonomy":"post_tag","embeddable":true,"href":"https:\/\/www.ars-pohlheim.net\/index.php?rest_route=%2Fwp%2Fv2%2Ftags&post=10861"}],"curies":[{"name":"wp","href":"https:\/\/api.w.org\/{rel}","templated":true}]}}