{"id":10833,"date":"2023-05-03T10:34:35","date_gmt":"2023-05-03T08:34:35","guid":{"rendered":"https:\/\/www.ars-pohlheim.net\/?p=10833"},"modified":"2023-05-31T15:49:33","modified_gmt":"2023-05-31T13:49:33","slug":"leo-leo-que-lees-halbfinale","status":"publish","type":"post","link":"https:\/\/www.ars-pohlheim.net\/?p=10833","title":{"rendered":"Leo, leo&#8230; \u00bfQu\u00e9 lees? &#8211; Halbfinale"},"content":{"rendered":"\n<p><strong>Ein spannendes Halbfinale des spanischen Vorlesewettbewerbs in Pohlheim 2023 \u2013 Ein Erfolg f\u00fcr die teilnehmenden Schulen Hessens!<\/strong><\/p>\n\n\n\n<p>In der 12. Auflage des spanischen Vorlesewettbewerbs &#8222;Leo, leo&#8230; \u00bfQu\u00e9 lees?&#8220; gab es von 70 staatlichen und privaten Schulen Hessens Teilnehmende in insgesamt 7 Halbfinals. Drei dieser Halbfinals fanden in Mittel- und Nordhessen statt: Pohlheim, Usingen und Zierenberg. Das Halbfinale in Pohlheim, das von Frau Feregrino in gewohnt professioneller Manier geplant wurde, fand an der ARS statt.<\/p>\n\n\n\n<p><\/p>\n\n\n\n<figure class=\"wp-block-gallery columns-2 is-cropped\"><ul class=\"blocks-gallery-grid\"><li class=\"blocks-gallery-item\"><figure><img loading=\"lazy\" width=\"1024\" height=\"768\" src=\"http:\/\/www.ars-pohlheim.net\/wp-content\/uploads\/2023\/05\/IMG-20230322-WA0012.jpg\" alt=\"\" data-id=\"10835\" data-full-url=\"http:\/\/www.ars-pohlheim.net\/wp-content\/uploads\/2023\/05\/IMG-20230322-WA0012.jpg\" data-link=\"https:\/\/www.ars-pohlheim.net\/?attachment_id=10835\" class=\"wp-image-10835\" srcset=\"https:\/\/www.ars-pohlheim.net\/wp-content\/uploads\/2023\/05\/IMG-20230322-WA0012.jpg 1024w, https:\/\/www.ars-pohlheim.net\/wp-content\/uploads\/2023\/05\/IMG-20230322-WA0012-300x225.jpg 300w, https:\/\/www.ars-pohlheim.net\/wp-content\/uploads\/2023\/05\/IMG-20230322-WA0012-768x576.jpg 768w\" sizes=\"(max-width: 1024px) 100vw, 1024px\" \/><\/figure><\/li><li class=\"blocks-gallery-item\"><figure><img loading=\"lazy\" width=\"1024\" height=\"576\" src=\"http:\/\/www.ars-pohlheim.net\/wp-content\/uploads\/2023\/05\/IMG-20230321-WA0008-1024x576.jpeg\" alt=\"\" data-id=\"10836\" data-full-url=\"http:\/\/www.ars-pohlheim.net\/wp-content\/uploads\/2023\/05\/IMG-20230321-WA0008-scaled.jpeg\" data-link=\"https:\/\/www.ars-pohlheim.net\/?attachment_id=10836\" class=\"wp-image-10836\" srcset=\"https:\/\/www.ars-pohlheim.net\/wp-content\/uploads\/2023\/05\/IMG-20230321-WA0008-1024x576.jpeg 1024w, https:\/\/www.ars-pohlheim.net\/wp-content\/uploads\/2023\/05\/IMG-20230321-WA0008-300x169.jpeg 300w, https:\/\/www.ars-pohlheim.net\/wp-content\/uploads\/2023\/05\/IMG-20230321-WA0008-768x432.jpeg 768w, https:\/\/www.ars-pohlheim.net\/wp-content\/uploads\/2023\/05\/IMG-20230321-WA0008-1536x864.jpeg 1536w, https:\/\/www.ars-pohlheim.net\/wp-content\/uploads\/2023\/05\/IMG-20230321-WA0008-2048x1152.jpeg 2048w\" sizes=\"(max-width: 1024px) 100vw, 1024px\" \/><\/figure><\/li><\/ul><\/figure>\n\n\n\n<p><\/p>\n\n\n\n<p>Die Teilnehmenden kamen aus den folgenden sechs Schulen: August-Bebel-Gesamtschule Wetzlar, Gesamtschule Gie\u00dfen Ost, IGS Busecker Tal, Herderschule Gie\u00dfen, Vogelsbergschule Schotten und Weidigschule Butzbach.<\/p>\n\n\n\n<p>In jeder Kategorie des Wettbewerbs (A1, A2, B1, B2) wurden beeindruckende Leistungen gezeigt. Besonders herausragend waren die Muttersprachler, die in der Kategorie B2 antraten. Ein H\u00f6hepunkt in der Organisation war das Planen einer hybriden Veranstaltung: Zwei Jurymitglieder waren vor Ort und drei weitere Mitglieder aus Mexiko-Stadt und Caracas wurden via Videokonferenz auf einer gro\u00dfen Leinwand zugeschaltet. Die Jury bestand aus erfahrenen Lehrern, Journalisten und Fachleuten aus der Werbebranche, die nicht wussten, welcher Teilnehmende von welcher Schule kam.<\/p>\n\n\n\n<div class=\"wp-block-group\"><div class=\"wp-block-group__inner-container\">\n<div class=\"wp-block-image is-style-rounded\"><figure class=\"aligncenter size-large is-resized\"><img loading=\"lazy\" src=\"http:\/\/www.ars-pohlheim.net\/wp-content\/uploads\/2023\/05\/20230321_111826-scaled-e1683104378351-629x1024.jpg\" alt=\"\" class=\"wp-image-10837\" width=\"187\" height=\"304\" srcset=\"https:\/\/www.ars-pohlheim.net\/wp-content\/uploads\/2023\/05\/20230321_111826-scaled-e1683104378351-629x1024.jpg 629w, https:\/\/www.ars-pohlheim.net\/wp-content\/uploads\/2023\/05\/20230321_111826-scaled-e1683104378351-184x300.jpg 184w, https:\/\/www.ars-pohlheim.net\/wp-content\/uploads\/2023\/05\/20230321_111826-scaled-e1683104378351-768x1250.jpg 768w, https:\/\/www.ars-pohlheim.net\/wp-content\/uploads\/2023\/05\/20230321_111826-scaled-e1683104378351-944x1536.jpg 944w, https:\/\/www.ars-pohlheim.net\/wp-content\/uploads\/2023\/05\/20230321_111826-scaled-e1683104378351.jpg 1152w\" sizes=\"(max-width: 187px) 100vw, 187px\" \/><\/figure><\/div>\n<\/div><\/div>\n\n\n\n<p>Nach einem sehr konzentrierten Wettbewerb, standen schlie\u00dflich die Teilnehmenden der Finals am 02.06.2023 im Instituto Cervantes in Frankfurt fest.<\/p>\n\n\n\n<p>Die Gewinner des Halbfinales waren Eileen Rahimzadeh von der Herderschule in der Kategorie A1, Naomi Yonke von derselben Schule in der Kategorie A2, Jaden Schindler, ebenfalls von der Herderschule, in der Kategorie B1 und Inma Morillo Beato von der Adolf-Reichwein-Schule in der Kategorie B2. Alle Teilnehmeden zeigten ein hohes Sprachniveau und \u00fcberzeugten die Jury mit ihrer Aussprache, Betonung und Interpretation der Texte.<\/p>\n\n\n\n<p><\/p>\n\n\n\n<figure class=\"wp-block-gallery columns-2 is-cropped\"><ul class=\"blocks-gallery-grid\"><li class=\"blocks-gallery-item\"><figure><img loading=\"lazy\" width=\"1024\" height=\"768\" src=\"https:\/\/www.ars-pohlheim.net\/wp-content\/uploads\/2023\/05\/IMG-20230322-WA0055.jpg\" alt=\"\" data-id=\"10840\" data-full-url=\"https:\/\/www.ars-pohlheim.net\/wp-content\/uploads\/2023\/05\/IMG-20230322-WA0055.jpg\" data-link=\"https:\/\/www.ars-pohlheim.net\/?attachment_id=10840\" class=\"wp-image-10840\" srcset=\"https:\/\/www.ars-pohlheim.net\/wp-content\/uploads\/2023\/05\/IMG-20230322-WA0055.jpg 1024w, https:\/\/www.ars-pohlheim.net\/wp-content\/uploads\/2023\/05\/IMG-20230322-WA0055-300x225.jpg 300w, https:\/\/www.ars-pohlheim.net\/wp-content\/uploads\/2023\/05\/IMG-20230322-WA0055-768x576.jpg 768w\" sizes=\"(max-width: 1024px) 100vw, 1024px\" \/><\/figure><\/li><li class=\"blocks-gallery-item\"><figure><img loading=\"lazy\" width=\"1024\" height=\"768\" src=\"https:\/\/www.ars-pohlheim.net\/wp-content\/uploads\/2023\/05\/IMG-20230322-WA0048.jpg\" alt=\"\" data-id=\"10841\" data-full-url=\"https:\/\/www.ars-pohlheim.net\/wp-content\/uploads\/2023\/05\/IMG-20230322-WA0048.jpg\" data-link=\"https:\/\/www.ars-pohlheim.net\/?attachment_id=10841\" class=\"wp-image-10841\" srcset=\"https:\/\/www.ars-pohlheim.net\/wp-content\/uploads\/2023\/05\/IMG-20230322-WA0048.jpg 1024w, https:\/\/www.ars-pohlheim.net\/wp-content\/uploads\/2023\/05\/IMG-20230322-WA0048-300x225.jpg 300w, https:\/\/www.ars-pohlheim.net\/wp-content\/uploads\/2023\/05\/IMG-20230322-WA0048-768x576.jpg 768w\" sizes=\"(max-width: 1024px) 100vw, 1024px\" \/><\/figure><\/li><\/ul><\/figure>\n\n\n\n<p><\/p>\n\n\n\n<p>Die enge Zusammenarbeit zwischen dem Fachbereich Spanisch und dem Fachbereich Musik der ARS brachte den Zuschauenden auch einen musikalischen Moment auf Spanisch. Die Sch\u00fclerinnen und Sch\u00fcler des Streichorchesters und des Chors interpretierten &#8222;Veo en ti la luz&#8220; aus dem Soundtrack von &#8222;Rapunzel &#8211; Neu verf\u00f6hnt&#8220;. Frau Inga Jung und Adora Deugoe Meyo sorgten f\u00fcr einen weiteren musikalischen Beitrag aus dem Soundtrack von &#8222;Encanto&#8220;, mit dem oscarnominierten Titel &#8222;Dos Orugitas&#8220;, den sie in spanischer Sprache live sangen.<\/p>\n\n\n\n<p>Das Halbfinale in Pohlheim war ein beeindruckendes Ereignis und bewies das hohe Sprachniveau der Sch\u00fclerinnen und Sch\u00fcler in Hessen. Wir gratulieren allen Teilnehmenden zu ihren Leistungen und w\u00fcnschen den Gewinnern viel Erfolg \u2013 mucho \u00e9xito \u2013 im Finale des Vorlesewettbewerbs &#8222;Leo, leo&#8230; \u00bfQu\u00e9 lees?&#8220;!<\/p>\n\n\n\n<p><a href=\"http:\/\/www.ars-pohlheim.net\/wp-content\/uploads\/2023\/05\/WhatsApp-Image-2023-05-31-at-15.42.02.jpeg\" target=\"_blank\" rel=\"noreferrer noopener\">Gie\u00dfener Allgemeine<\/a>, 31.05.23 (Seite 32)<\/p>\n","protected":false},"excerpt":{"rendered":"<p>Ein spannendes Halbfinale des spanischen Vorlesewettbewerbs in Pohlheim 2023 \u2013 Ein Erfolg f\u00fcr die teilnehmenden Schulen Hessens! In der 12. Auflage des spanischen Vorlesewettbewerbs &#8222;Leo, leo&#8230; \u00bfQu\u00e9 lees?&#8220; gab es von 70 staatlichen und privaten Schulen Hessens Teilnehmende in insgesamt 7 Halbfinals. Drei dieser Halbfinals fanden in Mittel- und Nordhessen statt: Pohlheim, Usingen und Zierenberg. &hellip; <a href=\"https:\/\/www.ars-pohlheim.net\/?p=10833\" class=\"more-link\"><span class=\"screen-reader-text\">Leo, leo&#8230; \u00bfQu\u00e9 lees? &#8211; Halbfinale<\/span> weiterlesen <span class=\"meta-nav\">&rarr;<\/span><\/a><\/p>\n","protected":false},"author":15,"featured_media":0,"comment_status":"closed","ping_status":"closed","sticky":false,"template":"","format":"standard","meta":{"ngg_post_thumbnail":0},"categories":[1],"tags":[],"_links":{"self":[{"href":"https:\/\/www.ars-pohlheim.net\/index.php?rest_route=\/wp\/v2\/posts\/10833"}],"collection":[{"href":"https:\/\/www.ars-pohlheim.net\/index.php?rest_route=\/wp\/v2\/posts"}],"about":[{"href":"https:\/\/www.ars-pohlheim.net\/index.php?rest_route=\/wp\/v2\/types\/post"}],"author":[{"embeddable":true,"href":"https:\/\/www.ars-pohlheim.net\/index.php?rest_route=\/wp\/v2\/users\/15"}],"replies":[{"embeddable":true,"href":"https:\/\/www.ars-pohlheim.net\/index.php?rest_route=%2Fwp%2Fv2%2Fcomments&post=10833"}],"version-history":[{"count":7,"href":"https:\/\/www.ars-pohlheim.net\/index.php?rest_route=\/wp\/v2\/posts\/10833\/revisions"}],"predecessor-version":[{"id":10878,"href":"https:\/\/www.ars-pohlheim.net\/index.php?rest_route=\/wp\/v2\/posts\/10833\/revisions\/10878"}],"wp:attachment":[{"href":"https:\/\/www.ars-pohlheim.net\/index.php?rest_route=%2Fwp%2Fv2%2Fmedia&parent=10833"}],"wp:term":[{"taxonomy":"category","embeddable":true,"href":"https:\/\/www.ars-pohlheim.net\/index.php?rest_route=%2Fwp%2Fv2%2Fcategories&post=10833"},{"taxonomy":"post_tag","embeddable":true,"href":"https:\/\/www.ars-pohlheim.net\/index.php?rest_route=%2Fwp%2Fv2%2Ftags&post=10833"}],"curies":[{"name":"wp","href":"https:\/\/api.w.org\/{rel}","templated":true}]}}