{"id":10764,"date":"2023-03-03T09:16:51","date_gmt":"2023-03-03T08:16:51","guid":{"rendered":"https:\/\/www.ars-pohlheim.net\/?p=10764"},"modified":"2023-03-03T09:16:54","modified_gmt":"2023-03-03T08:16:54","slug":"geschichtswettbewerb-des-bundespraesidenten","status":"publish","type":"post","link":"https:\/\/www.ars-pohlheim.net\/?p=10764","title":{"rendered":"Geschichtswettbewerb des Bundespr\u00e4sidenten"},"content":{"rendered":"\n<p>Der Geschichtswettbewerb des Bundespr\u00e4sidenten ist der gr\u00f6\u00dfte historische Forschungswettbewerb f\u00fcr junge Menschen in Deutschland. Er will bei Kindern und Jugendlichen das Interesse f\u00fcr die eigene Geschichte wecken, Selbstst\u00e4ndigkeit f\u00f6rdern und Verantwortungsbewusstsein st\u00e4rken. Ausgeschrieben wird der Geschichts\u00adwettbewerb zu wechselnden Themen in einem zweij\u00e4hrigen Turnus. Er startet am 1. September in geraden Jahren und endet mit dem Einsendeschluss am 28. Februar des jeweiligen Folgejahres.<\/p>\n\n\n<script type=\"text\/javascript\">jQuery(function() { _initLayerSlider( '#layerslider_34_1u9zhjy0xuzy7', {createdWith: '7.2.4', sliderVersion: '7.2.4', skin: 'v6', useSrcset: true, skinsPath: 'https:\/\/www.ars-pohlheim.net\/wp-content\/plugins\/LayerSlider\/assets\/static\/layerslider\/skins\/'}); });<\/script><div id=\"layerslider_34_1u9zhjy0xuzy7\" class=\"ls-wp-container fitvidsignore\" style=\"width:1280px;height:720px;margin:0 auto;margin-bottom: 0px;\"><div class=\"ls-slide\" data-ls=\"bgsize:contain;kenburnsscale:1.2;\"><img width=\"1600\" height=\"1360\" src=\"https:\/\/www.ars-pohlheim.net\/wp-content\/uploads\/2023\/03\/Bild-8.jpg\" class=\"ls-bg\" alt=\"\" srcset=\"https:\/\/www.ars-pohlheim.net\/wp-content\/uploads\/2023\/03\/Bild-8.jpg 1600w, https:\/\/www.ars-pohlheim.net\/wp-content\/uploads\/2023\/03\/Bild-8-300x255.jpg 300w, https:\/\/www.ars-pohlheim.net\/wp-content\/uploads\/2023\/03\/Bild-8-1024x870.jpg 1024w, https:\/\/www.ars-pohlheim.net\/wp-content\/uploads\/2023\/03\/Bild-8-768x653.jpg 768w, https:\/\/www.ars-pohlheim.net\/wp-content\/uploads\/2023\/03\/Bild-8-1536x1306.jpg 1536w\" sizes=\"(max-width: 1600px) 100vw, 1600px\" \/><\/div><div class=\"ls-slide\" data-ls=\"kenburnsscale:1.2;\"><img width=\"1600\" height=\"1150\" src=\"https:\/\/www.ars-pohlheim.net\/wp-content\/uploads\/2023\/03\/Bild-7.jpg\" class=\"ls-bg\" alt=\"\" srcset=\"https:\/\/www.ars-pohlheim.net\/wp-content\/uploads\/2023\/03\/Bild-7.jpg 1600w, https:\/\/www.ars-pohlheim.net\/wp-content\/uploads\/2023\/03\/Bild-7-300x216.jpg 300w, https:\/\/www.ars-pohlheim.net\/wp-content\/uploads\/2023\/03\/Bild-7-1024x736.jpg 1024w, https:\/\/www.ars-pohlheim.net\/wp-content\/uploads\/2023\/03\/Bild-7-768x552.jpg 768w, https:\/\/www.ars-pohlheim.net\/wp-content\/uploads\/2023\/03\/Bild-7-1536x1104.jpg 1536w\" sizes=\"(max-width: 1600px) 100vw, 1600px\" \/><\/div><div class=\"ls-slide\" data-ls=\"bgsize:contain;kenburnsscale:1.2;\"><img width=\"1600\" height=\"1198\" src=\"https:\/\/www.ars-pohlheim.net\/wp-content\/uploads\/2023\/03\/Bild-5.jpg\" class=\"ls-bg\" alt=\"\" srcset=\"https:\/\/www.ars-pohlheim.net\/wp-content\/uploads\/2023\/03\/Bild-5.jpg 1600w, https:\/\/www.ars-pohlheim.net\/wp-content\/uploads\/2023\/03\/Bild-5-300x225.jpg 300w, https:\/\/www.ars-pohlheim.net\/wp-content\/uploads\/2023\/03\/Bild-5-1024x767.jpg 1024w, https:\/\/www.ars-pohlheim.net\/wp-content\/uploads\/2023\/03\/Bild-5-768x575.jpg 768w, https:\/\/www.ars-pohlheim.net\/wp-content\/uploads\/2023\/03\/Bild-5-1536x1150.jpg 1536w\" sizes=\"(max-width: 1600px) 100vw, 1600px\" \/><\/div><div class=\"ls-slide\" data-ls=\"bgsize:contain;kenburnsscale:1.2;\"><img width=\"1492\" height=\"1600\" src=\"https:\/\/www.ars-pohlheim.net\/wp-content\/uploads\/2023\/03\/Bild-1.jpg\" class=\"ls-bg\" alt=\"\" srcset=\"https:\/\/www.ars-pohlheim.net\/wp-content\/uploads\/2023\/03\/Bild-1.jpg 1492w, https:\/\/www.ars-pohlheim.net\/wp-content\/uploads\/2023\/03\/Bild-1-280x300.jpg 280w, https:\/\/www.ars-pohlheim.net\/wp-content\/uploads\/2023\/03\/Bild-1-955x1024.jpg 955w, https:\/\/www.ars-pohlheim.net\/wp-content\/uploads\/2023\/03\/Bild-1-768x824.jpg 768w, https:\/\/www.ars-pohlheim.net\/wp-content\/uploads\/2023\/03\/Bild-1-1432x1536.jpg 1432w\" sizes=\"(max-width: 1492px) 100vw, 1492px\" \/><\/div><div class=\"ls-slide\" data-ls=\"bgsize:contain;kenburnsscale:1.2;\"><img width=\"1322\" height=\"1600\" src=\"https:\/\/www.ars-pohlheim.net\/wp-content\/uploads\/2023\/03\/Bild-3.jpg\" class=\"ls-bg\" alt=\"\" srcset=\"https:\/\/www.ars-pohlheim.net\/wp-content\/uploads\/2023\/03\/Bild-3.jpg 1322w, https:\/\/www.ars-pohlheim.net\/wp-content\/uploads\/2023\/03\/Bild-3-248x300.jpg 248w, https:\/\/www.ars-pohlheim.net\/wp-content\/uploads\/2023\/03\/Bild-3-846x1024.jpg 846w, https:\/\/www.ars-pohlheim.net\/wp-content\/uploads\/2023\/03\/Bild-3-768x930.jpg 768w, https:\/\/www.ars-pohlheim.net\/wp-content\/uploads\/2023\/03\/Bild-3-1269x1536.jpg 1269w\" sizes=\"(max-width: 1322px) 100vw, 1322px\" \/><\/div><\/div>\n\n\n\n<p><br>Das Thema der diesj\u00e4hrigen Ausschreibung des Geschichtswettbewerbs lautet: <strong>\u201eMehr als ein Dach \u00fcber dem Kopf. Wohnen hat Geschichte\u201c.<\/strong><\/p>\n\n\n\n<p>Hierzu haben sich die Sch\u00fclerinnen und Sch\u00fcler der Klasse 9a mit ihrer GL-Lehrerin Frau O. Schmidt und mit der Unterst\u00fctzung von Herrn Rentmeister mit der Thematik des Wohnens bezogen auf ihren Lebensmittelpunkt Pohlheim \u2013 heute und fr\u00fcher \u2013 besch\u00e4ftigt. Dabei haben sie sich Wohnverh\u00e4ltnisse der Vergangenheit heraus\u00adgesucht und ihre Bedeutung f\u00fcr Pohlheim erforscht.<\/p>\n\n\n\n<figure class=\"wp-block-gallery columns-3 is-cropped\"><ul class=\"blocks-gallery-grid\"><li class=\"blocks-gallery-item\"><figure><img loading=\"lazy\" width=\"1024\" height=\"882\" src=\"http:\/\/www.ars-pohlheim.net\/wp-content\/uploads\/2023\/03\/Bild-6-1024x882.jpg\" alt=\"\" data-id=\"10770\" data-full-url=\"http:\/\/www.ars-pohlheim.net\/wp-content\/uploads\/2023\/03\/Bild-6.jpg\" data-link=\"https:\/\/www.ars-pohlheim.net\/?attachment_id=10770\" class=\"wp-image-10770\" srcset=\"https:\/\/www.ars-pohlheim.net\/wp-content\/uploads\/2023\/03\/Bild-6-1024x882.jpg 1024w, https:\/\/www.ars-pohlheim.net\/wp-content\/uploads\/2023\/03\/Bild-6-300x258.jpg 300w, https:\/\/www.ars-pohlheim.net\/wp-content\/uploads\/2023\/03\/Bild-6-768x661.jpg 768w, https:\/\/www.ars-pohlheim.net\/wp-content\/uploads\/2023\/03\/Bild-6-1536x1323.jpg 1536w, https:\/\/www.ars-pohlheim.net\/wp-content\/uploads\/2023\/03\/Bild-6.jpg 1600w\" sizes=\"(max-width: 1024px) 100vw, 1024px\" \/><\/figure><\/li><li class=\"blocks-gallery-item\"><figure><img loading=\"lazy\" width=\"687\" height=\"1024\" src=\"http:\/\/www.ars-pohlheim.net\/wp-content\/uploads\/2023\/03\/Bild-4-687x1024.jpg\" alt=\"\" data-id=\"10768\" data-full-url=\"http:\/\/www.ars-pohlheim.net\/wp-content\/uploads\/2023\/03\/Bild-4.jpg\" data-link=\"https:\/\/www.ars-pohlheim.net\/?attachment_id=10768\" class=\"wp-image-10768\" srcset=\"https:\/\/www.ars-pohlheim.net\/wp-content\/uploads\/2023\/03\/Bild-4-687x1024.jpg 687w, https:\/\/www.ars-pohlheim.net\/wp-content\/uploads\/2023\/03\/Bild-4-201x300.jpg 201w, https:\/\/www.ars-pohlheim.net\/wp-content\/uploads\/2023\/03\/Bild-4-768x1144.jpg 768w, https:\/\/www.ars-pohlheim.net\/wp-content\/uploads\/2023\/03\/Bild-4-1031x1536.jpg 1031w, https:\/\/www.ars-pohlheim.net\/wp-content\/uploads\/2023\/03\/Bild-4.jpg 1074w\" sizes=\"(max-width: 687px) 100vw, 687px\" \/><\/figure><\/li><li class=\"blocks-gallery-item\"><figure><img loading=\"lazy\" width=\"1024\" height=\"740\" src=\"http:\/\/www.ars-pohlheim.net\/wp-content\/uploads\/2023\/03\/Bild-2-1024x740.jpg\" alt=\"\" data-id=\"10766\" data-full-url=\"http:\/\/www.ars-pohlheim.net\/wp-content\/uploads\/2023\/03\/Bild-2.jpg\" data-link=\"https:\/\/www.ars-pohlheim.net\/?attachment_id=10766\" class=\"wp-image-10766\" srcset=\"https:\/\/www.ars-pohlheim.net\/wp-content\/uploads\/2023\/03\/Bild-2-1024x740.jpg 1024w, https:\/\/www.ars-pohlheim.net\/wp-content\/uploads\/2023\/03\/Bild-2-300x217.jpg 300w, https:\/\/www.ars-pohlheim.net\/wp-content\/uploads\/2023\/03\/Bild-2-768x555.jpg 768w, https:\/\/www.ars-pohlheim.net\/wp-content\/uploads\/2023\/03\/Bild-2-1536x1110.jpg 1536w, https:\/\/www.ars-pohlheim.net\/wp-content\/uploads\/2023\/03\/Bild-2.jpg 1600w\" sizes=\"(max-width: 1024px) 100vw, 1024px\" \/><\/figure><\/li><\/ul><\/figure>\n\n\n\n<p>Wie sahen die Wohnh\u00e4user aus? Was steht heute am selben Ort? Wer waren die Menschen, die dort lebten? Mit diesen und weiteren Fragen haben sich die Jugendlichen in Gruppen auseinandergesetzt und sind mit Hilfe des Pohlheimer Archivs auf Spurensuche gegangen. Der Beitrag der Sch\u00fclerinnen und Sch\u00fcler der Klasse 9a ist eine Ausstellung ihrer Arbeiten im Foyer der Adolf-Reichwein-Schule geworden, die sich sehen lassen kann.<\/p>\n\n\n\n<p>Filiz Bulut<\/p>\n","protected":false},"excerpt":{"rendered":"<p>Der Geschichtswettbewerb des Bundespr\u00e4sidenten ist der gr\u00f6\u00dfte historische Forschungswettbewerb f\u00fcr junge Menschen in Deutschland. Er will bei Kindern und Jugendlichen das Interesse f\u00fcr die eigene Geschichte wecken, Selbstst\u00e4ndigkeit f\u00f6rdern und Verantwortungsbewusstsein st\u00e4rken. Ausgeschrieben wird der Geschichts\u00adwettbewerb zu wechselnden Themen in einem zweij\u00e4hrigen Turnus. Er startet am 1. September in geraden Jahren und endet mit dem &hellip; <a href=\"https:\/\/www.ars-pohlheim.net\/?p=10764\" class=\"more-link\"><span class=\"screen-reader-text\">Geschichtswettbewerb des Bundespr\u00e4sidenten<\/span> weiterlesen <span class=\"meta-nav\">&rarr;<\/span><\/a><\/p>\n","protected":false},"author":15,"featured_media":0,"comment_status":"closed","ping_status":"closed","sticky":false,"template":"","format":"standard","meta":{"ngg_post_thumbnail":0},"categories":[1],"tags":[],"_links":{"self":[{"href":"https:\/\/www.ars-pohlheim.net\/index.php?rest_route=\/wp\/v2\/posts\/10764"}],"collection":[{"href":"https:\/\/www.ars-pohlheim.net\/index.php?rest_route=\/wp\/v2\/posts"}],"about":[{"href":"https:\/\/www.ars-pohlheim.net\/index.php?rest_route=\/wp\/v2\/types\/post"}],"author":[{"embeddable":true,"href":"https:\/\/www.ars-pohlheim.net\/index.php?rest_route=\/wp\/v2\/users\/15"}],"replies":[{"embeddable":true,"href":"https:\/\/www.ars-pohlheim.net\/index.php?rest_route=%2Fwp%2Fv2%2Fcomments&post=10764"}],"version-history":[{"count":4,"href":"https:\/\/www.ars-pohlheim.net\/index.php?rest_route=\/wp\/v2\/posts\/10764\/revisions"}],"predecessor-version":[{"id":10776,"href":"https:\/\/www.ars-pohlheim.net\/index.php?rest_route=\/wp\/v2\/posts\/10764\/revisions\/10776"}],"wp:attachment":[{"href":"https:\/\/www.ars-pohlheim.net\/index.php?rest_route=%2Fwp%2Fv2%2Fmedia&parent=10764"}],"wp:term":[{"taxonomy":"category","embeddable":true,"href":"https:\/\/www.ars-pohlheim.net\/index.php?rest_route=%2Fwp%2Fv2%2Fcategories&post=10764"},{"taxonomy":"post_tag","embeddable":true,"href":"https:\/\/www.ars-pohlheim.net\/index.php?rest_route=%2Fwp%2Fv2%2Ftags&post=10764"}],"curies":[{"name":"wp","href":"https:\/\/api.w.org\/{rel}","templated":true}]}}