{"id":10717,"date":"2023-02-04T11:59:51","date_gmt":"2023-02-04T10:59:51","guid":{"rendered":"https:\/\/www.ars-pohlheim.net\/?p=10717"},"modified":"2025-01-31T11:38:31","modified_gmt":"2025-01-31T10:38:31","slug":"gedenkaktionen-an-der-adolf-reichwein-schule","status":"publish","type":"post","link":"https:\/\/www.ars-pohlheim.net\/?p=10717","title":{"rendered":"Gedenkaktionen an der Adolf-Reichwein-Schule"},"content":{"rendered":"\n<p>In der Woche zum Holocaust-Gedenktag hat der Fachbereich GL in Kooperation mit dem Verein Stolpersteine Pohlheim e.V. Aktionen geplant, um den Menschen, die im Holocaust umgekommen sind, zu gedenken.<\/p>\n\n\n<script type=\"text\/javascript\">jQuery(function() { _initLayerSlider( '#layerslider_33_wbpe2lt1tikt', {createdWith: '7.2.4', sliderVersion: '7.2.4', startInViewport: false, skin: 'v6', useSrcset: true, skinsPath: 'https:\/\/www.ars-pohlheim.net\/wp-content\/plugins\/LayerSlider\/assets\/static\/layerslider\/skins\/'}); });<\/script><div id=\"layerslider_33_wbpe2lt1tikt\" class=\"ls-wp-container fitvidsignore\" style=\"width:1280px;height:720px;margin:0 auto;margin-bottom: 0px;\"><div class=\"ls-slide\" data-ls=\"duration:5000;kenburnsscale:1.2;\"><img width=\"1500\" height=\"2000\" src=\"https:\/\/www.ars-pohlheim.net\/wp-content\/uploads\/2023\/02\/Katz-2-1.jpg\" class=\"ls-bg\" alt=\"\" srcset=\"https:\/\/www.ars-pohlheim.net\/wp-content\/uploads\/2023\/02\/Katz-2-1.jpg 1500w, https:\/\/www.ars-pohlheim.net\/wp-content\/uploads\/2023\/02\/Katz-2-1-225x300.jpg 225w, https:\/\/www.ars-pohlheim.net\/wp-content\/uploads\/2023\/02\/Katz-2-1-768x1024.jpg 768w, https:\/\/www.ars-pohlheim.net\/wp-content\/uploads\/2023\/02\/Katz-2-1-1152x1536.jpg 1152w\" sizes=\"(max-width: 1500px) 100vw, 1500px\" \/><\/div><div class=\"ls-slide\" data-ls=\"bgsize:contain;duration:5000;kenburnsscale:1.2;\"><img width=\"2560\" height=\"1874\" src=\"https:\/\/www.ars-pohlheim.net\/wp-content\/uploads\/2023\/02\/DSC_8600-c-Tim-van-Slobbe-scaled.jpg\" class=\"ls-bg\" alt=\"\" srcset=\"https:\/\/www.ars-pohlheim.net\/wp-content\/uploads\/2023\/02\/DSC_8600-c-Tim-van-Slobbe-scaled.jpg 2560w, https:\/\/www.ars-pohlheim.net\/wp-content\/uploads\/2023\/02\/DSC_8600-c-Tim-van-Slobbe-300x220.jpg 300w, https:\/\/www.ars-pohlheim.net\/wp-content\/uploads\/2023\/02\/DSC_8600-c-Tim-van-Slobbe-1024x750.jpg 1024w, https:\/\/www.ars-pohlheim.net\/wp-content\/uploads\/2023\/02\/DSC_8600-c-Tim-van-Slobbe-768x562.jpg 768w, https:\/\/www.ars-pohlheim.net\/wp-content\/uploads\/2023\/02\/DSC_8600-c-Tim-van-Slobbe-1536x1124.jpg 1536w, https:\/\/www.ars-pohlheim.net\/wp-content\/uploads\/2023\/02\/DSC_8600-c-Tim-van-Slobbe-2048x1499.jpg 2048w\" sizes=\"(max-width: 2560px) 100vw, 2560px\" \/><\/div><div class=\"ls-slide\" data-ls=\"kenburnsscale:1.2;\"><img width=\"2560\" height=\"1261\" src=\"https:\/\/www.ars-pohlheim.net\/wp-content\/uploads\/2023\/02\/DSC_8625-Totale-01-c-Tim-van-Slobbe-scaled.jpg\" class=\"ls-bg\" alt=\"\" srcset=\"https:\/\/www.ars-pohlheim.net\/wp-content\/uploads\/2023\/02\/DSC_8625-Totale-01-c-Tim-van-Slobbe-scaled.jpg 2560w, https:\/\/www.ars-pohlheim.net\/wp-content\/uploads\/2023\/02\/DSC_8625-Totale-01-c-Tim-van-Slobbe-300x148.jpg 300w, https:\/\/www.ars-pohlheim.net\/wp-content\/uploads\/2023\/02\/DSC_8625-Totale-01-c-Tim-van-Slobbe-1024x505.jpg 1024w, https:\/\/www.ars-pohlheim.net\/wp-content\/uploads\/2023\/02\/DSC_8625-Totale-01-c-Tim-van-Slobbe-768x378.jpg 768w, https:\/\/www.ars-pohlheim.net\/wp-content\/uploads\/2023\/02\/DSC_8625-Totale-01-c-Tim-van-Slobbe-1536x757.jpg 1536w, https:\/\/www.ars-pohlheim.net\/wp-content\/uploads\/2023\/02\/DSC_8625-Totale-01-c-Tim-van-Slobbe-2048x1009.jpg 2048w\" sizes=\"(max-width: 2560px) 100vw, 2560px\" \/><\/div><div class=\"ls-slide\" data-ls=\"kenburnsscale:1.2;\"><img width=\"1135\" height=\"641\" src=\"https:\/\/www.ars-pohlheim.net\/wp-content\/uploads\/2023\/02\/DSC_8700-Schuelerinnen-02-c-Tim-van-Slobbe.jpg\" class=\"ls-bg\" alt=\"\" srcset=\"https:\/\/www.ars-pohlheim.net\/wp-content\/uploads\/2023\/02\/DSC_8700-Schuelerinnen-02-c-Tim-van-Slobbe.jpg 1135w, https:\/\/www.ars-pohlheim.net\/wp-content\/uploads\/2023\/02\/DSC_8700-Schuelerinnen-02-c-Tim-van-Slobbe-300x169.jpg 300w, https:\/\/www.ars-pohlheim.net\/wp-content\/uploads\/2023\/02\/DSC_8700-Schuelerinnen-02-c-Tim-van-Slobbe-1024x578.jpg 1024w, https:\/\/www.ars-pohlheim.net\/wp-content\/uploads\/2023\/02\/DSC_8700-Schuelerinnen-02-c-Tim-van-Slobbe-768x434.jpg 768w\" sizes=\"(max-width: 1135px) 100vw, 1135px\" \/><\/div><div class=\"ls-slide\" data-ls=\"kenburnsscale:1.2;\"><img width=\"2560\" height=\"1827\" src=\"https:\/\/www.ars-pohlheim.net\/wp-content\/uploads\/2023\/02\/DSC_8645-Dahlen-und-Grochowski-c-Tim-van-Slobbe-scaled.jpg\" class=\"ls-bg\" alt=\"\" srcset=\"https:\/\/www.ars-pohlheim.net\/wp-content\/uploads\/2023\/02\/DSC_8645-Dahlen-und-Grochowski-c-Tim-van-Slobbe-scaled.jpg 2560w, https:\/\/www.ars-pohlheim.net\/wp-content\/uploads\/2023\/02\/DSC_8645-Dahlen-und-Grochowski-c-Tim-van-Slobbe-300x214.jpg 300w, https:\/\/www.ars-pohlheim.net\/wp-content\/uploads\/2023\/02\/DSC_8645-Dahlen-und-Grochowski-c-Tim-van-Slobbe-1024x731.jpg 1024w, https:\/\/www.ars-pohlheim.net\/wp-content\/uploads\/2023\/02\/DSC_8645-Dahlen-und-Grochowski-c-Tim-van-Slobbe-768x548.jpg 768w, https:\/\/www.ars-pohlheim.net\/wp-content\/uploads\/2023\/02\/DSC_8645-Dahlen-und-Grochowski-c-Tim-van-Slobbe-1536x1096.jpg 1536w, https:\/\/www.ars-pohlheim.net\/wp-content\/uploads\/2023\/02\/DSC_8645-Dahlen-und-Grochowski-c-Tim-van-Slobbe-2048x1461.jpg 2048w\" sizes=\"(max-width: 2560px) 100vw, 2560px\" \/><\/div><div class=\"ls-slide\" data-ls=\"kenburnsscale:1.2;\"><img width=\"2560\" height=\"1696\" src=\"https:\/\/www.ars-pohlheim.net\/wp-content\/uploads\/2023\/02\/DSC_8658-Trompete-01-c-Tim-van-Slobbe-scaled.jpg\" class=\"ls-bg\" alt=\"\" srcset=\"https:\/\/www.ars-pohlheim.net\/wp-content\/uploads\/2023\/02\/DSC_8658-Trompete-01-c-Tim-van-Slobbe-scaled.jpg 2560w, https:\/\/www.ars-pohlheim.net\/wp-content\/uploads\/2023\/02\/DSC_8658-Trompete-01-c-Tim-van-Slobbe-300x199.jpg 300w, https:\/\/www.ars-pohlheim.net\/wp-content\/uploads\/2023\/02\/DSC_8658-Trompete-01-c-Tim-van-Slobbe-1024x678.jpg 1024w, https:\/\/www.ars-pohlheim.net\/wp-content\/uploads\/2023\/02\/DSC_8658-Trompete-01-c-Tim-van-Slobbe-768x509.jpg 768w, https:\/\/www.ars-pohlheim.net\/wp-content\/uploads\/2023\/02\/DSC_8658-Trompete-01-c-Tim-van-Slobbe-1536x1017.jpg 1536w, https:\/\/www.ars-pohlheim.net\/wp-content\/uploads\/2023\/02\/DSC_8658-Trompete-01-c-Tim-van-Slobbe-2048x1356.jpg 2048w\" sizes=\"(max-width: 2560px) 100vw, 2560px\" \/><\/div><div class=\"ls-slide\" data-ls=\"kenburnsscale:1.2;\"><img width=\"2560\" height=\"1824\" src=\"https:\/\/www.ars-pohlheim.net\/wp-content\/uploads\/2023\/02\/DSC_8712-Schuelerinnen-01-c-Tim-van-Slobbe-scaled.jpg\" class=\"ls-bg\" alt=\"\" srcset=\"https:\/\/www.ars-pohlheim.net\/wp-content\/uploads\/2023\/02\/DSC_8712-Schuelerinnen-01-c-Tim-van-Slobbe-scaled.jpg 2560w, https:\/\/www.ars-pohlheim.net\/wp-content\/uploads\/2023\/02\/DSC_8712-Schuelerinnen-01-c-Tim-van-Slobbe-300x214.jpg 300w, https:\/\/www.ars-pohlheim.net\/wp-content\/uploads\/2023\/02\/DSC_8712-Schuelerinnen-01-c-Tim-van-Slobbe-1024x729.jpg 1024w, https:\/\/www.ars-pohlheim.net\/wp-content\/uploads\/2023\/02\/DSC_8712-Schuelerinnen-01-c-Tim-van-Slobbe-768x547.jpg 768w, https:\/\/www.ars-pohlheim.net\/wp-content\/uploads\/2023\/02\/DSC_8712-Schuelerinnen-01-c-Tim-van-Slobbe-1536x1094.jpg 1536w, https:\/\/www.ars-pohlheim.net\/wp-content\/uploads\/2023\/02\/DSC_8712-Schuelerinnen-01-c-Tim-van-Slobbe-2048x1459.jpg 2048w\" sizes=\"(max-width: 2560px) 100vw, 2560px\" \/><\/div><div class=\"ls-slide\" data-ls=\"kenburnsscale:1.2;\"><img width=\"2560\" height=\"1781\" src=\"https:\/\/www.ars-pohlheim.net\/wp-content\/uploads\/2023\/02\/DSC_8770-ARS-Lied-c-Tim-van-Slobbe-scaled.jpg\" class=\"ls-bg\" alt=\"\" srcset=\"https:\/\/www.ars-pohlheim.net\/wp-content\/uploads\/2023\/02\/DSC_8770-ARS-Lied-c-Tim-van-Slobbe-scaled.jpg 2560w, https:\/\/www.ars-pohlheim.net\/wp-content\/uploads\/2023\/02\/DSC_8770-ARS-Lied-c-Tim-van-Slobbe-300x209.jpg 300w, https:\/\/www.ars-pohlheim.net\/wp-content\/uploads\/2023\/02\/DSC_8770-ARS-Lied-c-Tim-van-Slobbe-1024x712.jpg 1024w, https:\/\/www.ars-pohlheim.net\/wp-content\/uploads\/2023\/02\/DSC_8770-ARS-Lied-c-Tim-van-Slobbe-768x534.jpg 768w, https:\/\/www.ars-pohlheim.net\/wp-content\/uploads\/2023\/02\/DSC_8770-ARS-Lied-c-Tim-van-Slobbe-1536x1069.jpg 1536w, https:\/\/www.ars-pohlheim.net\/wp-content\/uploads\/2023\/02\/DSC_8770-ARS-Lied-c-Tim-van-Slobbe-2048x1425.jpg 2048w\" sizes=\"(max-width: 2560px) 100vw, 2560px\" \/><\/div><\/div>\n\n\n\n<p><\/p>\n\n\n\n<p><strong>Holocaust-Gedenktag an der ARS<\/strong><\/p>\n\n\n\n<p>Die Sch\u00fclerinnen und Sch\u00fcler der Klasse 10d haben an dem Crowdsourcing-Projekt \u201eJeder Name z\u00e4hlt\u201c der Arolsen Archives teilgenehmen. Die Arolsen Archives geh\u00f6ren zum UNESCO-Weltdokumentenerbe. Sie haben das Ziel, so bald wie m\u00f6glich alle Namen aus den Deportations- und Transportlisten der Arolsen Archives von deportierten Juden in einem Online-Archiv zu digitalisieren. Hierbei handelte es sich diesmal um Transportlisten aus dem KZ Stutthof.<\/p>\n\n\n\n<p>Die Sch\u00fclerinnen und Sch\u00fcler haben dabei geholfen, die Informationen auf den Dokumenten zu erfassen, und die Bedeutung dieser Arbeit kennenzulernen. Oft ist der Name auf einer Liste die letzte Spur eines Menschen vor seiner Ermordung durch die Nationalsozialisten. Daher ist es besonders f\u00fcr Familienangeh\u00f6rige enorm wichtig, die Namen einfach und von \u00fcberall auf der Welt aus finden zu k\u00f6nnen.<\/p>\n\n\n\n<figure class=\"wp-block-gallery columns-3 is-cropped\"><ul class=\"blocks-gallery-grid\"><li class=\"blocks-gallery-item\"><figure><img loading=\"lazy\" width=\"768\" height=\"1024\" src=\"http:\/\/www.ars-pohlheim.net\/wp-content\/uploads\/2023\/02\/Nunenthal-1-768x1024.jpg\" alt=\"\" data-id=\"10724\" data-full-url=\"http:\/\/www.ars-pohlheim.net\/wp-content\/uploads\/2023\/02\/Nunenthal-1.jpg\" data-link=\"https:\/\/www.ars-pohlheim.net\/?attachment_id=10724\" class=\"wp-image-10724\" srcset=\"https:\/\/www.ars-pohlheim.net\/wp-content\/uploads\/2023\/02\/Nunenthal-1-768x1024.jpg 768w, https:\/\/www.ars-pohlheim.net\/wp-content\/uploads\/2023\/02\/Nunenthal-1-225x300.jpg 225w, https:\/\/www.ars-pohlheim.net\/wp-content\/uploads\/2023\/02\/Nunenthal-1-1152x1536.jpg 1152w, https:\/\/www.ars-pohlheim.net\/wp-content\/uploads\/2023\/02\/Nunenthal-1.jpg 1500w\" sizes=\"(max-width: 768px) 100vw, 768px\" \/><\/figure><\/li><li class=\"blocks-gallery-item\"><figure><img loading=\"lazy\" width=\"768\" height=\"1024\" src=\"http:\/\/www.ars-pohlheim.net\/wp-content\/uploads\/2023\/02\/Gruenebaum-1-768x1024.jpg\" alt=\"\" data-id=\"10721\" data-full-url=\"http:\/\/www.ars-pohlheim.net\/wp-content\/uploads\/2023\/02\/Gruenebaum-1.jpg\" data-link=\"https:\/\/www.ars-pohlheim.net\/?attachment_id=10721\" class=\"wp-image-10721\" srcset=\"https:\/\/www.ars-pohlheim.net\/wp-content\/uploads\/2023\/02\/Gruenebaum-1-768x1024.jpg 768w, https:\/\/www.ars-pohlheim.net\/wp-content\/uploads\/2023\/02\/Gruenebaum-1-225x300.jpg 225w, https:\/\/www.ars-pohlheim.net\/wp-content\/uploads\/2023\/02\/Gruenebaum-1-1152x1536.jpg 1152w, https:\/\/www.ars-pohlheim.net\/wp-content\/uploads\/2023\/02\/Gruenebaum-1.jpg 1500w\" sizes=\"(max-width: 768px) 100vw, 768px\" \/><\/figure><\/li><li class=\"blocks-gallery-item\"><figure><img loading=\"lazy\" width=\"768\" height=\"1024\" src=\"http:\/\/www.ars-pohlheim.net\/wp-content\/uploads\/2023\/02\/Adler-1-768x1024.jpg\" alt=\"\" data-id=\"10720\" data-full-url=\"http:\/\/www.ars-pohlheim.net\/wp-content\/uploads\/2023\/02\/Adler-1.jpg\" data-link=\"https:\/\/www.ars-pohlheim.net\/?attachment_id=10720\" class=\"wp-image-10720\" srcset=\"https:\/\/www.ars-pohlheim.net\/wp-content\/uploads\/2023\/02\/Adler-1-768x1024.jpg 768w, https:\/\/www.ars-pohlheim.net\/wp-content\/uploads\/2023\/02\/Adler-1-225x300.jpg 225w, https:\/\/www.ars-pohlheim.net\/wp-content\/uploads\/2023\/02\/Adler-1-1152x1536.jpg 1152w, https:\/\/www.ars-pohlheim.net\/wp-content\/uploads\/2023\/02\/Adler-1.jpg 1500w\" sizes=\"(max-width: 768px) 100vw, 768px\" \/><\/figure><\/li><li class=\"blocks-gallery-item\"><figure><img loading=\"lazy\" width=\"768\" height=\"1024\" src=\"http:\/\/www.ars-pohlheim.net\/wp-content\/uploads\/2023\/02\/Katz-1-768x1024.jpg\" alt=\"\" data-id=\"10722\" data-full-url=\"http:\/\/www.ars-pohlheim.net\/wp-content\/uploads\/2023\/02\/Katz-1.jpg\" data-link=\"https:\/\/www.ars-pohlheim.net\/?attachment_id=10722\" class=\"wp-image-10722\" srcset=\"https:\/\/www.ars-pohlheim.net\/wp-content\/uploads\/2023\/02\/Katz-1-768x1024.jpg 768w, https:\/\/www.ars-pohlheim.net\/wp-content\/uploads\/2023\/02\/Katz-1-225x300.jpg 225w, https:\/\/www.ars-pohlheim.net\/wp-content\/uploads\/2023\/02\/Katz-1-1152x1536.jpg 1152w, https:\/\/www.ars-pohlheim.net\/wp-content\/uploads\/2023\/02\/Katz-1.jpg 1500w\" sizes=\"(max-width: 768px) 100vw, 768px\" \/><\/figure><\/li><\/ul><\/figure>\n\n\n\n<p>Nach einer gemeinsamen Einf\u00fchrung in die Thematik haben sich dann die Sch\u00fclerinnen und Sch\u00fcler an die Digitalisierung der Listen aus dem Archiv gemacht.<\/p>\n\n\n\n<p>Parallel dazu haben die Sch\u00fclerinnen und Sch\u00fcler auch Juden und ihre Geschichte aus dem Ort Pohlheim kennengelernt. Hierzu wurden sie zu den f\u00fcnf Verlegestellen in Watzenborn-Steinberg in Kleingruppen gef\u00fchrt. Bei den Stolpersteinen haben sie durch Frau van Slobbe, Stolpersteine Pohlheim e.V., erfahren, wie es den Pohlheimer Juden bei ihrer Umsiedlung\/Deportation ergangen ist. Anschlie\u00dfend wurden in einer Reinigungsaktion die Stolpersteine auf Hochglanz geputzt.<\/p>\n\n\n\n<p><a href=\"http:\/\/www.ars-pohlheim.net\/wp-content\/uploads\/2023\/02\/Artikel-1-e1675508215660.jpg\" target=\"_blank\" rel=\"noreferrer noopener\">Engagement am Gedenktag<\/a> (Gie\u00dfener Anzeiger, 27.1.23)<br><a rel=\"noreferrer noopener\" href=\"http:\/\/www.ars-pohlheim.net\/wp-content\/uploads\/2023\/02\/Artikel-2.jpg\" target=\"_blank\">Erinnerungskultur pflegen<\/a> (Gie\u00dfener Allgemeine, 27.1.23)<\/p>\n\n\n\n<p>Die Auftaktveranstaltung hatte bereits am 24. Januar im Rahmen einer vom Auschwitz-Komitee in der Bundesrepublik Deutschland e. V. organisierten und durch die Hessische Landeszentrale f\u00fcr politische Bildung gef\u00f6rderte Vortragsreihe stattgefunden (siehe auch Bericht vom 31. Januar).<\/p>\n\n\n\n<p>Mieczys\u0142aw \u201eMietek\u201c Grochowski besuchte  die Adolf-Reichwein-Schule, um vor dem Jahrgang 9 \u00fcber seine Kindheitserinnerungen an das Internierungs- und Arbeitslager Lebrechtsdorf-Potulitz zu sprechen.<\/p>\n\n\n\n<!--more-->\n\n\n\n<p>Mietek wurde am 25.3.1939 in Pommern in Nordpolen geboren. Er war das j\u00fcngste von acht Kindern. In Pommern wurde viel Deutsch gesprochen und es war das politische Ziel der NS-Politik das Land zu \u201egermanisieren\u201c. Daf\u00fcr mussten sich die Menschen in eine sogenannte \u201eVolksliste\u201c eintragen, damit sie Deutsche wurden. Mieteks Vater, wie auch sein Gro\u00dfvater, weigerten sich zu unterschreiben. Sie wollten ihre polnische Identit\u00e4t nicht aufgeben und auch nicht gegen Polen in den Krieg ziehen. Daraufhin wurde die gesamte Familie Mitte 1943 in das KZ-Stutthof verschleppt. Mietek kam in das Internierungs- u. Arbeitslager Lebrechtsdorf-Potulitz\/Potulice und blieb dort bis Januar 1945, f\u00fcr insgesamt vierzehn Monate. Im Alter von vier Jahren erlebte der kleine Mietek die menschenverachtende Situation in einem KZ mit Hunger, Krankheit, Tod und die t\u00e4gliche Angst vor Strafe. Den Sch\u00fclerinnen und Sch\u00fclern erz\u00e4hlte er, dass diese Angst bis heute nachwirkt.<\/p>\n\n\n\n<p>Durch den spitzen Frontverlauf wurde Potulitz schon am 21. Januar 1945 von der Roten Armee befreit. So kam Mietek zu seiner Tante; seine Mutter blieb aber noch bis zum Kriegsende im KZ. Sein Vater \u00fcberlebte das Morden nicht. Nach der Befreiung lebte Mietek zun\u00e4chst drei Monate bei seiner Tante, bis auch seine Mutter heimkehrte. Sie \u00fcberlebte Krieg und KZ gemeinsam mit allen Kindern.<\/p>\n\n\n\n<p>In seiner Familie habe man nicht \u00fcber die Erfahrungen des Krieges gesprochen. \u201eDas Thema war tabu\u201c, erz\u00e4hlte der 83-J\u00e4hrige. Dies sei der Grund, warum er erst nach seinem 60. Lebensjahr begonnen habe, sich als Zeitzeuge zu engagieren: \u201eEs ist kein leichtes Thema \u2013 weder zu h\u00f6ren noch zu erz\u00e4hlen\u201c. Und doch sei es ihm ein wichtiges Anliegen, die Erinnerung wachzuhalten und vor einer Wiederholung der Geschichte zu warnen, denn er sei \u201eeiner der j\u00fcngsten und einer der letzten \u00dcberlebenden\u201c. Hass und Rache seien ihm und seiner Familie zeitlebens fremd gewesen. \u201eIn Auschwitz hat ein H\u00e4ftling in einem Bunker mit den N\u00e4geln an die Wand gekratzt: \u201eUnsere Schatten rufen nicht nach Rache, sondern nach Erinnerung\u2018\u201c, so Grochowski, \u201edas ist meine Aufgabe.\u201c<\/p>\n\n\n\n<p>Nachdem Mieczys\u0142aw Grochowski die Fragen der Sch\u00fclerinnen und Sch\u00fcler beantwortet hatte, verabschiedete er sich mit einem Trompetenst\u00fcck.<\/p>\n\n\n\n<p>Filiz Bulut<br>(Fachsprecherin GL)<\/p>\n","protected":false},"excerpt":{"rendered":"<p>In der Woche zum Holocaust-Gedenktag hat der Fachbereich GL in Kooperation mit dem Verein Stolpersteine Pohlheim e.V. Aktionen geplant, um den Menschen, die im Holocaust umgekommen sind, zu gedenken. Holocaust-Gedenktag an der ARS Die Sch\u00fclerinnen und Sch\u00fcler der Klasse 10d haben an dem Crowdsourcing-Projekt \u201eJeder Name z\u00e4hlt\u201c der Arolsen Archives teilgenehmen. Die Arolsen Archives geh\u00f6ren &hellip; <a href=\"https:\/\/www.ars-pohlheim.net\/?p=10717\" class=\"more-link\"><span class=\"screen-reader-text\">Gedenkaktionen an der Adolf-Reichwein-Schule<\/span> weiterlesen <span class=\"meta-nav\">&rarr;<\/span><\/a><\/p>\n","protected":false},"author":15,"featured_media":0,"comment_status":"closed","ping_status":"closed","sticky":false,"template":"","format":"standard","meta":{"ngg_post_thumbnail":0},"categories":[1],"tags":[],"_links":{"self":[{"href":"https:\/\/www.ars-pohlheim.net\/index.php?rest_route=\/wp\/v2\/posts\/10717"}],"collection":[{"href":"https:\/\/www.ars-pohlheim.net\/index.php?rest_route=\/wp\/v2\/posts"}],"about":[{"href":"https:\/\/www.ars-pohlheim.net\/index.php?rest_route=\/wp\/v2\/types\/post"}],"author":[{"embeddable":true,"href":"https:\/\/www.ars-pohlheim.net\/index.php?rest_route=\/wp\/v2\/users\/15"}],"replies":[{"embeddable":true,"href":"https:\/\/www.ars-pohlheim.net\/index.php?rest_route=%2Fwp%2Fv2%2Fcomments&post=10717"}],"version-history":[{"count":10,"href":"https:\/\/www.ars-pohlheim.net\/index.php?rest_route=\/wp\/v2\/posts\/10717\/revisions"}],"predecessor-version":[{"id":11739,"href":"https:\/\/www.ars-pohlheim.net\/index.php?rest_route=\/wp\/v2\/posts\/10717\/revisions\/11739"}],"wp:attachment":[{"href":"https:\/\/www.ars-pohlheim.net\/index.php?rest_route=%2Fwp%2Fv2%2Fmedia&parent=10717"}],"wp:term":[{"taxonomy":"category","embeddable":true,"href":"https:\/\/www.ars-pohlheim.net\/index.php?rest_route=%2Fwp%2Fv2%2Fcategories&post=10717"},{"taxonomy":"post_tag","embeddable":true,"href":"https:\/\/www.ars-pohlheim.net\/index.php?rest_route=%2Fwp%2Fv2%2Ftags&post=10717"}],"curies":[{"name":"wp","href":"https:\/\/api.w.org\/{rel}","templated":true}]}}