{"id":10683,"date":"2023-01-03T20:32:23","date_gmt":"2023-01-03T19:32:23","guid":{"rendered":"https:\/\/www.ars-pohlheim.net\/?p=10683"},"modified":"2025-01-31T09:43:11","modified_gmt":"2025-01-31T08:43:11","slug":"jugend-entscheidet-es-geht-weiter","status":"publish","type":"post","link":"https:\/\/www.ars-pohlheim.net\/?p=10683","title":{"rendered":"Jugend entscheidet &#8211; Es geht weiter"},"content":{"rendered":"\n<p><strong><em>Teilnahme am Workshoptag \u201eMeet and Work\u201c <\/em><\/strong><br><strong><em>am 20.01.2023 ab 15 Uhr<\/em><\/strong><\/p>\n\n\n\n<p>Liebe Eltern und Erziehungsberechtigte der Jugendlichen aus Pohlheim,<\/p>\n\n\n\n<p>vielleicht haben Sie bereits der Presse entnehmen k\u00f6nnen, dass die Stadt Pohlheim am Projekt \u201eJugend entscheidet\u201c der gemeinn\u00fctzigen Hertie-Stiftung teilnimmt. Jugendliche zwischen 12 und 17 Jahren lernen in diesem Programm durch ein eigens konzipiertes Beteiligungsformat, dass es sich lohnt, sich vor Ort f\u00fcr die Demokratie einzusetzen \u2013 und Kommunalpolitikerinnen  und -politiker erproben Methoden, um junge Menschen f\u00fcr ihre Arbeit zu begeistern.<\/p>\n\n\n\n<div class=\"wp-block-image\"><figure class=\"aligncenter size-full is-resized\"><a href=\"https:\/\/www.ars-pohlheim.net\/wp-content\/uploads\/2023\/01\/Screenshot_20230103_202211.png\"><img loading=\"lazy\" src=\"https:\/\/www.ars-pohlheim.net\/wp-content\/uploads\/2023\/01\/Screenshot_20230103_202211.png\" alt=\"\" class=\"wp-image-10688\" width=\"375\" height=\"534\" srcset=\"https:\/\/www.ars-pohlheim.net\/wp-content\/uploads\/2023\/01\/Screenshot_20230103_202211.png 647w, https:\/\/www.ars-pohlheim.net\/wp-content\/uploads\/2023\/01\/Screenshot_20230103_202211-211x300.png 211w\" sizes=\"(max-width: 375px) 100vw, 375px\" \/><\/a><\/figure><\/div>\n\n\n\n<p>Jetzt startet Teil zwei des Beteiligungsprojektes: Die Jugendlichen sollen ihre Antr\u00e4ge so ausformulieren, dass diese in eine Sitzung der Stadtverordnetenversammlung der Stadt Pohlheim eingereicht werden k\u00f6nnen um dort diskutiert zu werden. Ziel ist es, dass die Kommunalpolitikerinnen und -politiker am Ende \u00fcber die Antr\u00e4ge der Jugendlichen abstimmen.<\/p>\n\n\n\n<p>Der erste Teil des Beteiligungsprozesses, die \u201eThementage\u201c, haben im September 2022 sehr erfolgreich stattgefunden. Etwa 40 teilnehmende Jugendliche haben Ideen entwickelt, was sie sich f\u00fcr ihre Stadt w\u00fcnschen und haben diese in ersten Antr\u00e4gen formuliert.<\/p>\n\n\n\n<p>Wir laden alle Jugendlichen, die bisher an dem Projekt teilgenommen haben und auch interessierte Neue dazu ein, am <strong>20. Januar 2023 ab 15 Uhr in die Volkshalle nach Watzenborn-Steinberg<\/strong> zu kommen, um ihre Ideen und Antr\u00e4ge weiter zu bearbeiten.<\/p>\n\n\n\n<div class=\"wp-block-file\"><a href=\"http:\/\/www.ars-pohlheim.net\/wp-content\/uploads\/2023\/01\/Anmeldung.docx\">Anmeldung<\/a><a href=\"http:\/\/www.ars-pohlheim.net\/wp-content\/uploads\/2023\/01\/Anmeldung.docx\" class=\"wp-block-file__button\" download>Herunterladen<\/a><\/div>\n\n\n\n<p><br>In der Hoffnung auf ein erfolgreiches und nachhaltiges Projekt verbleiben wir<\/p>\n\n\n\n<p>mit freundlichen Gr\u00fc\u00dfen<br><br>Filiz Bulut<br>Fachsprecherin Gesellschaftslehre&nbsp;&nbsp;&nbsp;&nbsp;&nbsp;&nbsp;&nbsp;&nbsp;&nbsp;&nbsp;&nbsp;&nbsp;&nbsp;&nbsp;&nbsp;&nbsp;&nbsp;&nbsp;&nbsp;&nbsp;&nbsp;&nbsp;&nbsp;&nbsp;&nbsp;&nbsp;&nbsp;&nbsp;&nbsp;&nbsp;&nbsp;&nbsp;&nbsp;&nbsp;&nbsp;&nbsp;&nbsp;&nbsp;&nbsp;&nbsp;&nbsp;&nbsp;&nbsp;&nbsp;&nbsp;&nbsp;&nbsp;&nbsp;&nbsp;&nbsp;&nbsp;&nbsp;&nbsp;&nbsp;&nbsp;&nbsp;&nbsp;&nbsp;&nbsp;&nbsp;&nbsp;&nbsp;&nbsp;&nbsp;&nbsp;&nbsp;&nbsp;&nbsp;&nbsp;<\/p>\n\n\n\n<p>&nbsp;Elke Leyrer&nbsp;<br> Jugendpflegerin Pohlheim und Mitglied des kommunalen Teams&nbsp;<\/p>\n\n\n\n<p>&nbsp;&nbsp;&nbsp;&nbsp;&nbsp;<\/p>\n\n\n\n<p><\/p>\n","protected":false},"excerpt":{"rendered":"<p>Teilnahme am Workshoptag \u201eMeet and Work\u201c am 20.01.2023 ab 15 Uhr Liebe Eltern und Erziehungsberechtigte der Jugendlichen aus Pohlheim, vielleicht haben Sie bereits der Presse entnehmen k\u00f6nnen, dass die Stadt Pohlheim am Projekt \u201eJugend entscheidet\u201c der gemeinn\u00fctzigen Hertie-Stiftung teilnimmt. Jugendliche zwischen 12 und 17 Jahren lernen in diesem Programm durch ein eigens konzipiertes Beteiligungsformat, dass &hellip; <a href=\"https:\/\/www.ars-pohlheim.net\/?p=10683\" class=\"more-link\"><span class=\"screen-reader-text\">Jugend entscheidet &#8211; Es geht weiter<\/span> weiterlesen <span class=\"meta-nav\">&rarr;<\/span><\/a><\/p>\n","protected":false},"author":15,"featured_media":0,"comment_status":"closed","ping_status":"closed","sticky":false,"template":"","format":"standard","meta":{"ngg_post_thumbnail":0},"categories":[1],"tags":[],"_links":{"self":[{"href":"https:\/\/www.ars-pohlheim.net\/index.php?rest_route=\/wp\/v2\/posts\/10683"}],"collection":[{"href":"https:\/\/www.ars-pohlheim.net\/index.php?rest_route=\/wp\/v2\/posts"}],"about":[{"href":"https:\/\/www.ars-pohlheim.net\/index.php?rest_route=\/wp\/v2\/types\/post"}],"author":[{"embeddable":true,"href":"https:\/\/www.ars-pohlheim.net\/index.php?rest_route=\/wp\/v2\/users\/15"}],"replies":[{"embeddable":true,"href":"https:\/\/www.ars-pohlheim.net\/index.php?rest_route=%2Fwp%2Fv2%2Fcomments&post=10683"}],"version-history":[{"count":8,"href":"https:\/\/www.ars-pohlheim.net\/index.php?rest_route=\/wp\/v2\/posts\/10683\/revisions"}],"predecessor-version":[{"id":11718,"href":"https:\/\/www.ars-pohlheim.net\/index.php?rest_route=\/wp\/v2\/posts\/10683\/revisions\/11718"}],"wp:attachment":[{"href":"https:\/\/www.ars-pohlheim.net\/index.php?rest_route=%2Fwp%2Fv2%2Fmedia&parent=10683"}],"wp:term":[{"taxonomy":"category","embeddable":true,"href":"https:\/\/www.ars-pohlheim.net\/index.php?rest_route=%2Fwp%2Fv2%2Fcategories&post=10683"},{"taxonomy":"post_tag","embeddable":true,"href":"https:\/\/www.ars-pohlheim.net\/index.php?rest_route=%2Fwp%2Fv2%2Ftags&post=10683"}],"curies":[{"name":"wp","href":"https:\/\/api.w.org\/{rel}","templated":true}]}}