{"id":10603,"date":"2022-11-11T05:12:21","date_gmt":"2022-11-11T04:12:21","guid":{"rendered":"https:\/\/www.ars-pohlheim.net\/?p=10603"},"modified":"2022-11-18T10:59:32","modified_gmt":"2022-11-18T09:59:32","slug":"geschichten-geschichten-geschichten","status":"publish","type":"post","link":"https:\/\/www.ars-pohlheim.net\/?p=10603","title":{"rendered":"Geschichten, Geschichten, Geschichten \u2026"},"content":{"rendered":"\n<p><strong>Besondere Lesung in der Aula<\/strong><\/p>\n\n\n\n<p>Am vergangenen Dienstag, den 08.11.2022, fand das Schreibprojekt \u201eLautschriften &#8211; Vom Film zum Buch\u201c mit einer Lesung in der Aula seinen kr\u00f6nenden Abschluss.<\/p>\n\n\n\n<p>Erneut hatten sich Sch\u00fcler zusammengefunden, um an mehreren Nachmittagen Geschichten zu schreiben.<\/p>\n\n\n\n<p>Dank der fachkundigen Anleitung von Jutta Wilke, Autorin aus Hanau, entstanden jede Menge der unterschiedlichsten Geschichten. Die Gruppe bekam Tipps, wie man zu einer Schreibidee kommt, was man alles ausprobieren kann, wie man anschaulich schreibt, Spannung erzeugt und zum Schluss einen Text hat, der nicht nur einem selbst gef\u00e4llt.<\/p>\n\n\n\n<figure class=\"wp-block-gallery columns-2 is-cropped\"><ul class=\"blocks-gallery-grid\"><li class=\"blocks-gallery-item\"><figure><img loading=\"lazy\" width=\"768\" height=\"1024\" src=\"https:\/\/www.ars-pohlheim.net\/wp-content\/uploads\/2022\/11\/IMG_20221108_182830-768x1024.jpg\" alt=\"\" data-id=\"10604\" data-full-url=\"https:\/\/www.ars-pohlheim.net\/wp-content\/uploads\/2022\/11\/IMG_20221108_182830-scaled.jpg\" data-link=\"https:\/\/www.ars-pohlheim.net\/?attachment_id=10604\" class=\"wp-image-10604\" srcset=\"https:\/\/www.ars-pohlheim.net\/wp-content\/uploads\/2022\/11\/IMG_20221108_182830-768x1024.jpg 768w, https:\/\/www.ars-pohlheim.net\/wp-content\/uploads\/2022\/11\/IMG_20221108_182830-225x300.jpg 225w, https:\/\/www.ars-pohlheim.net\/wp-content\/uploads\/2022\/11\/IMG_20221108_182830-1152x1536.jpg 1152w, https:\/\/www.ars-pohlheim.net\/wp-content\/uploads\/2022\/11\/IMG_20221108_182830-1536x2048.jpg 1536w, https:\/\/www.ars-pohlheim.net\/wp-content\/uploads\/2022\/11\/IMG_20221108_182830-scaled.jpg 1920w\" sizes=\"(max-width: 768px) 100vw, 768px\" \/><\/figure><\/li><li class=\"blocks-gallery-item\"><figure><img loading=\"lazy\" width=\"768\" height=\"1024\" src=\"https:\/\/www.ars-pohlheim.net\/wp-content\/uploads\/2022\/11\/IMG_20221108_182619_edit_61689217133813-768x1024.jpg\" alt=\"\" data-id=\"10605\" data-full-url=\"https:\/\/www.ars-pohlheim.net\/wp-content\/uploads\/2022\/11\/IMG_20221108_182619_edit_61689217133813-scaled.jpg\" data-link=\"https:\/\/www.ars-pohlheim.net\/?attachment_id=10605\" class=\"wp-image-10605\" srcset=\"https:\/\/www.ars-pohlheim.net\/wp-content\/uploads\/2022\/11\/IMG_20221108_182619_edit_61689217133813-768x1024.jpg 768w, https:\/\/www.ars-pohlheim.net\/wp-content\/uploads\/2022\/11\/IMG_20221108_182619_edit_61689217133813-225x300.jpg 225w, https:\/\/www.ars-pohlheim.net\/wp-content\/uploads\/2022\/11\/IMG_20221108_182619_edit_61689217133813-1152x1536.jpg 1152w, https:\/\/www.ars-pohlheim.net\/wp-content\/uploads\/2022\/11\/IMG_20221108_182619_edit_61689217133813-1536x2048.jpg 1536w, https:\/\/www.ars-pohlheim.net\/wp-content\/uploads\/2022\/11\/IMG_20221108_182619_edit_61689217133813-scaled.jpg 1920w\" sizes=\"(max-width: 768px) 100vw, 768px\" \/><\/figure><\/li><\/ul><\/figure>\n\n\n\n<p>Dass dies den Schreibenden gelungen war, konnte bei der Lesung direkt erlebt werden.<\/p>\n\n\n\n<p>Johanna Schwab (7c), Lucie Lemcke (8a), Linus Pitzki (8b), Samira Schulz (8b), Karla Joulan (8d), Joelina Rost (10a) und Anieke Noorda (10d) bekamen sehr viel Beifall f\u00fcr ihre Geschichten, die sie selbst vorlasen (Klara Jung (6e) und Julia Krause (6e) waren leider verhindert).<\/p>\n\n\n\n<p>Ein ganz gro\u00dfer Applaus ging auch an Jutta Wilke, die nicht nur die Nachwuchsautorinnen und den Nachwuchsautor betreut und immer wieder motiviert hatte, sondern auch den Abend informativ und erfrischend moderierte.<\/p>\n\n\n\n<div class=\"wp-block-image\"><figure class=\"aligncenter size-large is-resized\"><img loading=\"lazy\" src=\"https:\/\/www.ars-pohlheim.net\/wp-content\/uploads\/2022\/11\/IMG_20221108_191321_edit_61413446017710-696x1024.jpg\" alt=\"\" class=\"wp-image-10608\" width=\"268\" height=\"394\" srcset=\"https:\/\/www.ars-pohlheim.net\/wp-content\/uploads\/2022\/11\/IMG_20221108_191321_edit_61413446017710-696x1024.jpg 696w, https:\/\/www.ars-pohlheim.net\/wp-content\/uploads\/2022\/11\/IMG_20221108_191321_edit_61413446017710-204x300.jpg 204w, https:\/\/www.ars-pohlheim.net\/wp-content\/uploads\/2022\/11\/IMG_20221108_191321_edit_61413446017710-768x1131.jpg 768w, https:\/\/www.ars-pohlheim.net\/wp-content\/uploads\/2022\/11\/IMG_20221108_191321_edit_61413446017710-1043x1536.jpg 1043w, https:\/\/www.ars-pohlheim.net\/wp-content\/uploads\/2022\/11\/IMG_20221108_191321_edit_61413446017710-1391x2048.jpg 1391w, https:\/\/www.ars-pohlheim.net\/wp-content\/uploads\/2022\/11\/IMG_20221108_191321_edit_61413446017710-scaled.jpg 1739w\" sizes=\"(max-width: 268px) 100vw, 268px\" \/><\/figure><\/div>\n\n\n\n<p>Zum Schluss erhielten alle als Erinnerung Hefte mit ihren gedruckten Geschichten.<\/p>\n\n\n\n<p>Der Abend schloss mit einem Blumenstrau\u00df und einer Festschrift \u201e50 Jahre Adolf-Reichwein-Schule\u201c f\u00fcr Frau Wilke und einem Imbiss f\u00fcr alle, den Nick Heitmann zusammen mit Sch\u00fclern des Jahrgangs 8 zubereitet hatte und der ebenfalls f\u00fcr strahlende Gesichter sorgte.<\/p>\n\n\n\n<div class=\"wp-block-image\"><figure class=\"aligncenter size-large is-resized\"><img loading=\"lazy\" src=\"https:\/\/www.ars-pohlheim.net\/wp-content\/uploads\/2022\/11\/IMG_20221108_193849-1024x768.jpg\" alt=\"\" class=\"wp-image-10609\" width=\"486\" height=\"365\" srcset=\"https:\/\/www.ars-pohlheim.net\/wp-content\/uploads\/2022\/11\/IMG_20221108_193849-1024x768.jpg 1024w, https:\/\/www.ars-pohlheim.net\/wp-content\/uploads\/2022\/11\/IMG_20221108_193849-300x225.jpg 300w, https:\/\/www.ars-pohlheim.net\/wp-content\/uploads\/2022\/11\/IMG_20221108_193849-768x576.jpg 768w, https:\/\/www.ars-pohlheim.net\/wp-content\/uploads\/2022\/11\/IMG_20221108_193849-1536x1152.jpg 1536w, https:\/\/www.ars-pohlheim.net\/wp-content\/uploads\/2022\/11\/IMG_20221108_193849-2048x1536.jpg 2048w\" sizes=\"(max-width: 486px) 100vw, 486px\" \/><\/figure><\/div>\n\n\n\n<p>Erm\u00f6glicht wurde dies alles vom \u201eHessischen Literaturhaus im Mousonturm e.V.\u201c (Helene Sindl) und vom \u201eHessischen Ministerium f\u00fcr Wissenschaft und Kultur\u201c, das dieses au\u00dferordentlich motivierende Projekt finanziell unterst\u00fctzte.<\/p>\n\n\n\n<p>Almut Peters<br>Fachleitung Deutsch<\/p>\n\n\n\n<p><a rel=\"noreferrer noopener\" href=\"http:\/\/www.ars-pohlheim.net\/wp-content\/uploads\/2022\/11\/Pohlheimer-Nachrichten-17.11.2022.pdf\" target=\"_blank\">Bericht in den Pohlheimer Nachrichten<\/a>, 17.11.22<br><a href=\"http:\/\/www.ars-pohlheim.net\/wp-content\/uploads\/2022\/11\/Gi.-Allgemeine-15.11.2022.pdf\">Bericht in der Gie\u00dfener Allgemeinen Zeitung, <\/a> 15.11.22<\/p>\n","protected":false},"excerpt":{"rendered":"<p>Besondere Lesung in der Aula Am vergangenen Dienstag, den 08.11.2022, fand das Schreibprojekt \u201eLautschriften &#8211; Vom Film zum Buch\u201c mit einer Lesung in der Aula seinen kr\u00f6nenden Abschluss. Erneut hatten sich Sch\u00fcler zusammengefunden, um an mehreren Nachmittagen Geschichten zu schreiben. Dank der fachkundigen Anleitung von Jutta Wilke, Autorin aus Hanau, entstanden jede Menge der unterschiedlichsten &hellip; <a href=\"https:\/\/www.ars-pohlheim.net\/?p=10603\" class=\"more-link\"><span class=\"screen-reader-text\">Geschichten, Geschichten, Geschichten \u2026<\/span> weiterlesen <span class=\"meta-nav\">&rarr;<\/span><\/a><\/p>\n","protected":false},"author":15,"featured_media":0,"comment_status":"closed","ping_status":"closed","sticky":false,"template":"","format":"standard","meta":{"ngg_post_thumbnail":0},"categories":[1],"tags":[],"_links":{"self":[{"href":"https:\/\/www.ars-pohlheim.net\/index.php?rest_route=\/wp\/v2\/posts\/10603"}],"collection":[{"href":"https:\/\/www.ars-pohlheim.net\/index.php?rest_route=\/wp\/v2\/posts"}],"about":[{"href":"https:\/\/www.ars-pohlheim.net\/index.php?rest_route=\/wp\/v2\/types\/post"}],"author":[{"embeddable":true,"href":"https:\/\/www.ars-pohlheim.net\/index.php?rest_route=\/wp\/v2\/users\/15"}],"replies":[{"embeddable":true,"href":"https:\/\/www.ars-pohlheim.net\/index.php?rest_route=%2Fwp%2Fv2%2Fcomments&post=10603"}],"version-history":[{"count":4,"href":"https:\/\/www.ars-pohlheim.net\/index.php?rest_route=\/wp\/v2\/posts\/10603\/revisions"}],"predecessor-version":[{"id":10626,"href":"https:\/\/www.ars-pohlheim.net\/index.php?rest_route=\/wp\/v2\/posts\/10603\/revisions\/10626"}],"wp:attachment":[{"href":"https:\/\/www.ars-pohlheim.net\/index.php?rest_route=%2Fwp%2Fv2%2Fmedia&parent=10603"}],"wp:term":[{"taxonomy":"category","embeddable":true,"href":"https:\/\/www.ars-pohlheim.net\/index.php?rest_route=%2Fwp%2Fv2%2Fcategories&post=10603"},{"taxonomy":"post_tag","embeddable":true,"href":"https:\/\/www.ars-pohlheim.net\/index.php?rest_route=%2Fwp%2Fv2%2Ftags&post=10603"}],"curies":[{"name":"wp","href":"https:\/\/api.w.org\/{rel}","templated":true}]}}