{"id":10506,"date":"2022-09-12T15:15:33","date_gmt":"2022-09-12T13:15:33","guid":{"rendered":"https:\/\/www.ars-pohlheim.net\/?p=10506"},"modified":"2022-09-12T15:15:36","modified_gmt":"2022-09-12T13:15:36","slug":"problem-behoben","status":"publish","type":"post","link":"https:\/\/www.ars-pohlheim.net\/?p=10506","title":{"rendered":"Problem behoben!"},"content":{"rendered":"\n<p>Ab morgen fr\u00fch fahren die Busse der Lininen 32 und 35 aus Linden und Langg\u00f6ns kommend wieder nach dem regul\u00e4ren Fahrplan.<\/p>\n\n\n\n<p><\/p>\n\n\n\n<p>Petra Br\u00fcll, Schulleiterin<\/p>\n","protected":false},"excerpt":{"rendered":"<p>Ab morgen fr\u00fch fahren die Busse der Lininen 32 und 35 aus Linden und Langg\u00f6ns kommend wieder nach dem regul\u00e4ren Fahrplan. Petra Br\u00fcll, Schulleiterin<\/p>\n","protected":false},"author":10,"featured_media":0,"comment_status":"closed","ping_status":"closed","sticky":false,"template":"","format":"standard","meta":{"ngg_post_thumbnail":0},"categories":[1],"tags":[],"_links":{"self":[{"href":"https:\/\/www.ars-pohlheim.net\/index.php?rest_route=\/wp\/v2\/posts\/10506"}],"collection":[{"href":"https:\/\/www.ars-pohlheim.net\/index.php?rest_route=\/wp\/v2\/posts"}],"about":[{"href":"https:\/\/www.ars-pohlheim.net\/index.php?rest_route=\/wp\/v2\/types\/post"}],"author":[{"embeddable":true,"href":"https:\/\/www.ars-pohlheim.net\/index.php?rest_route=\/wp\/v2\/users\/10"}],"replies":[{"embeddable":true,"href":"https:\/\/www.ars-pohlheim.net\/index.php?rest_route=%2Fwp%2Fv2%2Fcomments&post=10506"}],"version-history":[{"count":1,"href":"https:\/\/www.ars-pohlheim.net\/index.php?rest_route=\/wp\/v2\/posts\/10506\/revisions"}],"predecessor-version":[{"id":10507,"href":"https:\/\/www.ars-pohlheim.net\/index.php?rest_route=\/wp\/v2\/posts\/10506\/revisions\/10507"}],"wp:attachment":[{"href":"https:\/\/www.ars-pohlheim.net\/index.php?rest_route=%2Fwp%2Fv2%2Fmedia&parent=10506"}],"wp:term":[{"taxonomy":"category","embeddable":true,"href":"https:\/\/www.ars-pohlheim.net\/index.php?rest_route=%2Fwp%2Fv2%2Fcategories&post=10506"},{"taxonomy":"post_tag","embeddable":true,"href":"https:\/\/www.ars-pohlheim.net\/index.php?rest_route=%2Fwp%2Fv2%2Ftags&post=10506"}],"curies":[{"name":"wp","href":"https:\/\/api.w.org\/{rel}","templated":true}]}}