{"id":10500,"date":"2022-09-12T09:55:53","date_gmt":"2022-09-12T07:55:53","guid":{"rendered":"https:\/\/www.ars-pohlheim.net\/?p=10500"},"modified":"2022-09-12T09:55:55","modified_gmt":"2022-09-12T07:55:55","slug":"probleme-mit-den-buslinien-32-und-35","status":"publish","type":"post","link":"https:\/\/www.ars-pohlheim.net\/?p=10500","title":{"rendered":"Probleme mit den Buslinien 32 und 35"},"content":{"rendered":"\n<p>Liebe Schulgemeinde,<\/p>\n\n\n\n<p>wir wurden am heutigen Abend von der Verkehrsgesellschaft dar\u00fcber informiert, dass es aller Voraussicht nach morgen fr\u00fch ein gr\u00f6\u00dferes Problem mit den Linien 32 und 35 (Linden\/Langg\u00f6ns) geben wird. <\/p>\n\n\n\n<p>Alle vier Busse der Firma Weber sind Opfer eines sinnlosen Vandalismus-Anschlags geworden und damit morgen fr\u00fch nicht einsetzbar. Die Firma wird zwar versuchen Reisebusse oder dergleichen zu mobilisieren, die regul\u00e4re Busverbindung ist aber wohl keinesfalls leistbar.<\/p>\n\n\n\n<p>Wenn es Ihnen m\u00f6glich ist, geben Sie diese Info bitte noch an m\u00f6glichst viele Betroffene weiter, um kurzfristige L\u00f6sungen zu finden. <\/p>\n\n\n\n<p>Herzlichen Dank vorab, <\/p>\n\n\n\n<p>Petra Br\u00fcll<br>(Schulleiterin)<\/p>\n","protected":false},"excerpt":{"rendered":"<p>Liebe Schulgemeinde, wir wurden am heutigen Abend von der Verkehrsgesellschaft dar\u00fcber informiert, dass es aller Voraussicht nach morgen fr\u00fch ein gr\u00f6\u00dferes Problem mit den Linien 32 und 35 (Linden\/Langg\u00f6ns) geben wird. Alle vier Busse der Firma Weber sind Opfer eines sinnlosen Vandalismus-Anschlags geworden und damit morgen fr\u00fch nicht einsetzbar. Die Firma wird zwar versuchen Reisebusse &hellip; <a href=\"https:\/\/www.ars-pohlheim.net\/?p=10500\" class=\"more-link\"><span class=\"screen-reader-text\">Probleme mit den Buslinien 32 und 35<\/span> weiterlesen <span class=\"meta-nav\">&rarr;<\/span><\/a><\/p>\n","protected":false},"author":15,"featured_media":0,"comment_status":"closed","ping_status":"closed","sticky":false,"template":"","format":"standard","meta":{"ngg_post_thumbnail":0},"categories":[1],"tags":[],"_links":{"self":[{"href":"https:\/\/www.ars-pohlheim.net\/index.php?rest_route=\/wp\/v2\/posts\/10500"}],"collection":[{"href":"https:\/\/www.ars-pohlheim.net\/index.php?rest_route=\/wp\/v2\/posts"}],"about":[{"href":"https:\/\/www.ars-pohlheim.net\/index.php?rest_route=\/wp\/v2\/types\/post"}],"author":[{"embeddable":true,"href":"https:\/\/www.ars-pohlheim.net\/index.php?rest_route=\/wp\/v2\/users\/15"}],"replies":[{"embeddable":true,"href":"https:\/\/www.ars-pohlheim.net\/index.php?rest_route=%2Fwp%2Fv2%2Fcomments&post=10500"}],"version-history":[{"count":2,"href":"https:\/\/www.ars-pohlheim.net\/index.php?rest_route=\/wp\/v2\/posts\/10500\/revisions"}],"predecessor-version":[{"id":10502,"href":"https:\/\/www.ars-pohlheim.net\/index.php?rest_route=\/wp\/v2\/posts\/10500\/revisions\/10502"}],"wp:attachment":[{"href":"https:\/\/www.ars-pohlheim.net\/index.php?rest_route=%2Fwp%2Fv2%2Fmedia&parent=10500"}],"wp:term":[{"taxonomy":"category","embeddable":true,"href":"https:\/\/www.ars-pohlheim.net\/index.php?rest_route=%2Fwp%2Fv2%2Fcategories&post=10500"},{"taxonomy":"post_tag","embeddable":true,"href":"https:\/\/www.ars-pohlheim.net\/index.php?rest_route=%2Fwp%2Fv2%2Ftags&post=10500"}],"curies":[{"name":"wp","href":"https:\/\/api.w.org\/{rel}","templated":true}]}}